{"id":16604,"date":"2020-07-28T15:04:55","date_gmt":"2020-07-28T15:04:55","guid":{"rendered":"http:\/\/cueroamerica.info\/wpnews\/?p=16604"},"modified":"2020-07-28T15:04:55","modified_gmt":"2020-07-28T15:04:55","slug":"las-tiendas-de-barcelona-solo-pueden-recibir-a-sus-clientes-con-una-cita-previa","status":"publish","type":"post","link":"http:\/\/cueroamerica.info\/wpnews\/2020\/07\/las-tiendas-de-barcelona-solo-pueden-recibir-a-sus-clientes-con-una-cita-previa\/","title":{"rendered":"Las tiendas de Barcelona s\u00f3lo pueden recibir a sus clientes con una cita previa"},"content":{"rendered":"<p><a href=\"http:\/\/cueroamerica.info\/wpnews\/wp-content\/uploads\/2020\/07\/images-.jpg\"><img loading=\"lazy\" decoding=\"async\" class=\" wp-image-16582 alignright\" src=\"http:\/\/cueroamerica.info\/wpnews\/wp-content\/uploads\/2020\/07\/images-.jpg\" alt=\"\" width=\"247\" height=\"139\" \/><\/a>En busca de controlar los rebrotes de coronavirus en la ciudad y su \u00e1rea metropolitana, Barcelona (Espa\u00f1a) restringe el comercio y s\u00f3lo podr\u00e1 recibir clientes con cita previa. La medida se aplica a la capital catalana y su \u00e1rea metropolitana y tendr\u00e1 una duraci\u00f3n de quince d\u00edas desde que se publique en el Diari Oficial de la Generalitat de Catalunya (Dogc).<\/p>\n<p>La situaci\u00f3n en Barcelona se ha agravado y el gobierno auton\u00f3mico ha debido retrotraer la situaci\u00f3n de apertura. Por esto, el comercio no esencial, incluidas las tiendas de moda, podr\u00e1n abrir \u00fanicamente con cita previa durante los pr\u00f3ximos quince d\u00edas, seg\u00fan explic\u00f3 Meritxell Bud\u00f3, portavoz del Gobierno catal\u00e1n.<\/p>\n<p>El gobierno auton\u00f3mico recomienda a los ciudadanos no salir de casa salvo para actividades esenciales y ha hecho un llamamiento a la responsabilidad individual \u201cSe act\u00faa ahora para evitar actuar m\u00e1s adelante y de una forma m\u00e1s estricta\u201d, ha se\u00f1alado Bud\u00f3.<\/p>\n<p>\u201cEl comercio puede permanecer abierto\u201d, destac\u00f3 Bud\u00f3. \u201cEl de primera necesidad funcionar\u00e1 como ven\u00eda funcionando, y el resto se permitir\u00e1 pero siempre con cita previa o aviso previo\u201d, apunt\u00f3.<\/p>\n<p><a href=\"http:\/\/cueroamerica.info\/wpnews\/wp-content\/uploads\/2020\/07\/COVID-FASHION.jpg\"><img loading=\"lazy\" decoding=\"async\" class=\"alignleft wp-image-16571\" src=\"http:\/\/cueroamerica.info\/wpnews\/wp-content\/uploads\/2020\/07\/COVID-FASHION-300x200.jpg\" alt=\"\" width=\"248\" height=\"165\" srcset=\"http:\/\/cueroamerica.info\/wpnews\/wp-content\/uploads\/2020\/07\/COVID-FASHION-300x200.jpg 300w, http:\/\/cueroamerica.info\/wpnews\/wp-content\/uploads\/2020\/07\/COVID-FASHION-768x511.jpg 768w, http:\/\/cueroamerica.info\/wpnews\/wp-content\/uploads\/2020\/07\/COVID-FASHION.jpg 1024w\" sizes=\"auto, (max-width: 248px) 100vw, 248px\" \/><\/a>La restricci\u00f3n forma parte de un paquete de medidas para controlar los rebrotes de coronavirus en la ciudad y su \u00e1rea metropolitana. En concreto, las medidas ser\u00e1n de aplicaci\u00f3n en Viladecans, el Prat de Llobregat, Sant Joan Desp\u00ed, Sant Boi de Llobregat, Cornell\u00e0, Sant Just Desvern, Esplugues de Llobregat, L\u2019Hospitalet de Llobregat, Montcada i Rexach, Santa Coloma de Gramanet, Sant Adri\u00e0 de Bes\u00f3s y Badalona.<\/p>\n<p>\u201cSe act\u00faa ahora para evitar actuar m\u00e1s adelante y de una forma m\u00e1s estricta\u201d<\/p>\n<p>La medida entrar\u00e1 en vigor cuando se publique en el Diari Oficial de la Generalitat de Catalunya (Dogc) y tendr\u00e1 una duraci\u00f3n de quince d\u00edas. En el comercio, tambi\u00e9n se recomienda evitar el contacto con el p\u00fablico.<\/p>\n<p>Adem\u00e1s, en los restaurantes se limitar\u00e1 el aforo al 50% en el interior y se prohibir\u00e1 el servicio en barra, mientras que en las terrazas habr\u00e1 que mantener la distancia de seguridad de dos metros. Los gimnasios, centros de ocio nocturno y actividades culturales se cerrar\u00e1n.<\/p>\n<p>La capital catalana se suma as\u00ed a las medidas tomadas en Lleida, que fue el primer foco de contagios en Catalu\u00f1a y donde las medidas ya se aplicaron el jueves.<\/p>\n<p>El comercio en Espa\u00f1a permaneci\u00f3 cerrado durante casi tres meses, desde que se decret\u00f3 el estado de alarma el pasado 14 de marzo hasta que comenzaron a levantarse las restricciones a principios de mayo.<\/p>\n<p>Entonces, en una primera fase se permiti\u00f3 abrir tambi\u00e9n s\u00f3lo con cita previa, pero fueron pocas las tiendas que lo hicieron. Ahora, la situaci\u00f3n es diferente porque gran parte del personal de tienda ha sido ya recuperado de los expedientes de regulaci\u00f3n temporal de empleo.<br \/>\n&#8212;&#8212;&#8212;&#8212;&#8212;&#8212;&#8212;&#8212;&#8212;&#8212;&#8212;&#8212;<br \/>\nMODAES \/ CueroAm\u00e9rica<\/p>\n<p>&#8212;&#8212;&#8212;&#8212;&#8212;&#8212;&#8212;&#8212;&#8212;&#8212;&#8212;&#8212;&#8212;&#8212;&#8212;&#8211;<br \/>\nPara comunicarse con CueroAm\u00e9rica: <span style=\"color: #3366ff;\"><a style=\"color: #3366ff;\" href=\"mailto:contacto@cueroamerica.com\">contacto@cueroamerica.com<\/a><\/span><\/p>\n<table>\n<tbody>\n<tr>\n<td width=\"300\"><a href=\"http:\/\/bit.ly\/2p9UM5w\" target=\"_blank\" rel=\"noopener noreferrer\"><img loading=\"lazy\" decoding=\"async\" src=\"\/img\/publicidad\/aplfmarabr2021_300x200.gif\" width=\"300\" height=\"200\" \/><\/a><\/td>\n<td width=\"171\"><a href=\"https:\/\/www.smitzoon.com\/en\/\" target=\"_blank\" rel=\"noopener noreferrer\"><img decoding=\"async\" src=\"\/img\/publicidad\/sz2020a.gif\" \/><\/a><\/td>\n<\/tr>\n<\/tbody>\n<\/table>\n","protected":false},"excerpt":{"rendered":"<p>En busca de controlar los rebrotes de coronavirus en la ciudad y su \u00e1rea metropolitana, Barcelona (Espa\u00f1a) restringe el comercio y s\u00f3lo podr\u00e1 recibir clientes con cita previa. La medida se aplica a la capital catalana y su \u00e1rea metropolitana y tendr\u00e1 una duraci\u00f3n de quince d\u00edas desde que se publique en el Diari Oficial [&hellip;]<\/p>\n","protected":false},"author":4,"featured_media":0,"comment_status":"closed","ping_status":"closed","sticky":false,"template":"","format":"standard","meta":{"footnotes":""},"categories":[80,63],"tags":[],"class_list":["post-16604","post","type-post","status-publish","format-standard","hentry","category-crisis","category-noticias-de-europa","count-0","even alt","author-","last"],"_links":{"self":[{"href":"http:\/\/cueroamerica.info\/wpnews\/wp-json\/wp\/v2\/posts\/16604","targetHints":{"allow":["GET"]}}],"collection":[{"href":"http:\/\/cueroamerica.info\/wpnews\/wp-json\/wp\/v2\/posts"}],"about":[{"href":"http:\/\/cueroamerica.info\/wpnews\/wp-json\/wp\/v2\/types\/post"}],"author":[{"embeddable":true,"href":"http:\/\/cueroamerica.info\/wpnews\/wp-json\/wp\/v2\/users\/4"}],"replies":[{"embeddable":true,"href":"http:\/\/cueroamerica.info\/wpnews\/wp-json\/wp\/v2\/comments?post=16604"}],"version-history":[{"count":1,"href":"http:\/\/cueroamerica.info\/wpnews\/wp-json\/wp\/v2\/posts\/16604\/revisions"}],"predecessor-version":[{"id":16605,"href":"http:\/\/cueroamerica.info\/wpnews\/wp-json\/wp\/v2\/posts\/16604\/revisions\/16605"}],"wp:attachment":[{"href":"http:\/\/cueroamerica.info\/wpnews\/wp-json\/wp\/v2\/media?parent=16604"}],"wp:term":[{"taxonomy":"category","embeddable":true,"href":"http:\/\/cueroamerica.info\/wpnews\/wp-json\/wp\/v2\/categories?post=16604"},{"taxonomy":"post_tag","embeddable":true,"href":"http:\/\/cueroamerica.info\/wpnews\/wp-json\/wp\/v2\/tags?post=16604"}],"curies":[{"name":"wp","href":"https:\/\/api.w.org\/{rel}","templated":true}]}}