{"id":16626,"date":"2020-08-07T13:30:51","date_gmt":"2020-08-07T13:30:51","guid":{"rendered":"http:\/\/cueroamerica.info\/wpnews\/?p=16626"},"modified":"2020-08-11T14:29:09","modified_gmt":"2020-08-11T14:29:09","slug":"micam-americas-digital-abre-una-nueva-era-en-las-ferias-internacionales-del-calzado","status":"publish","type":"post","link":"http:\/\/cueroamerica.info\/wpnews\/2020\/08\/micam-americas-digital-abre-una-nueva-era-en-las-ferias-internacionales-del-calzado\/","title":{"rendered":"MICAM Americas Digital abre una nueva era en las ferias internacionales del calzado"},"content":{"rendered":"<p><a href=\"http:\/\/cueroamerica.info\/wpnews\/wp-content\/uploads\/2020\/08\/module-buysell-graphic-2.png\"><img loading=\"lazy\" decoding=\"async\" class=\"wp-image-16640 alignright\" src=\"http:\/\/cueroamerica.info\/wpnews\/wp-content\/uploads\/2020\/08\/module-buysell-graphic-2-300x160.png\" alt=\"\" width=\"246\" height=\"131\" srcset=\"http:\/\/cueroamerica.info\/wpnews\/wp-content\/uploads\/2020\/08\/module-buysell-graphic-2-300x160.png 300w, http:\/\/cueroamerica.info\/wpnews\/wp-content\/uploads\/2020\/08\/module-buysell-graphic-2-768x409.png 768w, http:\/\/cueroamerica.info\/wpnews\/wp-content\/uploads\/2020\/08\/module-buysell-graphic-2-1024x545.png 1024w, http:\/\/cueroamerica.info\/wpnews\/wp-content\/uploads\/2020\/08\/module-buysell-graphic-2.png 1105w\" sizes=\"auto, (max-width: 246px) 100vw, 246px\" \/><\/a><\/p>\n<p>La primera edici\u00f3n de MICAM Americas ser\u00e1 una feria totalmente digital, un evento comercial universal, que funcionar\u00e1 desde el 1 de septiembre al 1 de noviembre de 2020. Este sal\u00f3n ser\u00e1 el mercado digital B2B m\u00e1s grande para la comunidad internacional de moda y calzado y tendr\u00e1 una duraci\u00f3n de ocho semanas. El evento est\u00e1 gestionado por Informa Markets, el organizador de ferias m\u00e1s grande del mundo, y es el debut de la nueva asociaci\u00f3n MICAM Milano.<\/p>\n<p>MICAM Americas, que en el futuro tendr\u00e1 su sede f\u00edsica en Las Vegas, EE.UU., esta planificada como una gran oportunidad para los minoristas de todo el mundo, porque durante esas ocho semanas hallar\u00e1n una amplia gama de marcas y fabricantes de calzado y moda.<\/p>\n<div id=\"attachment_16611\" style=\"width: 230px\" class=\"wp-caption alignleft\"><a href=\"http:\/\/cueroamerica.info\/wpnews\/wp-content\/uploads\/2020\/08\/MICAM-Digital_2.jpg\"><img loading=\"lazy\" decoding=\"async\" aria-describedby=\"caption-attachment-16611\" class=\" wp-image-16611\" src=\"http:\/\/cueroamerica.info\/wpnews\/wp-content\/uploads\/2020\/08\/MICAM-Digital_2-300x225.jpg\" alt=\"\" width=\"220\" height=\"165\" srcset=\"http:\/\/cueroamerica.info\/wpnews\/wp-content\/uploads\/2020\/08\/MICAM-Digital_2-300x225.jpg 300w, http:\/\/cueroamerica.info\/wpnews\/wp-content\/uploads\/2020\/08\/MICAM-Digital_2-768x576.jpg 768w, http:\/\/cueroamerica.info\/wpnews\/wp-content\/uploads\/2020\/08\/MICAM-Digital_2.jpg 900w\" sizes=\"auto, (max-width: 220px) 100vw, 220px\" \/><\/a><p id=\"caption-attachment-16611\" class=\"wp-caption-text\">MICAM Digital.<\/p><\/div>\n<p>La posibilidad de esta feria \u00edntegramente digital permitir\u00e1 reunir una audiencia global de minoristas dado que la oferta podr\u00e1 complacer cualquier demanda del mercado. Esto generar\u00e1 oportunidades para que los compradores encuentren una extensa variedad de productos, descubran nuevas marcas de todo el mundo y concreten los mejores negocios.<\/p>\n<p>Por su parte, fabricantes y marcas tendr\u00e1n la oportunidad de aprovechar esa audiencia global de minoristas de moda y calzado de todo el mundo, para posicionarse y concretar negocios.<\/p>\n<p>Kelly Helfman, presidenta de MICAM Am\u00e9ricas y WWD MAGIC, explic\u00f3 que en este evento \u201clos asistentes y expositores de MICAM Americas obtendr\u00e1n acceso a una experiencia de 360 grados en la comunidad mundial del calzado y la moda\u00bb.<\/p>\n<div id=\"attachment_16617\" style=\"width: 165px\" class=\"wp-caption alignright\"><a href=\"http:\/\/cueroamerica.info\/wpnews\/wp-content\/uploads\/2020\/08\/Kelly-Helfman-presidenta-de-las-ferias-MICAM-Am\u00e9ricas-y-WWD-Magic.-.jpg\"><img loading=\"lazy\" decoding=\"async\" aria-describedby=\"caption-attachment-16617\" class=\" wp-image-16617\" src=\"http:\/\/cueroamerica.info\/wpnews\/wp-content\/uploads\/2020\/08\/Kelly-Helfman-presidenta-de-las-ferias-MICAM-Am\u00e9ricas-y-WWD-Magic.-.jpg\" alt=\"\" width=\"155\" height=\"220\" \/><\/a><p id=\"caption-attachment-16617\" class=\"wp-caption-text\">Kelly Helfman, presidenta de las ferias MICAM Am\u00e9ricas y WWD Magic.<\/p><\/div>\n<p>Tambi\u00e9n habr\u00e1 exclusivas actividades informativas, educativas, informes de tendencias, marcas detr\u00e1s de escena, contenido editorial y mucho m\u00e1s.<\/p>\n<p>Adem\u00e1s MICAM Am\u00e9ricas Digital estar\u00e1 vinculada a la nueva plataforma digital de MICAM Milano, desarrollada en asociaci\u00f3n con NuORDER. Esta uni\u00f3n de los mercados digitales permitir\u00e1 un evento de calzado digital verdaderamente global, con m\u00e1s marcas y un alcance minorista mundial a\u00fan mayor.<\/p>\n<p>Las empresas industriales, marcas, mayoristas o minoristas que deseen obtener m\u00e1s informaci\u00f3n sobre este evento, pueden acceder al sitio oficial de MICAM Americas: <a href=\"https:\/\/www.magicfashionevents.com\/en\/digital-trade-event\/about-digital-event.html\" target=\"_blank\" rel=\"noopener noreferrer\">https:\/\/www.magicfashionevents.com\/en\/digital-trade- event \/ about-digital-event.html<\/a><\/p>\n<p><strong>DATOS CLAVE:<\/strong><br \/>\n<strong>Feria:<\/strong> MICAM Am\u00e9ricas Feria Digital<br \/>\n<strong>Fecha:<\/strong><br \/>\n<strong>Productos expuestos:<\/strong> calzado de hombre, mujer y ni\u00f1o.<br \/>\n<strong>Actividades simult\u00e1neas:<\/strong> desfiles de moda, showrooms, conferencias, \u00e1reas de tendencia, etc.<br \/>\n<strong>Organizadores:<\/strong> MICAM \u2013 Informa Markets<br \/>\n&#8212;&#8212;&#8212;&#8212;&#8212;&#8212;&#8212;&#8212;&#8212;&#8212;&#8212;&#8212;&#8212;&#8212;&#8212;-<br \/>\nInforma Markets \/ CueroAm\u00e9rica<br \/>\n&#8212;&#8212;&#8212;&#8212;&#8212;&#8212;&#8212;&#8212;&#8212;&#8212;&#8212;&#8212;&#8212;&#8212;&#8212;&#8211;<br \/>\nPara comunicarse con CueroAm\u00e9rica: <span style=\"color: #3366ff;\"><a style=\"color: #3366ff;\" href=\"mailto:contacto@cueroamerica.com\">contacto@cueroamerica.com<\/a><\/span><\/p>\n<table>\n<tbody>\n<tr>\n<td width=\"300\"><a href=\"https:\/\/www.magicfashionevents.com\/en\/digital-trade-event\/explore-micam-americas.html?tag=em_x_x_le_tsnr_fasg1fn_x_x-cueroamericaeblast&amp;utm_cueroamerica&amp;utm_medium=Email&amp;utm_campaign=MAG201-JC-cueroamerica-august-20\" target=\"_blank\" rel=\"noopener noreferrer\"><img loading=\"lazy\" decoding=\"async\" src=\"\/img\/publicidad\/micam_cuero_digitalads_300x200_2020.gif\" alt=\"\" width=\"300\" height=\"200\" \/><\/a><\/td>\n<td width=\"171\"><a href=\"http:\/\/bit.ly\/2p9UM5w\" target=\"_blank\" rel=\"noopener noreferrer\"><img loading=\"lazy\" decoding=\"async\" src=\"\/img\/publicidad\/aplfmarabr2021_300x200.gif\" width=\"300\" height=\"200\" \/><\/a><\/td>\n<\/tr>\n<\/tbody>\n<\/table>\n","protected":false},"excerpt":{"rendered":"<p>La primera edici\u00f3n de MICAM Americas ser\u00e1 una feria totalmente digital, un evento comercial universal, que funcionar\u00e1 desde el 1 de septiembre al 1 de noviembre de 2020. Este sal\u00f3n ser\u00e1 el mercado digital B2B m\u00e1s grande para la comunidad internacional de moda y calzado y tendr\u00e1 una duraci\u00f3n de ocho semanas. El evento est\u00e1 [&hellip;]<\/p>\n","protected":false},"author":4,"featured_media":0,"comment_status":"closed","ping_status":"closed","sticky":false,"template":"","format":"standard","meta":{"footnotes":""},"categories":[65,60],"tags":[],"class_list":["post-16626","post","type-post","status-publish","format-standard","hentry","category-ferias-proximas","category-ferias","count-0","even alt","author-","last"],"_links":{"self":[{"href":"http:\/\/cueroamerica.info\/wpnews\/wp-json\/wp\/v2\/posts\/16626","targetHints":{"allow":["GET"]}}],"collection":[{"href":"http:\/\/cueroamerica.info\/wpnews\/wp-json\/wp\/v2\/posts"}],"about":[{"href":"http:\/\/cueroamerica.info\/wpnews\/wp-json\/wp\/v2\/types\/post"}],"author":[{"embeddable":true,"href":"http:\/\/cueroamerica.info\/wpnews\/wp-json\/wp\/v2\/users\/4"}],"replies":[{"embeddable":true,"href":"http:\/\/cueroamerica.info\/wpnews\/wp-json\/wp\/v2\/comments?post=16626"}],"version-history":[{"count":7,"href":"http:\/\/cueroamerica.info\/wpnews\/wp-json\/wp\/v2\/posts\/16626\/revisions"}],"predecessor-version":[{"id":16643,"href":"http:\/\/cueroamerica.info\/wpnews\/wp-json\/wp\/v2\/posts\/16626\/revisions\/16643"}],"wp:attachment":[{"href":"http:\/\/cueroamerica.info\/wpnews\/wp-json\/wp\/v2\/media?parent=16626"}],"wp:term":[{"taxonomy":"category","embeddable":true,"href":"http:\/\/cueroamerica.info\/wpnews\/wp-json\/wp\/v2\/categories?post=16626"},{"taxonomy":"post_tag","embeddable":true,"href":"http:\/\/cueroamerica.info\/wpnews\/wp-json\/wp\/v2\/tags?post=16626"}],"curies":[{"name":"wp","href":"https:\/\/api.w.org\/{rel}","templated":true}]}}