{"id":16731,"date":"2020-09-11T14:47:27","date_gmt":"2020-09-11T14:47:27","guid":{"rendered":"http:\/\/cueroamerica.info\/wpnews\/?p=16731"},"modified":"2020-09-11T14:49:05","modified_gmt":"2020-09-11T14:49:05","slug":"el-gobierno-frances-trabo-la-operacion-lvmh-tiffany-por-las-amenazas-de-los-ee-uu","status":"publish","type":"post","link":"http:\/\/cueroamerica.info\/wpnews\/2020\/09\/el-gobierno-frances-trabo-la-operacion-lvmh-tiffany-por-las-amenazas-de-los-ee-uu\/","title":{"rendered":"El gobierno franc\u00e9s trab\u00f3 la operaci\u00f3n LVMH- Tiffany por las amenazas de los EE.UU."},"content":{"rendered":"<div id=\"attachment_16734\" style=\"width: 255px\" class=\"wp-caption alignright\"><a href=\"http:\/\/cueroamerica.info\/wpnews\/wp-content\/uploads\/2020\/09\/Bernard-Arnault-CEO-del-grupo-LVMH_9.jpg\"><img loading=\"lazy\" decoding=\"async\" aria-describedby=\"caption-attachment-16734\" class=\" wp-image-16734\" src=\"http:\/\/cueroamerica.info\/wpnews\/wp-content\/uploads\/2020\/09\/Bernard-Arnault-CEO-del-grupo-LVMH_9-300x187.jpg\" alt=\"\" width=\"245\" height=\"153\" srcset=\"http:\/\/cueroamerica.info\/wpnews\/wp-content\/uploads\/2020\/09\/Bernard-Arnault-CEO-del-grupo-LVMH_9-300x187.jpg 300w, http:\/\/cueroamerica.info\/wpnews\/wp-content\/uploads\/2020\/09\/Bernard-Arnault-CEO-del-grupo-LVMH_9.jpg 620w\" sizes=\"auto, (max-width: 245px) 100vw, 245px\" \/><\/a><p id=\"caption-attachment-16734\" class=\"wp-caption-text\">Bernard Arnault, CEO del grupo LVMH.<\/p><\/div>\n<p>El grupo franc\u00e9s de lujo LVMH anunci\u00f3 que no podr\u00e1 completar su propuesta de adquisici\u00f3n de la marca estadounidense Tiffany, porque un ministro del gobierno franc\u00e9s le ha \u00abordenado\u00bb aplazar su finalizaci\u00f3n. As\u00ed la operaci\u00f3n qued\u00f3 envuelto en la disputa comercial entre Francia y Estados Unidos.<\/p>\n<p>Luego de algunas demoras en concretar la negociaci\u00f3n y finalmente no poder cerrar la adquisici\u00f3n, antes de la fecha l\u00edmite del 24 de noviembre, LVMH ha dicho ahora que no podr\u00e1 completar la cpmpra en absoluto.<\/p>\n<p>En noviembre de 2019, LVMH anunci\u00f3 su intenci\u00f3n de adquirir Tiffany a un precio que valoraba a la empresa estadounidense en US$ 16.200 millones. La fecha original para concluir el acuerdo era el 24 de agosto de este a\u00f1o. Cuando esa fecha lleg\u00f3 y no lograron cerrar la operaci\u00f3n, las empresas retrasaron el plazo en tres meses.<\/p>\n<p><a href=\"http:\/\/cueroamerica.info\/wpnews\/wp-content\/uploads\/2020\/09\/tienda-tiffany-londres-.jpg\"><img loading=\"lazy\" decoding=\"async\" class=\"alignleft wp-image-16733\" src=\"http:\/\/cueroamerica.info\/wpnews\/wp-content\/uploads\/2020\/09\/tienda-tiffany-londres--300x164.jpg\" alt=\"\" width=\"240\" height=\"131\" srcset=\"http:\/\/cueroamerica.info\/wpnews\/wp-content\/uploads\/2020\/09\/tienda-tiffany-londres--300x164.jpg 300w, http:\/\/cueroamerica.info\/wpnews\/wp-content\/uploads\/2020\/09\/tienda-tiffany-londres--768x419.jpg 768w, http:\/\/cueroamerica.info\/wpnews\/wp-content\/uploads\/2020\/09\/tienda-tiffany-londres-.jpg 770w\" sizes=\"auto, (max-width: 240px) 100vw, 240px\" \/><\/a>Paralelamente, el gobierno franc\u00e9s anunci\u00f3 un nuevo impuesto a los servicios digitales (DST) del 3% para las empresas de comercio electr\u00f3nico. Explic\u00f3 que la escasa presencia f\u00edsica de estas empresas en Francia hace a\u00f1os les permite -como en el resto del mundo- eludir los impuestos que otras empresas orientadas al consumidor tienen que pagar.<\/p>\n<p>Esto llev\u00f3 al Representante Comercial de Estados Unidos (USTR) a afirmar que el nuevo impuesto discriminaba a las empresas digitales estadounidenses como Google, Apple, Facebook y Amazon. Dijo, adem\u00e1s, que Estados Unidos tomar\u00eda represalias imponiendo aranceles adicionales a los productos importados que ingresan al mercado estadounidense desde Francia, incluidos las manufacturas de cuero.<\/p>\n<div id=\"attachment_16732\" style=\"width: 240px\" class=\"wp-caption alignright\"><a href=\"http:\/\/cueroamerica.info\/wpnews\/wp-content\/uploads\/2020\/09\/Sede-de-LVMH-en-Par\u00eds.-.jpg\"><img loading=\"lazy\" decoding=\"async\" aria-describedby=\"caption-attachment-16732\" class=\" wp-image-16732\" src=\"http:\/\/cueroamerica.info\/wpnews\/wp-content\/uploads\/2020\/09\/Sede-de-LVMH-en-Par\u00eds.-.jpg\" alt=\"\" width=\"230\" height=\"153\" \/><\/a><p id=\"caption-attachment-16732\" class=\"wp-caption-text\">Sede de LVMH en Par\u00eds.<\/p><\/div>\n<p>En un comunicado del 9 de septiembre, luego de su anuncio de agosto sobre el aplazamiento del acuerdo de Tiffany, LVMH dijo que hab\u00eda recibido una carta del ministro de Asuntos Exteriores de Francia, Jean-Yves Le Drian, \u00abindic\u00e1ndole\u00bb a posponer el acuerdo de Tiffany hasta 2021. Sostuvo que esto fue \u00aben reacci\u00f3n a la amenaza de impuestos sobre los productos franceses por parte de Estados Unidos\u00bb.<\/p>\n<p>LVMH inform\u00f3 que su directorio hab\u00eda decidido \u00abcumplir\u00bb con el acuerdo de fusi\u00f3n que establece el 24 de noviembre como fecha l\u00edmite y que, por lo tanto, el grupo no podr\u00eda completar lo estipulado con Tiffany \u00abtal como est\u00e1\u00bb.<br \/>\n&#8212;&#8212;&#8212;&#8212;&#8212;&#8212;&#8212;&#8212;&#8212;&#8212;&#8212;&#8212;&#8212;&#8212;&#8211;<br \/>\nWorld Leather \/ CueroAm\u00e9rica<br \/>\n&#8212;&#8212;&#8212;&#8212;&#8212;&#8212;&#8212;&#8212;&#8212;&#8212;&#8212;&#8212;&#8212;&#8212;&#8212;&#8211;<br \/>\nPara comunicarse con CueroAm\u00e9rica: <span style=\"color: #3366ff;\"><a style=\"color: #3366ff;\" href=\"mailto:contacto@cueroamerica.com\">contacto@cueroamerica.com<\/a><\/span><\/p>\n<table>\n<tbody>\n<tr>\n<td width=\"300\"><a href=\"http:\/\/bit.ly\/2p9UM5w\" target=\"_blank\" rel=\"noopener noreferrer\"><img loading=\"lazy\" decoding=\"async\" src=\"\/img\/publicidad\/aplfmarabr2021_300x200.gif\" width=\"300\" height=\"200\" \/><\/a><\/td>\n<td width=\"171\"><a href=\"http:\/\/bit.ly\/2pK7Osm\" target=\"_blank\" rel=\"noopener noreferrer\"><img loading=\"lazy\" decoding=\"async\" src=\"\/img\/publicidad\/aviso-units2020.gif\" alt=\"\" width=\"300\" height=\"201\" border=\"0\" \/><\/a><\/td>\n<\/tr>\n<\/tbody>\n<\/table>\n","protected":false},"excerpt":{"rendered":"<p>El grupo franc\u00e9s de lujo LVMH anunci\u00f3 que no podr\u00e1 completar su propuesta de adquisici\u00f3n de la marca estadounidense Tiffany, porque un ministro del gobierno franc\u00e9s le ha \u00abordenado\u00bb aplazar su finalizaci\u00f3n. As\u00ed la operaci\u00f3n qued\u00f3 envuelto en la disputa comercial entre Francia y Estados Unidos. Luego de algunas demoras en concretar la negociaci\u00f3n y [&hellip;]<\/p>\n","protected":false},"author":4,"featured_media":0,"comment_status":"closed","ping_status":"closed","sticky":false,"template":"","format":"standard","meta":{"footnotes":""},"categories":[8,86],"tags":[],"class_list":["post-16731","post","type-post","status-publish","format-standard","hentry","category-empresas-y-negocios","category-noticias-de-america-del-norte","count-0","even alt","author-","last"],"_links":{"self":[{"href":"http:\/\/cueroamerica.info\/wpnews\/wp-json\/wp\/v2\/posts\/16731","targetHints":{"allow":["GET"]}}],"collection":[{"href":"http:\/\/cueroamerica.info\/wpnews\/wp-json\/wp\/v2\/posts"}],"about":[{"href":"http:\/\/cueroamerica.info\/wpnews\/wp-json\/wp\/v2\/types\/post"}],"author":[{"embeddable":true,"href":"http:\/\/cueroamerica.info\/wpnews\/wp-json\/wp\/v2\/users\/4"}],"replies":[{"embeddable":true,"href":"http:\/\/cueroamerica.info\/wpnews\/wp-json\/wp\/v2\/comments?post=16731"}],"version-history":[{"count":3,"href":"http:\/\/cueroamerica.info\/wpnews\/wp-json\/wp\/v2\/posts\/16731\/revisions"}],"predecessor-version":[{"id":16737,"href":"http:\/\/cueroamerica.info\/wpnews\/wp-json\/wp\/v2\/posts\/16731\/revisions\/16737"}],"wp:attachment":[{"href":"http:\/\/cueroamerica.info\/wpnews\/wp-json\/wp\/v2\/media?parent=16731"}],"wp:term":[{"taxonomy":"category","embeddable":true,"href":"http:\/\/cueroamerica.info\/wpnews\/wp-json\/wp\/v2\/categories?post=16731"},{"taxonomy":"post_tag","embeddable":true,"href":"http:\/\/cueroamerica.info\/wpnews\/wp-json\/wp\/v2\/tags?post=16731"}],"curies":[{"name":"wp","href":"https:\/\/api.w.org\/{rel}","templated":true}]}}