{"id":16756,"date":"2020-09-25T15:22:26","date_gmt":"2020-09-25T15:22:26","guid":{"rendered":"http:\/\/cueroamerica.info\/wpnews\/?p=16756"},"modified":"2020-09-25T15:24:46","modified_gmt":"2020-09-25T15:24:46","slug":"las-ferias-italianas-reunieron-a-mas-de-16-000-visitantes-y-hablan-del-reinicio-del-sector","status":"publish","type":"post","link":"http:\/\/cueroamerica.info\/wpnews\/2020\/09\/las-ferias-italianas-reunieron-a-mas-de-16-000-visitantes-y-hablan-del-reinicio-del-sector\/","title":{"rendered":"Las ferias italianas reunieron a m\u00e1s de 16.000 visitantes y hablan del \u2018reinicio\u2019 del sector"},"content":{"rendered":"<p>Seg\u00fan la publicaci\u00f3n italiana La Conceria, del sector curtidor, las ferias Micam, Mipel, A New Point Of View, TheOneMilano y Homi -realizadas en Mil\u00e1n-, recibieron m\u00e1s de 16.000 visitantes que \u201cabarrotaron los stands\u201d. Destacan que los profesionales \u201ccreyeron en el reinicio de la actividad de uno de los sectores m\u00e1s estrat\u00e9gicos del Made in Italy y premiaron con su presencia la valent\u00eda de todas las empresas expositoras\u201d, celebraron los organizadores.<\/p>\n<table>\n<tbody>\n<tr>\n<td><a href=\"http:\/\/cueroamerica.info\/wpnews\/wp-content\/uploads\/2020\/09\/images.jpg\"><img decoding=\"async\" class=\"alignleft size-full wp-image-16745\" src=\"http:\/\/cueroamerica.info\/wpnews\/wp-content\/uploads\/2020\/09\/images.jpg\" alt=\"\" width=\"auto\" height=\"130\" \/><\/a><\/td>\n<td><a href=\"http:\/\/cueroamerica.info\/wpnews\/wp-content\/uploads\/2020\/09\/Lineapelle-.jpg\"><img decoding=\"async\" class=\"alignleft size-medium wp-image-16746\" src=\"http:\/\/cueroamerica.info\/wpnews\/wp-content\/uploads\/2020\/09\/Lineapelle--300x244.jpg\" alt=\"\" width=\"auto\" height=\"130\" srcset=\"http:\/\/cueroamerica.info\/wpnews\/wp-content\/uploads\/2020\/09\/Lineapelle--300x244.jpg 300w, http:\/\/cueroamerica.info\/wpnews\/wp-content\/uploads\/2020\/09\/Lineapelle-.jpg 500w\" sizes=\"(max-width: 300px) 100vw, 300px\" \/><\/a><\/td>\n<td><a href=\"http:\/\/cueroamerica.info\/wpnews\/wp-content\/uploads\/2020\/09\/210920201711354.jpg\"><img decoding=\"async\" class=\"alignleft size-medium wp-image-16747\" src=\"http:\/\/cueroamerica.info\/wpnews\/wp-content\/uploads\/2020\/09\/210920201711354-300x225.jpg\" alt=\"\" width=\"auto\" height=\"130\" srcset=\"http:\/\/cueroamerica.info\/wpnews\/wp-content\/uploads\/2020\/09\/210920201711354-300x225.jpg 300w, http:\/\/cueroamerica.info\/wpnews\/wp-content\/uploads\/2020\/09\/210920201711354.jpg 500w\" sizes=\"(max-width: 300px) 100vw, 300px\" \/><\/a><\/td>\n<\/tr>\n<\/tbody>\n<\/table>\n<p>El 25% de los visitantes proced\u00edan del extranjero, dicen, aportaron \u201cse\u00f1ales positivas de Suiza, Alemania y Francia\u201d. Los organizadores explican que las presencias internacionales \u00abdemuestran la capacidad de un mercado que reacciona y est\u00e1 dispuesto a empezar de nuevo: compraron, aunque en una medida \u2018adecuada\u2019 a las dificultades del momento\u00bb.<\/p>\n<div id=\"attachment_16748\" style=\"width: 209px\" class=\"wp-caption alignright\"><a href=\"http:\/\/cueroamerica.info\/wpnews\/wp-content\/uploads\/2020\/09\/Ferias-de-Mil\u00e1n.jpg\"><img loading=\"lazy\" decoding=\"async\" aria-describedby=\"caption-attachment-16748\" class=\" wp-image-16748\" src=\"http:\/\/cueroamerica.info\/wpnews\/wp-content\/uploads\/2020\/09\/Ferias-de-Mil\u00e1n-273x300.jpg\" alt=\"\" width=\"199\" height=\"218\" srcset=\"http:\/\/cueroamerica.info\/wpnews\/wp-content\/uploads\/2020\/09\/Ferias-de-Mil\u00e1n-273x300.jpg 273w, http:\/\/cueroamerica.info\/wpnews\/wp-content\/uploads\/2020\/09\/Ferias-de-Mil\u00e1n.jpg 560w\" sizes=\"auto, (max-width: 199px) 100vw, 199px\" \/><\/a><p id=\"caption-attachment-16748\" class=\"wp-caption-text\">Ferias de Mil\u00e1n.<\/p><\/div>\n<p>Las ferias de Milan cerraron, pero ahora contin\u00faan en l\u00ednea gracias a las herramientas digitales que los eventos ponen a disposici\u00f3n. \u201cLas aplicaciones, los cat\u00e1logos inteligentes y los portales comerciales permitir\u00e1n continuar los contactos sin los l\u00edmites impuestos por las restricciones a los viajes internacionales\u201d. Los salones agradecieron al Ministerio de Relaciones Exteriores y a la Agencia ICE la presencia de compradores extranjeros. Mientras que los cinco socios (las ferias), ahora se sienten fuertes en el trabajo de un equipo \u00abque representa los pilares de la fabricaci\u00f3n y las exportaciones italianas\u00bb, apuntaron los organizadores.<br \/>\n&#8212;&#8212;&#8212;&#8212;&#8212;&#8212;&#8212;&#8212;&#8212;&#8212;&#8212;&#8212;&#8212;&#8211;<br \/>\nLa Conceria \/ CueroAm\u00e9rica<\/p>\n<p>&#8212;&#8212;&#8212;&#8212;&#8212;&#8212;&#8212;&#8212;&#8212;&#8212;&#8212;&#8212;&#8212;&#8212;&#8212;&#8211;<br \/>\nPara comunicarse con CueroAm\u00e9rica: <span style=\"color: #3366ff;\"><a style=\"color: #3366ff;\" href=\"mailto:contacto@cueroamerica.com\">contacto@cueroamerica.com<\/a><\/span><\/p>\n<table>\n<tbody>\n<tr>\n<td width=\"300\"><a href=\"http:\/\/bit.ly\/2pK0gG1\" target=\"_blank\"><img loading=\"lazy\" decoding=\"async\" src=\"\/img\/publicidad\/dfs2017.gif\" alt=\"\" width=\"300\" height=\"200\" border=\"0\"><\/a><\/td>\n<td width=\"171\"><a href=\"https:\/\/www.aclechina.com\/en-us\/\" target=\"_blank\" rel=\"noopener noreferrer\"><img decoding=\"async\" src=\"\/img\/publicidad\/ACLE2021_300x200H.jpg\" alt=\"\" width=\"auto\" height=\"auto\" \/><\/a><\/td>\n<\/tr>\n<\/tbody>\n<\/table>\n","protected":false},"excerpt":{"rendered":"<p>Seg\u00fan la publicaci\u00f3n italiana La Conceria, del sector curtidor, las ferias Micam, Mipel, A New Point Of View, TheOneMilano y Homi -realizadas en Mil\u00e1n-, recibieron m\u00e1s de 16.000 visitantes que \u201cabarrotaron los stands\u201d. Destacan que los profesionales \u201ccreyeron en el reinicio de la actividad de uno de los sectores m\u00e1s estrat\u00e9gicos del Made in Italy [&hellip;]<\/p>\n","protected":false},"author":4,"featured_media":0,"comment_status":"closed","ping_status":"closed","sticky":false,"template":"","format":"standard","meta":{"footnotes":""},"categories":[66,60],"tags":[],"class_list":["post-16756","post","type-post","status-publish","format-standard","hentry","category-ferias-realizadas","category-ferias","count-0","even alt","author-","last"],"_links":{"self":[{"href":"http:\/\/cueroamerica.info\/wpnews\/wp-json\/wp\/v2\/posts\/16756","targetHints":{"allow":["GET"]}}],"collection":[{"href":"http:\/\/cueroamerica.info\/wpnews\/wp-json\/wp\/v2\/posts"}],"about":[{"href":"http:\/\/cueroamerica.info\/wpnews\/wp-json\/wp\/v2\/types\/post"}],"author":[{"embeddable":true,"href":"http:\/\/cueroamerica.info\/wpnews\/wp-json\/wp\/v2\/users\/4"}],"replies":[{"embeddable":true,"href":"http:\/\/cueroamerica.info\/wpnews\/wp-json\/wp\/v2\/comments?post=16756"}],"version-history":[{"count":8,"href":"http:\/\/cueroamerica.info\/wpnews\/wp-json\/wp\/v2\/posts\/16756\/revisions"}],"predecessor-version":[{"id":16761,"href":"http:\/\/cueroamerica.info\/wpnews\/wp-json\/wp\/v2\/posts\/16756\/revisions\/16761"}],"wp:attachment":[{"href":"http:\/\/cueroamerica.info\/wpnews\/wp-json\/wp\/v2\/media?parent=16756"}],"wp:term":[{"taxonomy":"category","embeddable":true,"href":"http:\/\/cueroamerica.info\/wpnews\/wp-json\/wp\/v2\/categories?post=16756"},{"taxonomy":"post_tag","embeddable":true,"href":"http:\/\/cueroamerica.info\/wpnews\/wp-json\/wp\/v2\/tags?post=16756"}],"curies":[{"name":"wp","href":"https:\/\/api.w.org\/{rel}","templated":true}]}}