{"id":16879,"date":"2020-10-21T13:28:28","date_gmt":"2020-10-21T13:28:28","guid":{"rendered":"http:\/\/cueroamerica.info\/wpnews\/?p=16879"},"modified":"2020-10-21T16:22:07","modified_gmt":"2020-10-21T16:22:07","slug":"el-pacto-de-la-moda-esta-dando-los-primeros-pasos-para-transformar-la-industria","status":"publish","type":"post","link":"http:\/\/cueroamerica.info\/wpnews\/2020\/10\/el-pacto-de-la-moda-esta-dando-los-primeros-pasos-para-transformar-la-industria\/","title":{"rendered":"El Pacto de la Moda esta dando los primeros pasos para transformar al sector"},"content":{"rendered":"<p><a href=\"http:\/\/cueroamerica.info\/wpnews\/wp-content\/uploads\/2020\/10\/logo_thefashionpact.png\"><img loading=\"lazy\" decoding=\"async\" class=\"alignleft wp-image-16872\" src=\"http:\/\/cueroamerica.info\/wpnews\/wp-content\/uploads\/2020\/10\/logo_thefashionpact-300x129.png\" alt=\"\" width=\"200\" height=\"86\" srcset=\"http:\/\/cueroamerica.info\/wpnews\/wp-content\/uploads\/2020\/10\/logo_thefashionpact-300x129.png 300w, http:\/\/cueroamerica.info\/wpnews\/wp-content\/uploads\/2020\/10\/logo_thefashionpact.png 600w\" sizes=\"auto, (max-width: 200px) 100vw, 200px\" \/><\/a>El a\u00f1o pasado algunas de las principales marcas de la industria textil y de la moda suscribieron el Pacto de la Moda, con el que se comprometen a limitar los efectos perniciosos del sector sobre el clima, la biodiversidad y los oc\u00e9anos en los pr\u00f3ximos a\u00f1os. El grupo originario ha aumentado hasta alcanzar los m\u00e1s de 60 empresas, procedentes de 14 pa\u00edses, que agrupan a m\u00e1s de 200 marcas y que representan a un tercio de la industria total de la moda en todo el mundo.<\/p>\n<p>El Pacto de la Moda ya ha dado sus primeros pasos, incluida la implementaci\u00f3n de una estructura de operaciones y el desarrollo de un tablero digital de KPI para medir el impacto conjunto. Tambi\u00e9n comenz\u00f3 la primera actividad colaborativa sobre biodiversidad, junto con la experiencia t\u00e9cnica de expertos de la industria.<\/p>\n<p>De esta manera, los signatarios del Pacto de la Moda se han comprometido, en relaci\u00f3n con el clima, a alcanzar un impacto neto de carbono cero para 2050. Y buscan lograr que, antes de 2025, un cuarto de su abastecimiento de materiales sea de bajo impacto o que la mitad de la energ\u00eda que consuman provenga de fuentes renovables para 2025 y el 100% para 2030.<\/p>\n<p>La mayor\u00eda de las empresas ya se est\u00e1 llevando a cabo acciones individuales importantes para reducir las emisiones de gases de efecto invernadero (GEI); de modo que, en conjunto, los signatarios han reducido entre 350.000 y 450.000 toneladas de emisiones de GEI. Los miembros tambi\u00e9n han conseguido que en 2020 la mitad de la energ\u00eda que consumen provenga de fuentes renovables.<\/p>\n<p>La biodiversidad sigue siendo un tema clave en la industria de la moda. Por ello desde Pacto de la Moda se han comprometido con la protecci\u00f3n de especies amenazadas, as\u00ed como con la protecci\u00f3n y restauraci\u00f3n de ecosistemas naturales en peligro. En este sentido, como primeros objetivos tangibles, los miembros se han comprometido a poner en marcha planes individuales en favor de la diversidad para finales de 2020 y a apoyar la deforestaci\u00f3n cero y la ordenaci\u00f3n forestal sostenible para 2025.<\/p>\n<p>En cuanto a los oc\u00e9anos, la primera \u00e1rea de enfoque de Pacto de la Moda es eliminar el pl\u00e1stico problem\u00e1tico e innecesario en los envases (incluidas las bolsas de polietileno, las perchas, los envases de consumo y las bolsas de venta al por menor). Los signatarios se han comprometido a alcanzar su eliminaci\u00f3n en los envases B2C para 2025 y en el B2B para 2030, as\u00ed como garantizar que al menos la mitad de los dem\u00e1s envases de pl\u00e1stico en B2C tengan un contenido 100 por ciento reciclado para el 2025 y en el 2030 para el B2B. Por el momento, el 60 por ciento de las marcas firmantes ya ha eliminado los envases de pl\u00e1stico en sus bolsas minoristas.<\/p>\n<div id=\"attachment_16866\" style=\"width: 257px\" class=\"wp-caption alignright\"><a href=\"http:\/\/cueroamerica.info\/wpnews\/wp-content\/uploads\/2020\/10\/El-Fashion-Pact-se-oficializ\u00f3-en-Paris-agosto-de-2019-antes-de-la-reuni\u00f3n-del-G7.-.jpg\"><img loading=\"lazy\" decoding=\"async\" aria-describedby=\"caption-attachment-16866\" class=\" wp-image-16866\" src=\"http:\/\/cueroamerica.info\/wpnews\/wp-content\/uploads\/2020\/10\/El-Fashion-Pact-se-oficializ\u00f3-en-Paris-agosto-de-2019-antes-de-la-reuni\u00f3n-del-G7.--300x147.jpg\" alt=\"\" width=\"247\" height=\"121\" srcset=\"http:\/\/cueroamerica.info\/wpnews\/wp-content\/uploads\/2020\/10\/El-Fashion-Pact-se-oficializ\u00f3-en-Paris-agosto-de-2019-antes-de-la-reuni\u00f3n-del-G7.--300x147.jpg 300w, http:\/\/cueroamerica.info\/wpnews\/wp-content\/uploads\/2020\/10\/El-Fashion-Pact-se-oficializ\u00f3-en-Paris-agosto-de-2019-antes-de-la-reuni\u00f3n-del-G7.--768x377.jpg 768w, http:\/\/cueroamerica.info\/wpnews\/wp-content\/uploads\/2020\/10\/El-Fashion-Pact-se-oficializ\u00f3-en-Paris-agosto-de-2019-antes-de-la-reuni\u00f3n-del-G7.--1024x503.jpg 1024w\" sizes=\"auto, (max-width: 247px) 100vw, 247px\" \/><\/a><p id=\"caption-attachment-16866\" class=\"wp-caption-text\">El Fashion Pact se oficializ\u00f3 en Paris, agosto de 2019, antes de la reuni\u00f3n del G7.<\/p><\/div>\n<p>El Pacto de la Moda es una coalici\u00f3n global de empresas de la industria textil y de la moda (pr\u00eat-\u00e0-porter, deporte, estilo de vida y lujo) que se han comprometido con un n\u00facleo com\u00fan de objetivos medioambientales clave en tres \u00e1reas: mitigar el cambio clim\u00e1tico, restaurar la biodiversidad y proteger los oc\u00e9anos. Actualmente, est\u00e1 compuesto por m\u00e1s de 60 miembros, como, por ejemplo, Adidas, Bally, Bestseller, Burberry, Chanel, Decathlon, Diesel, El Corte Ingl\u00e9s, Ermenegildo Zegna, Gant, Geox, Armani, H&amp;M, H\u00e8rmes, Inditex, Karl Lagerfeld, Kering, Kiabi, Mango, Nike, Prada, Puma, Ralf Lauren, Salvatore Ferragamo o Stella McCartney, entre otros.<br \/>\n&#8212;&#8212;&#8212;&#8212;&#8212;&#8212;&#8212;&#8212;&#8212;&#8212;&#8212;&#8212;&#8212;&#8212;&#8212;&#8212;&#8212;-<br \/>\nRevista del Calzado \/ CueroAm\u00e9rica<\/p>\n<p>&#8212;&#8212;&#8212;&#8212;&#8212;&#8212;&#8212;&#8212;&#8212;&#8212;&#8212;&#8212;&#8212;&#8212;&#8212;&#8211;<br \/>\nPara comunicarse con CueroAm\u00e9rica: <span style=\"color: #3366ff;\"><a style=\"color: #3366ff;\" href=\"mailto:contacto@cueroamerica.com\">contacto@cueroamerica.com<\/a><\/span><\/p>\n<table>\n<tbody>\n<tr>\n<td width=\"300\"><a href=\"http:\/\/bit.ly\/2pK0gG1\" target=\"_blank\" rel=\"noopener noreferrer\"><img loading=\"lazy\" decoding=\"async\" src=\"\/img\/publicidad\/dfs2017.gif\" alt=\"\" width=\"300\" height=\"200\" border=\"0\" \/><\/a><\/td>\n<td width=\"171\"><a href=\"http:\/\/bit.ly\/2q2HjkA\" target=\"_blank\" rel=\"noopener noreferrer\"><img loading=\"lazy\" decoding=\"async\" src=\"\/img\/publicidad\/banner_jn-082016.gif\" width=\"300\" height=\"200\" \/><\/a><\/td>\n<\/tr>\n<\/tbody>\n<\/table>\n","protected":false},"excerpt":{"rendered":"<p>El a\u00f1o pasado algunas de las principales marcas de la industria textil y de la moda suscribieron el Pacto de la Moda, con el que se comprometen a limitar los efectos perniciosos del sector sobre el clima, la biodiversidad y los oc\u00e9anos en los pr\u00f3ximos a\u00f1os. El grupo originario ha aumentado hasta alcanzar los m\u00e1s [&hellip;]<\/p>\n","protected":false},"author":4,"featured_media":0,"comment_status":"closed","ping_status":"closed","sticky":false,"template":"","format":"standard","meta":{"footnotes":""},"categories":[59],"tags":[],"class_list":["post-16879","post","type-post","status-publish","format-standard","hentry","category-medio-ambiente","count-0","even alt","author-","last"],"_links":{"self":[{"href":"http:\/\/cueroamerica.info\/wpnews\/wp-json\/wp\/v2\/posts\/16879","targetHints":{"allow":["GET"]}}],"collection":[{"href":"http:\/\/cueroamerica.info\/wpnews\/wp-json\/wp\/v2\/posts"}],"about":[{"href":"http:\/\/cueroamerica.info\/wpnews\/wp-json\/wp\/v2\/types\/post"}],"author":[{"embeddable":true,"href":"http:\/\/cueroamerica.info\/wpnews\/wp-json\/wp\/v2\/users\/4"}],"replies":[{"embeddable":true,"href":"http:\/\/cueroamerica.info\/wpnews\/wp-json\/wp\/v2\/comments?post=16879"}],"version-history":[{"count":4,"href":"http:\/\/cueroamerica.info\/wpnews\/wp-json\/wp\/v2\/posts\/16879\/revisions"}],"predecessor-version":[{"id":16907,"href":"http:\/\/cueroamerica.info\/wpnews\/wp-json\/wp\/v2\/posts\/16879\/revisions\/16907"}],"wp:attachment":[{"href":"http:\/\/cueroamerica.info\/wpnews\/wp-json\/wp\/v2\/media?parent=16879"}],"wp:term":[{"taxonomy":"category","embeddable":true,"href":"http:\/\/cueroamerica.info\/wpnews\/wp-json\/wp\/v2\/categories?post=16879"},{"taxonomy":"post_tag","embeddable":true,"href":"http:\/\/cueroamerica.info\/wpnews\/wp-json\/wp\/v2\/tags?post=16879"}],"curies":[{"name":"wp","href":"https:\/\/api.w.org\/{rel}","templated":true}]}}