{"id":16882,"date":"2020-10-21T13:31:35","date_gmt":"2020-10-21T13:31:35","guid":{"rendered":"http:\/\/cueroamerica.info\/wpnews\/?p=16882"},"modified":"2020-10-21T13:34:24","modified_gmt":"2020-10-21T13:34:24","slug":"puma-invierte-unos-us-5-m-en-argentina-para-aumentar-la-produccion-y-su-mercado","status":"publish","type":"post","link":"http:\/\/cueroamerica.info\/wpnews\/2020\/10\/puma-invierte-unos-us-5-m-en-argentina-para-aumentar-la-produccion-y-su-mercado\/","title":{"rendered":"Puma invierte unos US$ 5 M en Argentina para aumentar la producci\u00f3n y su mercado"},"content":{"rendered":"<div id=\"attachment_16867\" style=\"width: 259px\" class=\"wp-caption alignright\"><a href=\"http:\/\/cueroamerica.info\/wpnews\/wp-content\/uploads\/2020\/10\/El-minitsro-Kulfa-y-el-Secretario-Schale-durante-la-reuni\u00f3n-con-los-directivos-de-PUMA-Argenrtina..jpg\"><img loading=\"lazy\" decoding=\"async\" aria-describedby=\"caption-attachment-16867\" class=\" wp-image-16867\" src=\"http:\/\/cueroamerica.info\/wpnews\/wp-content\/uploads\/2020\/10\/El-minitsro-Kulfa-y-el-Secretario-Schale-durante-la-reuni\u00f3n-con-los-directivos-de-PUMA-Argenrtina.-300x136.jpg\" alt=\"\" width=\"249\" height=\"113\" srcset=\"http:\/\/cueroamerica.info\/wpnews\/wp-content\/uploads\/2020\/10\/El-minitsro-Kulfa-y-el-Secretario-Schale-durante-la-reuni\u00f3n-con-los-directivos-de-PUMA-Argenrtina.-300x136.jpg 300w, http:\/\/cueroamerica.info\/wpnews\/wp-content\/uploads\/2020\/10\/El-minitsro-Kulfa-y-el-Secretario-Schale-durante-la-reuni\u00f3n-con-los-directivos-de-PUMA-Argenrtina.-768x348.jpg 768w, http:\/\/cueroamerica.info\/wpnews\/wp-content\/uploads\/2020\/10\/El-minitsro-Kulfa-y-el-Secretario-Schale-durante-la-reuni\u00f3n-con-los-directivos-de-PUMA-Argenrtina.-1024x464.jpg 1024w, http:\/\/cueroamerica.info\/wpnews\/wp-content\/uploads\/2020\/10\/El-minitsro-Kulfa-y-el-Secretario-Schale-durante-la-reuni\u00f3n-con-los-directivos-de-PUMA-Argenrtina..jpg 1254w\" sizes=\"auto, (max-width: 249px) 100vw, 249px\" \/><\/a><p id=\"caption-attachment-16867\" class=\"wp-caption-text\">El minitsro Kulfa y el Secretario Schale durante la reuni\u00f3n con los directivos de PUMA Argenrtina.<\/p><\/div>\n<p>La empresa de indumentaria deportivos Puma invertir\u00e1 unos US$ 3 millones en la Argentina. La compa\u00f1\u00eda, que planifica para aumentar la capacidad productiva de su planta en la provincia de La Rioja y crear 100 puestos de trabajo, tambi\u00e9n inform\u00f3 que invertir\u00e1 otros US$ 2 millones en dos nuevos locales en Buenos Aires, en los que contratar\u00e1 40 empleados.<\/p>\n<p>El ministro de Desarrollo Productivo, Mat\u00edas Kulfas, y el gobernador de La Rioja, Ricardo Quintela, se reunieron el 16 de octubre con las autoridades de PUMA Sports Argentina, quienes anunciaron que las inversiones.<\/p>\n<p>Tras el encuentro, el ministro Mat\u00edas Kulfas destac\u00f3 que \u201csomos un gobierno de producci\u00f3n y trabajo, porque son los dos ejes que articulan todo el funcionamiento de la sociedad argentina. Si logramos articular esto el pa\u00eds va a estar mucho mejor\u201d.<\/p>\n<p>Tambi\u00e9n sostuvo: \u201cEstamos trabajando sin prejuicios, con pragmatismo. Defendemos el trabajo de las pymes, de las grandes empresas, de las cooperativas, de las nacionales, de las multinacionales. Estamos interesados en todas las inversiones y son bienvenidas y, si podemos ayudar a que este desarrollo se haga en diferentes provincias mejor a\u00fan, para que la gente pueda desarrollarse en la provincia en la que naci\u00f3\u201d, explic\u00f3 el funcionario.<\/p>\n<p>En tanto, el gobernador provincial agradeci\u00f3 a la empresa Puma \u201cno solamente por la inversi\u00f3n y los puestos que van a crear, sino porque ustedes afianzan la confianza en la Argentina. Esto deber\u00eda tirar por tierra las versiones que quieren desacreditar a nuestro pa\u00eds en el sentido de que se nos van las empresas. En los \u00faltimos dos meses se hicieron anuncios en nuestra provincia por m\u00e1s de 50 millones de d\u00f3lares, que implicar\u00e1n la creaci\u00f3n de cerca de 800 puestos de trabajo\u201d.<\/p>\n<div id=\"attachment_16868\" style=\"width: 143px\" class=\"wp-caption alignleft\"><a href=\"http:\/\/cueroamerica.info\/wpnews\/wp-content\/uploads\/2020\/10\/Gustavo-Marques-gerente-Manager-de-Puma-Sports-Argentina.-_2-.jpg\"><img loading=\"lazy\" decoding=\"async\" aria-describedby=\"caption-attachment-16868\" class=\" wp-image-16868\" src=\"http:\/\/cueroamerica.info\/wpnews\/wp-content\/uploads\/2020\/10\/Gustavo-Marques-gerente-Manager-de-Puma-Sports-Argentina.-_2--182x300.jpg\" alt=\"\" width=\"133\" height=\"219\" srcset=\"http:\/\/cueroamerica.info\/wpnews\/wp-content\/uploads\/2020\/10\/Gustavo-Marques-gerente-Manager-de-Puma-Sports-Argentina.-_2--182x300.jpg 182w, http:\/\/cueroamerica.info\/wpnews\/wp-content\/uploads\/2020\/10\/Gustavo-Marques-gerente-Manager-de-Puma-Sports-Argentina.-_2-.jpg 200w\" sizes=\"auto, (max-width: 133px) 100vw, 133px\" \/><\/a><p id=\"caption-attachment-16868\" class=\"wp-caption-text\">Gustavo Marques, gerente Manager de Puma Sports Argentina.<\/p><\/div>\n<p>A su turno, Gustavo Marques, gerente Manager de PUMA Sports Argentina, reafirm\u00f3 el \u201ccompromiso de la empresa con la industria nacional y con el pa\u00eds ya que Puma apost\u00f3 desde el inicio a la producci\u00f3n nacional alcanzando un 15% de participaci\u00f3n en el mercado y queremos seguir creciendo\u201d.<\/p>\n<p>Por eso, anunci\u00f3 que la multinacional alemana incrementar\u00e1 su capacidad con dos l\u00edneas m\u00e1s de producci\u00f3n con la contrataci\u00f3n de 100 personas y una inversi\u00f3n de US$ 3 millones. Adem\u00e1s, confirm\u00f3 la decisi\u00f3n de abrir dos nuevas tiendas de PUMA en la ciudad de Buenos Aires.<\/p>\n<p>Por su parte, el secretario de Industria, Econom\u00eda del Conocimiento y Gesti\u00f3n Comercial Externa, Ariel Schale, destac\u00f3: \u201cEsta empresa, que hab\u00eda sido v\u00edctima de la desindustrializaci\u00f3n del pa\u00eds, hoy sale adelante, est\u00e1 vendiendo, generando empleo, produciendo e incorporando tecnolog\u00eda de nivel mundial\u201d.<\/p>\n<p>\u201cLo que estamos llevando adelante por convicci\u00f3n del presidente y con la gu\u00eda de Mat\u00edas Kulfas es la reversi\u00f3n de esta desindustrializaci\u00f3n. Y Puma es el ejemplo. Genera empleo donde lo necesitamos como en La Rioja. Vamos a acompa\u00f1ar a Puma para seguir fortaleci\u00e9ndola en el sendero de crecimiento del mercado, para potenciarla como exportadora\u201d, finaliz\u00f3.<\/p>\n<div id=\"attachment_16870\" style=\"width: 255px\" class=\"wp-caption alignright\"><a href=\"http:\/\/cueroamerica.info\/wpnews\/wp-content\/uploads\/2020\/10\/Vista-parcial-de-la-f\u00e1brica-de-calzado-deportivo-de-Puma-en-La-Rioja..jpg\"><img loading=\"lazy\" decoding=\"async\" aria-describedby=\"caption-attachment-16870\" class=\" wp-image-16870\" src=\"http:\/\/cueroamerica.info\/wpnews\/wp-content\/uploads\/2020\/10\/Vista-parcial-de-la-f\u00e1brica-de-calzado-deportivo-de-Puma-en-La-Rioja.-300x200.jpg\" alt=\"\" width=\"245\" height=\"163\" srcset=\"http:\/\/cueroamerica.info\/wpnews\/wp-content\/uploads\/2020\/10\/Vista-parcial-de-la-f\u00e1brica-de-calzado-deportivo-de-Puma-en-La-Rioja.-300x200.jpg 300w, http:\/\/cueroamerica.info\/wpnews\/wp-content\/uploads\/2020\/10\/Vista-parcial-de-la-f\u00e1brica-de-calzado-deportivo-de-Puma-en-La-Rioja..jpg 750w\" sizes=\"auto, (max-width: 245px) 100vw, 245px\" \/><\/a><p id=\"caption-attachment-16870\" class=\"wp-caption-text\">Vista parcial de la f\u00e1brica de calzado deportivo de Puma en La Rioja.<\/p><\/div>\n<p>El plan de inversi\u00f3n que la empresa present\u00f3 a Kulfas por videoconferencia representa un volumen adicional de 450 mil pares de calado deportivo al a\u00f1o, que se suman a los 1,4 millones de pares que produce actualmente.<\/p>\n<p>PUMA Sports Argentina, informaron las autoridades, emplea actualmente m\u00e1s de 850 personas, y con la ampliaci\u00f3n, prevista para enero de 2021, generar\u00e1 140 puestos de trabajo adicionales.<br \/>\n&#8212;&#8212;&#8212;&#8212;&#8212;&#8212;&#8212;&#8212;&#8212;&#8212;&#8212;&#8211;<br \/>\nTelam \/ CueroAm\u00e9rica<\/p>\n<p>&#8212;&#8212;&#8212;&#8212;&#8212;&#8212;&#8212;&#8212;&#8212;&#8212;&#8212;&#8212;&#8212;&#8212;&#8212;&#8211;<br \/>\nPara comunicarse con CueroAm\u00e9rica: <span style=\"color: #3366ff;\"><a style=\"color: #3366ff;\" href=\"mailto:contacto@cueroamerica.com\">contacto@cueroamerica.com<\/a><\/span><\/p>\n<table>\n<tbody>\n<tr>\n<td width=\"300\"><a href=\"https:\/\/www.smitzoon.com\/en\/\" target=\"_blank\" rel=\"noopener noreferrer\"><img decoding=\"async\" src=\"\/img\/publicidad\/sz2020a.gif\" \/><\/a><\/td>\n<td width=\"171\"><a href=\"https:\/\/www.magicfashionevents.com\/en\/digital-trade-event\/explore-micam-americas.html?tag=em_x_x_le_tsnr_fasg1fn_x_x-cueroamericaeblast&amp;utm_cueroamerica&amp;utm_medium=Email&amp;utm_campaign=MAG201-JC-cueroamerica-august-20\" target=\"_blank\"><img loading=\"lazy\" decoding=\"async\" src=\"\/img\/publicidad\/micam_cuero_digitalads_300x200_2020.gif\" width=\"300\" height=\"200\" alt=\"\"><\/a><\/td>\n<\/tr>\n<\/tbody>\n<\/table>\n","protected":false},"excerpt":{"rendered":"<p>La empresa de indumentaria deportivos Puma invertir\u00e1 unos US$ 3 millones en la Argentina. La compa\u00f1\u00eda, que planifica para aumentar la capacidad productiva de su planta en la provincia de La Rioja y crear 100 puestos de trabajo, tambi\u00e9n inform\u00f3 que invertir\u00e1 otros US$ 2 millones en dos nuevos locales en Buenos Aires, en los [&hellip;]<\/p>\n","protected":false},"author":4,"featured_media":0,"comment_status":"closed","ping_status":"closed","sticky":false,"template":"","format":"standard","meta":{"footnotes":""},"categories":[8,61],"tags":[],"class_list":["post-16882","post","type-post","status-publish","format-standard","hentry","category-empresas-y-negocios","category-noticias-de-america-latina","count-0","even alt","author-","last"],"_links":{"self":[{"href":"http:\/\/cueroamerica.info\/wpnews\/wp-json\/wp\/v2\/posts\/16882","targetHints":{"allow":["GET"]}}],"collection":[{"href":"http:\/\/cueroamerica.info\/wpnews\/wp-json\/wp\/v2\/posts"}],"about":[{"href":"http:\/\/cueroamerica.info\/wpnews\/wp-json\/wp\/v2\/types\/post"}],"author":[{"embeddable":true,"href":"http:\/\/cueroamerica.info\/wpnews\/wp-json\/wp\/v2\/users\/4"}],"replies":[{"embeddable":true,"href":"http:\/\/cueroamerica.info\/wpnews\/wp-json\/wp\/v2\/comments?post=16882"}],"version-history":[{"count":4,"href":"http:\/\/cueroamerica.info\/wpnews\/wp-json\/wp\/v2\/posts\/16882\/revisions"}],"predecessor-version":[{"id":16884,"href":"http:\/\/cueroamerica.info\/wpnews\/wp-json\/wp\/v2\/posts\/16882\/revisions\/16884"}],"wp:attachment":[{"href":"http:\/\/cueroamerica.info\/wpnews\/wp-json\/wp\/v2\/media?parent=16882"}],"wp:term":[{"taxonomy":"category","embeddable":true,"href":"http:\/\/cueroamerica.info\/wpnews\/wp-json\/wp\/v2\/categories?post=16882"},{"taxonomy":"post_tag","embeddable":true,"href":"http:\/\/cueroamerica.info\/wpnews\/wp-json\/wp\/v2\/tags?post=16882"}],"curies":[{"name":"wp","href":"https:\/\/api.w.org\/{rel}","templated":true}]}}