{"id":16931,"date":"2020-10-27T15:15:23","date_gmt":"2020-10-27T15:15:23","guid":{"rendered":"http:\/\/cueroamerica.info\/wpnews\/?p=16931"},"modified":"2020-10-27T15:15:23","modified_gmt":"2020-10-27T15:15:23","slug":"la-colombiana-ifls-eici-tuvo-su-edicion-digital-y-las-empresas-lograron-negocios","status":"publish","type":"post","link":"http:\/\/cueroamerica.info\/wpnews\/2020\/10\/la-colombiana-ifls-eici-tuvo-su-edicion-digital-y-las-empresas-lograron-negocios\/","title":{"rendered":"La colombiana IFLS + EICI tuvo su edici\u00f3n digital y las empresas lograron negocios"},"content":{"rendered":"<p><a href=\"http:\/\/cueroamerica.info\/wpnews\/wp-content\/uploads\/2020\/10\/EfOg8RAX0AEgJA8.jpg\"><img loading=\"lazy\" decoding=\"async\" class=\"wp-image-16913 alignright\" src=\"http:\/\/cueroamerica.info\/wpnews\/wp-content\/uploads\/2020\/10\/EfOg8RAX0AEgJA8-300x143.jpg\" alt=\"\" width=\"243\" height=\"116\" srcset=\"http:\/\/cueroamerica.info\/wpnews\/wp-content\/uploads\/2020\/10\/EfOg8RAX0AEgJA8-300x143.jpg 300w, http:\/\/cueroamerica.info\/wpnews\/wp-content\/uploads\/2020\/10\/EfOg8RAX0AEgJA8-768x366.jpg 768w, http:\/\/cueroamerica.info\/wpnews\/wp-content\/uploads\/2020\/10\/EfOg8RAX0AEgJA8.jpg 800w\" sizes=\"auto, (max-width: 243px) 100vw, 243px\" \/><\/a>La International Footwear and Leather Show (IFLS + EICI) cerr\u00f3 su primera edici\u00f3n digital, con \u00e9xito y buenas proyecciones de negocios, informaron sus organizadores. El evento realizado del 13 al 16 de octubre tom\u00f3 impulso por la alianza entre ACICAM y el portal digital Econexia.<\/p>\n<p>En conjunto con otras actividades de la divisi\u00f3n de textil y moda de Econexia, la feria internacional del cuero y el calzado, super\u00f3 las 700 citas de negocios, reuni\u00f3 a m\u00e1s de 300 compradores de diferentes partes de Colombia, as\u00ed como de la regi\u00f3n y Estados Unidos principalmente.<\/p>\n<p><a href=\"http:\/\/cueroamerica.info\/wpnews\/wp-content\/uploads\/2020\/10\/113823__ifl3687.jpg\"><img loading=\"lazy\" decoding=\"async\" class=\"alignleft wp-image-16911\" src=\"http:\/\/cueroamerica.info\/wpnews\/wp-content\/uploads\/2020\/10\/113823__ifl3687-300x199.jpg\" alt=\"\" width=\"243\" height=\"161\" srcset=\"http:\/\/cueroamerica.info\/wpnews\/wp-content\/uploads\/2020\/10\/113823__ifl3687-300x199.jpg 300w, http:\/\/cueroamerica.info\/wpnews\/wp-content\/uploads\/2020\/10\/113823__ifl3687.jpg 340w\" sizes=\"auto, (max-width: 243px) 100vw, 243px\" \/><\/a>La Asociaci\u00f3n Colombiana de Industriales del Calzado y la marroquiner\u00eda (ACICAM), organizadora del evento, inform\u00f3 que durante la edici\u00f3n de la feria virtual se identificaron potenciales negocios que ser\u00e1n de gran importancia para el sector en el pr\u00f3ximo a\u00f1o.<\/p>\n<p>Usualmente IFLS celebra dos ediciones anuales, en febrero y agosto, pero este a\u00f1o, la segunda edici\u00f3n fue aplazada hasta octubre, con lo que el calendario de pedidos y negocios tuvo que postergar su fecha.<\/p>\n<p>\u201cLa pandemia del coronavirus y la coyuntura del pa\u00eds han golpeado fuertemente al sector que, en el primer semestre del a\u00f1o, registr\u00f3 una producci\u00f3n de 100.000 pares de zapatos. Es decir, 170.000 pares menos que en el mismo per\u00edodo de 2019\u201d, asegur\u00f3 ACICAM.<\/p>\n<p>El sector espera un repunte importante en 2021 con un crecimiento de al menos un 10 % en su producci\u00f3n y ventas.<br \/>\n&#8212;&#8212;&#8212;&#8212;&#8212;&#8212;&#8212;&#8212;&#8212;&#8212;&#8212;&#8212;&#8211;<br \/>\nACICAM \/ CueroAm\u00e9rica<\/p>\n<p>&#8212;&#8212;&#8212;&#8212;&#8212;&#8212;&#8212;&#8212;&#8212;&#8212;&#8212;&#8212;&#8212;&#8212;&#8212;&#8211;<br \/>\nPara comunicarse con CueroAm\u00e9rica: <span style=\"color: #3366ff;\"><a style=\"color: #3366ff;\" href=\"mailto:contacto@cueroamerica.com\">contacto@cueroamerica.com<\/a><\/span><\/p>\n<table>\n<tbody>\n<tr>\n<td width=\"300\"><a href=\"http:\/\/bit.ly\/2pCZjRd\" target=\"_blank\" rel=\"noopener noreferrer\"><img loading=\"lazy\" decoding=\"async\" src=\"\/img\/publicidad\/fajulio2021_300x200.gif\" width=\"300\" height=\"200\" \/><\/a><\/td>\n<td width=\"171\"><a href=\"https:\/\/www.aclechina.com\/en-us\/\" target=\"_blank\" rel=\"noopener noreferrer\"><img decoding=\"async\" src=\"\/img\/publicidad\/ACLE2021_300x200H.jpg\" alt=\"\" width=\"auto\" height=\"auto\" \/><\/a><\/td>\n<\/tr>\n<\/tbody>\n<\/table>\n","protected":false},"excerpt":{"rendered":"<p>La International Footwear and Leather Show (IFLS + EICI) cerr\u00f3 su primera edici\u00f3n digital, con \u00e9xito y buenas proyecciones de negocios, informaron sus organizadores. El evento realizado del 13 al 16 de octubre tom\u00f3 impulso por la alianza entre ACICAM y el portal digital Econexia. En conjunto con otras actividades de la divisi\u00f3n de textil [&hellip;]<\/p>\n","protected":false},"author":4,"featured_media":0,"comment_status":"closed","ping_status":"closed","sticky":false,"template":"","format":"standard","meta":{"footnotes":""},"categories":[66,60],"tags":[],"class_list":["post-16931","post","type-post","status-publish","format-standard","hentry","category-ferias-realizadas","category-ferias","count-0","even alt","author-","last"],"_links":{"self":[{"href":"http:\/\/cueroamerica.info\/wpnews\/wp-json\/wp\/v2\/posts\/16931","targetHints":{"allow":["GET"]}}],"collection":[{"href":"http:\/\/cueroamerica.info\/wpnews\/wp-json\/wp\/v2\/posts"}],"about":[{"href":"http:\/\/cueroamerica.info\/wpnews\/wp-json\/wp\/v2\/types\/post"}],"author":[{"embeddable":true,"href":"http:\/\/cueroamerica.info\/wpnews\/wp-json\/wp\/v2\/users\/4"}],"replies":[{"embeddable":true,"href":"http:\/\/cueroamerica.info\/wpnews\/wp-json\/wp\/v2\/comments?post=16931"}],"version-history":[{"count":2,"href":"http:\/\/cueroamerica.info\/wpnews\/wp-json\/wp\/v2\/posts\/16931\/revisions"}],"predecessor-version":[{"id":16933,"href":"http:\/\/cueroamerica.info\/wpnews\/wp-json\/wp\/v2\/posts\/16931\/revisions\/16933"}],"wp:attachment":[{"href":"http:\/\/cueroamerica.info\/wpnews\/wp-json\/wp\/v2\/media?parent=16931"}],"wp:term":[{"taxonomy":"category","embeddable":true,"href":"http:\/\/cueroamerica.info\/wpnews\/wp-json\/wp\/v2\/categories?post=16931"},{"taxonomy":"post_tag","embeddable":true,"href":"http:\/\/cueroamerica.info\/wpnews\/wp-json\/wp\/v2\/tags?post=16931"}],"curies":[{"name":"wp","href":"https:\/\/api.w.org\/{rel}","templated":true}]}}