{"id":17022,"date":"2020-11-12T14:23:09","date_gmt":"2020-11-12T14:23:09","guid":{"rendered":"http:\/\/cueroamerica.info\/wpnews\/?p=17022"},"modified":"2020-11-12T14:50:26","modified_gmt":"2020-11-12T14:50:26","slug":"el-calzado-brasilero-realiza-nuevas-rondas-de-negocios-para-el-mercado-de-a-latina","status":"publish","type":"post","link":"http:\/\/cueroamerica.info\/wpnews\/2020\/11\/el-calzado-brasilero-realiza-nuevas-rondas-de-negocios-para-el-mercado-de-a-latina\/","title":{"rendered":"El calzado brasilero realiza nuevas rondas de negocios para el mercado de A. Latina"},"content":{"rendered":"\n<div class=\"wp-block-image is-style-rounded\"><figure class=\"alignleft size-large is-resized\"><a href=\"http:\/\/cueroamerica.info\/wpnews\/wp-content\/uploads\/2020\/11\/Paola-Pontin-analista-de-Promocion-Comercial-de-Abicalcados.-_3.jpg\" target=\"_blank\" rel=\"noopener noreferrer\"><img loading=\"lazy\" decoding=\"async\" src=\"http:\/\/cueroamerica.info\/wpnews\/wp-content\/uploads\/2020\/11\/Paola-Pontin-analista-de-Promocion-Comercial-de-Abicalcados.-_3.jpg\" alt=\"\" class=\"wp-image-16994\" width=\"139\" height=\"139\" srcset=\"http:\/\/cueroamerica.info\/wpnews\/wp-content\/uploads\/2020\/11\/Paola-Pontin-analista-de-Promocion-Comercial-de-Abicalcados.-_3.jpg 152w, http:\/\/cueroamerica.info\/wpnews\/wp-content\/uploads\/2020\/11\/Paola-Pontin-analista-de-Promocion-Comercial-de-Abicalcados.-_3-150x150.jpg 150w, http:\/\/cueroamerica.info\/wpnews\/wp-content\/uploads\/2020\/11\/Paola-Pontin-analista-de-Promocion-Comercial-de-Abicalcados.-_3-90x90.jpg 90w\" sizes=\"auto, (max-width: 139px) 100vw, 139px\" \/><\/a><figcaption><span style=\"color:#4f4f4f\" class=\"has-inline-color\"><sup><strong>Paola Pontin analista de Promoci\u00f3n Comercial de Abical\u00e7ados.<\/strong><\/sup><\/span><\/figcaption><\/figure><\/div>\n\n\n<p>En vista del \u00e9xito de la primera edici\u00f3n, as\u00ed como de la alta demanda de las empresas, el programa Brazilian Footwear promover\u00e1 la segunda edici\u00f3n de las mesas de negocios con compradores de Latinoam\u00e9rica.<\/p>\n<p>Seg\u00fan Paola Pontin, analista de Promoci\u00f3n Comercial de Abical\u00e7ados, la iniciativa se llevar\u00e1 a cabo en el mismo formato que la edici\u00f3n anterior. En esa oportunidad 20 marcas de calzado cerraron acuerdos por US$ 1,2 millones. \u201cLas marcas llenan un perfil con su tipo de producto e inter\u00e9s, y desde all\u00ed se programan reuniones de acuerdo a la demanda de los compradores seleccionados\u201d, explic\u00f3.<\/p>\n<p>En esta edici\u00f3n, los encuentros con compradores de Colombia, Ecuador y Per\u00fa se llevar\u00e1n a cabo entre el 23 de noviembre y el 4 de diciembre. Las marcas Perlatto, Macboot, Tnin, Petite Jolie, Flor\u00e9 y Vero Moc ya han confirmado su presencia.<\/p>\n\n\n<div class=\"wp-block-image\"><figure class=\"alignright size-large is-resized\"><a href=\"http:\/\/cueroamerica.info\/wpnews\/wp-content\/uploads\/2020\/11\/Fabrica-de-calzados-en-Nova-Serrana-Brasil..jpg\" target=\"_blank\" rel=\"noopener noreferrer\"><img loading=\"lazy\" decoding=\"async\" src=\"http:\/\/cueroamerica.info\/wpnews\/wp-content\/uploads\/2020\/11\/Fabrica-de-calzados-en-Nova-Serrana-Brasil..jpg\" alt=\"\" class=\"wp-image-16990\" width=\"220\" height=\"165\" srcset=\"http:\/\/cueroamerica.info\/wpnews\/wp-content\/uploads\/2020\/11\/Fabrica-de-calzados-en-Nova-Serrana-Brasil..jpg 620w, http:\/\/cueroamerica.info\/wpnews\/wp-content\/uploads\/2020\/11\/Fabrica-de-calzados-en-Nova-Serrana-Brasil.-300x225.jpg 300w\" sizes=\"auto, (max-width: 220px) 100vw, 220px\" \/><\/a><figcaption><span style=\"color:#4f4f4f\" class=\"has-inline-color\"><sup><strong>F\u00e1brica de calzados en Nova Serrana, Brasil.<\/strong><\/sup><\/span><\/figcaption><\/figure><\/div>\n\n\n<p>Brazilian Footwear es un programa de incentivos a la exportaci\u00f3n desarrollado por Abical\u00e7ados en asociaci\u00f3n con Apex-Brasil. Este programa tiene como objetivo incrementar las exportaciones de marcas brasile\u00f1as de calzado a trav\u00e9s de acciones de desarrollo, promoci\u00f3n comercial e imagen dirigidas al mercado internacional. Descubra: <a href=\"http:\/\/www.brazilianfootwear.com.br\" target=\"_blank\" rel=\"noopener noreferrer\">www.brazilianfootwear.com.br<\/a> | <a href=\"http:\/\/www.abicalcados.com.br\/brazilianfootwear\" target=\"_blank\" rel=\"noopener noreferrer\">www.abicalcados.com.br\/brazilianfootwear<\/a>.<\/p>\n<p>Brazilian Footwear es un sistema de apoyo a las exportaciones de calzado mantenido por la Asociaci\u00f3n Brasile\u00f1a de la Industria del Calzado (Abical\u00e7ados) en alianza con la Agencia Brasile\u00f1a de Promoci\u00f3n de Comercio e Inversiones (Apex -Brasil),<br>&#8212;&#8212;&#8212;&#8212;&#8212;&#8212;&#8212;&#8212;&#8212;&#8212;&#8212;&#8212;&#8212;&#8212;<br>Abical\u00e7ados \/ CueroAm\u00e9rica<\/p>\n<p>&#8212;&#8212;&#8212;&#8212;&#8212;&#8212;&#8212;&#8212;&#8212;&#8212;&#8212;&#8212;&#8212;&#8212;&#8212;&#8211;<br>Para comunicarse con CueroAm\u00e9rica: <span style=\"color: #3366ff;\"><a style=\"color: #3366ff;\" href=\"mailto:contacto@cueroamerica.com\">contacto@cueroamerica.com<\/a><\/span><\/p>\n<table>\n<tbody>\n<tr>\n<td width=\"300\"><a href=\"http:\/\/bit.ly\/2pJGRot\" target=\"_blank\" rel=\"noopener noreferrer\"><img loading=\"lazy\" decoding=\"async\" src=\"\/img\/publicidad\/lanxess2019-static.jpg\" width=\"300\" height=\"200\"><\/a><\/td>\n<td width=\"171\"><a href=\"http:\/\/bit.ly\/2pCZjRd\" target=\"_blank\" rel=\"noopener noreferrer\"><img loading=\"lazy\" decoding=\"async\" src=\"\/img\/publicidad\/fajulio2021_300x200.gif\" width=\"300\" height=\"200\"><\/a><\/td>\n<\/tr>\n<\/tbody>\n<\/table>","protected":false},"excerpt":{"rendered":"<p>En vista del \u00e9xito de la primera edici\u00f3n, as\u00ed como de la alta demanda de las empresas, el programa Brazilian Footwear promover\u00e1 la segunda edici\u00f3n de las mesas de negocios con compradores de Latinoam\u00e9rica. Seg\u00fan Paola Pontin, analista de Promoci\u00f3n Comercial de Abical\u00e7ados, la iniciativa se llevar\u00e1 a cabo en el mismo formato que la [&hellip;]<\/p>\n","protected":false},"author":4,"featured_media":0,"comment_status":"closed","ping_status":"closed","sticky":false,"template":"","format":"standard","meta":{"footnotes":""},"categories":[70,61],"tags":[],"class_list":["post-17022","post","type-post","status-publish","format-standard","hentry","category-mercados","category-noticias-de-america-latina","count-0","even alt","author-","last"],"_links":{"self":[{"href":"http:\/\/cueroamerica.info\/wpnews\/wp-json\/wp\/v2\/posts\/17022","targetHints":{"allow":["GET"]}}],"collection":[{"href":"http:\/\/cueroamerica.info\/wpnews\/wp-json\/wp\/v2\/posts"}],"about":[{"href":"http:\/\/cueroamerica.info\/wpnews\/wp-json\/wp\/v2\/types\/post"}],"author":[{"embeddable":true,"href":"http:\/\/cueroamerica.info\/wpnews\/wp-json\/wp\/v2\/users\/4"}],"replies":[{"embeddable":true,"href":"http:\/\/cueroamerica.info\/wpnews\/wp-json\/wp\/v2\/comments?post=17022"}],"version-history":[{"count":14,"href":"http:\/\/cueroamerica.info\/wpnews\/wp-json\/wp\/v2\/posts\/17022\/revisions"}],"predecessor-version":[{"id":17056,"href":"http:\/\/cueroamerica.info\/wpnews\/wp-json\/wp\/v2\/posts\/17022\/revisions\/17056"}],"wp:attachment":[{"href":"http:\/\/cueroamerica.info\/wpnews\/wp-json\/wp\/v2\/media?parent=17022"}],"wp:term":[{"taxonomy":"category","embeddable":true,"href":"http:\/\/cueroamerica.info\/wpnews\/wp-json\/wp\/v2\/categories?post=17022"},{"taxonomy":"post_tag","embeddable":true,"href":"http:\/\/cueroamerica.info\/wpnews\/wp-json\/wp\/v2\/tags?post=17022"}],"curies":[{"name":"wp","href":"https:\/\/api.w.org\/{rel}","templated":true}]}}