{"id":17084,"date":"2020-11-19T13:02:09","date_gmt":"2020-11-19T13:02:09","guid":{"rendered":"http:\/\/cueroamerica.info\/wpnews\/?p=17084"},"modified":"2020-11-19T13:03:49","modified_gmt":"2020-11-19T13:03:49","slug":"argentina-lanzo-un-programa-de-exportacion-para-15-000-pymes-con-fuerte-respaldo","status":"publish","type":"post","link":"http:\/\/cueroamerica.info\/wpnews\/2020\/11\/argentina-lanzo-un-programa-de-exportacion-para-15-000-pymes-con-fuerte-respaldo\/","title":{"rendered":"Argentina lanz\u00f3 un programa de exportaci\u00f3n para 15.000 PYMES con fuerte respaldo"},"content":{"rendered":"<p><a href=\"http:\/\/cueroamerica.info\/wpnews\/wp-content\/uploads\/2020\/11\/Fabrica-_3.jpg\"><img loading=\"lazy\" decoding=\"async\" class=\" wp-image-17078 alignright\" src=\"http:\/\/cueroamerica.info\/wpnews\/wp-content\/uploads\/2020\/11\/Fabrica-_3-300x143.jpg\" alt=\"\" width=\"243\" height=\"116\" srcset=\"http:\/\/cueroamerica.info\/wpnews\/wp-content\/uploads\/2020\/11\/Fabrica-_3-300x143.jpg 300w, http:\/\/cueroamerica.info\/wpnews\/wp-content\/uploads\/2020\/11\/Fabrica-_3-768x366.jpg 768w, http:\/\/cueroamerica.info\/wpnews\/wp-content\/uploads\/2020\/11\/Fabrica-_3.jpg 867w\" sizes=\"auto, (max-width: 243px) 100vw, 243px\" \/><\/a>El Gobierno argentino concret\u00f3 la presentaci\u00f3n de un plan para apoyar las exportaciones que involucra a 15.000 Peque\u00f1as y Medianas Empresas, PyMEs, con una inversi\u00f3n de 20.000 millones de pesos argentinos (unos US$ 235 millones).<\/p>\n<p>El Ministerio de Desarrollo Productivo de Argentina lanz\u00f3 el Plan de Desarrollo Federal Exportador PyME que, seg\u00fan afirmaron, busca impulsar las capacidades exportadoras de 15.000 PyMEs de todo el pa\u00eds.<\/p>\n<p>Se trabajar\u00e1 en cuatro ejes como la capacitaci\u00f3n, asistencia t\u00e9cnica, financiamiento, promoci\u00f3n y posicionamiento. Tambi\u00e9n se anunci\u00f3 la creaci\u00f3n de Centros PyME en universidades nacionales de todo el pa\u00eds.<\/p>\n<div id=\"attachment_17085\" style=\"width: 136px\" class=\"wp-caption alignleft\"><a href=\"http:\/\/cueroamerica.info\/wpnews\/wp-content\/uploads\/2020\/11\/Matias-Kulfas-ministro-de-Desarrollo-Productivo.-_2-.jpg\"><img loading=\"lazy\" decoding=\"async\" aria-describedby=\"caption-attachment-17085\" class=\" wp-image-17085\" src=\"http:\/\/cueroamerica.info\/wpnews\/wp-content\/uploads\/2020\/11\/Matias-Kulfas-ministro-de-Desarrollo-Productivo.-_2--190x300.jpg\" alt=\"\" width=\"126\" height=\"199\" srcset=\"http:\/\/cueroamerica.info\/wpnews\/wp-content\/uploads\/2020\/11\/Matias-Kulfas-ministro-de-Desarrollo-Productivo.-_2--190x300.jpg 190w, http:\/\/cueroamerica.info\/wpnews\/wp-content\/uploads\/2020\/11\/Matias-Kulfas-ministro-de-Desarrollo-Productivo.-_2-.jpg 375w\" sizes=\"auto, (max-width: 126px) 100vw, 126px\" \/><\/a><p id=\"caption-attachment-17085\" class=\"wp-caption-text\">Mat\u00edas Kulfas, ministro de Desarrollo Productivo.<\/p><\/div>\n<p>El ministro Mat\u00edas Kulfas estuvo acompa\u00f1ado por los secretarios de Peque\u00f1as y Medianas Empresas y Emprendedores, Guillermo Merediz; de Pol\u00edticas Universitarias, Jaime Perzcyk, y el presidente de la Agencia Argentina de Inversiones y Comercio Internacional, Juan Usandivaras, ministros, rectores y titulares de agencias de desarrollo de toda la Argentina.<\/p>\n<p>Seg\u00fan inform\u00f3 el ministerio de Desarrollo, Argentina registra una ca\u00edda sostenida en sus exportaciones en los \u00faltimos a\u00f1os y a esta disminuci\u00f3n se suma la baja participaci\u00f3n de las Peque\u00f1as y Medianas Empresas en el caudal exportado ya que, seg\u00fan cifras oficiales, en 2019 represent\u00f3 solo el 17% del total.<\/p>\n<p>Kulfas sostuvo que el objetivo es \u201cque miles de PyMEs exportadoras se capaciten para que puedan llegar a nuevos mercados. Vamos a hacer un trabajo muy fuerte, con mucha asistencia t\u00e9cnica. En paralelo estamos haciendo un trabajo con la Canciller\u00eda para generar nuevos mercados, porque ah\u00ed vemos una oportunidad enorme. Estamos trabajando tanto desde el punto de vista de los incentivos sectoriales como en mejorar las capacidades exportadoras y de promoci\u00f3n internacional\u201d.<\/p>\n<p>Por su parte, Merediz se\u00f1al\u00f3 que el plan federal que presentaron \u201cinvolucra una transformaci\u00f3n en la manera de implementar la pol\u00edtica de exportaciones, que tendr\u00e1 como base una pol\u00edtica productiva e industrial de desarrollo federal. Buscamos que todas las PyMEs del pa\u00eds tengan la asistencia, capacitaci\u00f3n y el financiamiento necesario para generar una agenda exportadora. Es un programa innovador porque incorporamos el financiamiento a universidades nacionales y agencias de desarrollo local, en todo el territorio, para garantizar el acceso federal y disminuir las heterogeneidades productivas\u00bb<\/p>\n<p>A su turno, Perzcyk expres\u00f3 la convicci\u00f3n de que \u201cla producci\u00f3n, el trabajo y el desarrollo de las Pymes son constitutivas de la tarea que realiza la Universidad P\u00fablica argentina. La Universidad tiene una responsabilidad con una agenda productiva de nuestro pa\u00eds\u00bb.<\/p>\n<p><a href=\"http:\/\/cueroamerica.info\/wpnews\/wp-content\/uploads\/2020\/11\/Fabrica_.jpg\"><img loading=\"lazy\" decoding=\"async\" class=\" wp-image-17079 alignright\" src=\"http:\/\/cueroamerica.info\/wpnews\/wp-content\/uploads\/2020\/11\/Fabrica_-300x211.jpg\" alt=\"\" width=\"245\" height=\"172\" srcset=\"http:\/\/cueroamerica.info\/wpnews\/wp-content\/uploads\/2020\/11\/Fabrica_-300x211.jpg 300w, http:\/\/cueroamerica.info\/wpnews\/wp-content\/uploads\/2020\/11\/Fabrica_.jpg 432w\" sizes=\"auto, (max-width: 245px) 100vw, 245px\" \/><\/a>Plan de Desarrollo Federal Exportador PyME contempla la sensibilizaci\u00f3n y capacitaci\u00f3n para fortalecer competencias exportadoras. En 2021 se capacitar\u00e1 a 13.000 PyMEs en conjunto con la Agencia Argentina de Inversiones y Comercio Internacional.<\/p>\n<p>Se proveer\u00e1 asistencia t\u00e9cnica para mejorar la competitividad y productividad de las PyMEs. Asimismo, se implementar\u00e1n llamados espec\u00edficos de los programas Expertos PyME y PAC (Programa de Apoyo a la Competitividad) orientados al diagn\u00f3stico, desarrollo de planes exportadores, identificaci\u00f3n de nuevos mercados, mejora de procesos productivos, certificaciones, adaptaciones de productos y comunicaci\u00f3n estrat\u00e9gica, entre otros. Tambi\u00e9n se financiar\u00e1n proyectos asociativos para promover clusters exportadores.<\/p>\n<p>El programa incluye financiamiento integral para acompa\u00f1ar los planes exportadores. A la l\u00ednea de Internacionalizaci\u00f3n de las PyMEs que ya est\u00e1 en funcionamiento con el BICE (Banco de Inversi\u00f3n y Comercio Exterior) se sumar\u00e1n nuevas l\u00edneas en 2021 por un monto total de $ 10.000 millones.<\/p>\n<p>En relaci\u00f3n a la promoci\u00f3n y posicionamiento para vincular la oferta de bienes y servicios con calidad exportable con mercados externos, \u201cse promover\u00e1 el desarrollo de marcas sectoriales, la vinculaci\u00f3n de la oferta exportable de sectores estrat\u00e9gicos con grandes demandantes de otros pa\u00edses, y se llevar\u00e1n adelante rondas de negocios y acciones de promoci\u00f3n\u201d, explican.<\/p>\n<p>Seg\u00fan se inform\u00f3, ya se abri\u00f3 la convocatoria para acceder a Aportes No Reembolsables del Programa de Competitividad de Econom\u00edas Regionales (Procer). El llamado de este a\u00f1o financiar\u00e1, por un lado, la creaci\u00f3n o fortalecimiento de Centros Universitarios PyME por un monto total de $300 millones.<\/p>\n<p>Estos Centros estar\u00e1n ubicados en universidades nacionales, y tendr\u00e1n como objetivo brindar asistencia t\u00e9cnica a MiPyMEs y cadenas de valor estrat\u00e9gicas en articulaci\u00f3n con los gobiernos provinciales y locales. La convocatoria tambi\u00e9n incluye el financiamiento de proyectos con un monto extra de $1.500.000.<\/p>\n<p>El Programa PROCER tambi\u00e9n financiar\u00e1 el fortalecimiento institucional de Agencias de Desarrollo Local, Centros de Servicios Empresariales a MiPyMEs y Redes que nuclean a las anteriores entidades a trav\u00e9s de ANRs por un monto total de $160 millones. Las entidades podr\u00e1n acceder a Aportes No Reembolsables de hasta $3.200.000 para llevar adelante actividades dirigidas al fortalecimiento interno, y dirigidas a mejorar su desempe\u00f1o mediante acciones de capacitaci\u00f3n, consultor\u00edas, estudios sectoriales y asistencias t\u00e9cnicas.<br \/>\n&#8212;&#8212;&#8212;&#8212;&#8212;&#8212;&#8212;&#8212;&#8212;&#8212;&#8212;&#8212;<br \/>\n\u00c1mbito \/ CueroAm\u00e9rica<\/p>\n<p>&#8212;&#8212;&#8212;&#8212;&#8212;&#8212;&#8212;&#8212;&#8212;&#8212;&#8212;&#8212;&#8212;&#8212;&#8212;&#8211;<br \/>\nPara comunicarse con CueroAm\u00e9rica: <span style=\"color: #3366ff;\"><a style=\"color: #3366ff;\" href=\"mailto:contacto@cueroamerica.com\">contacto@cueroamerica.com<\/a><\/span><\/p>\n<table>\n<tbody>\n<tr>\n<td width=\"300\"><a href=\"mailto:info@algoselan.com.ar\" target=\"_blank\" rel=\"noopener noreferrer\"><img loading=\"lazy\" decoding=\"async\" src=\"http:\/\/comunidadtextil.com\/publicidad\/af-2020-300x200px.gif\" alt=\"\" width=\"300\" height=\"200\" border=\"0\" \/><\/a><\/td>\n<td width=\"171\"><a href=\"http:\/\/bit.ly\/2tYQMZ1\" target=\"_blank\" rel=\"noopener noreferrer\"><img loading=\"lazy\" decoding=\"async\" src=\"\/img\/publicidad\/empresrl072017.gif\" alt=\"\" width=\"300\" height=\"200\" \/><\/a><\/td>\n<\/tr>\n<\/tbody>\n<\/table>\n","protected":false},"excerpt":{"rendered":"<p>El Gobierno argentino concret\u00f3 la presentaci\u00f3n de un plan para apoyar las exportaciones que involucra a 15.000 Peque\u00f1as y Medianas Empresas, PyMEs, con una inversi\u00f3n de 20.000 millones de pesos argentinos (unos US$ 235 millones). El Ministerio de Desarrollo Productivo de Argentina lanz\u00f3 el Plan de Desarrollo Federal Exportador PyME que, seg\u00fan afirmaron, busca impulsar [&hellip;]<\/p>\n","protected":false},"author":4,"featured_media":0,"comment_status":"closed","ping_status":"closed","sticky":false,"template":"","format":"standard","meta":{"footnotes":""},"categories":[70,61],"tags":[],"class_list":["post-17084","post","type-post","status-publish","format-standard","hentry","category-mercados","category-noticias-de-america-latina","count-0","even alt","author-","last"],"_links":{"self":[{"href":"http:\/\/cueroamerica.info\/wpnews\/wp-json\/wp\/v2\/posts\/17084","targetHints":{"allow":["GET"]}}],"collection":[{"href":"http:\/\/cueroamerica.info\/wpnews\/wp-json\/wp\/v2\/posts"}],"about":[{"href":"http:\/\/cueroamerica.info\/wpnews\/wp-json\/wp\/v2\/types\/post"}],"author":[{"embeddable":true,"href":"http:\/\/cueroamerica.info\/wpnews\/wp-json\/wp\/v2\/users\/4"}],"replies":[{"embeddable":true,"href":"http:\/\/cueroamerica.info\/wpnews\/wp-json\/wp\/v2\/comments?post=17084"}],"version-history":[{"count":4,"href":"http:\/\/cueroamerica.info\/wpnews\/wp-json\/wp\/v2\/posts\/17084\/revisions"}],"predecessor-version":[{"id":17090,"href":"http:\/\/cueroamerica.info\/wpnews\/wp-json\/wp\/v2\/posts\/17084\/revisions\/17090"}],"wp:attachment":[{"href":"http:\/\/cueroamerica.info\/wpnews\/wp-json\/wp\/v2\/media?parent=17084"}],"wp:term":[{"taxonomy":"category","embeddable":true,"href":"http:\/\/cueroamerica.info\/wpnews\/wp-json\/wp\/v2\/categories?post=17084"},{"taxonomy":"post_tag","embeddable":true,"href":"http:\/\/cueroamerica.info\/wpnews\/wp-json\/wp\/v2\/tags?post=17084"}],"curies":[{"name":"wp","href":"https:\/\/api.w.org\/{rel}","templated":true}]}}