{"id":17123,"date":"2020-11-30T15:35:30","date_gmt":"2020-11-30T15:35:30","guid":{"rendered":"http:\/\/cueroamerica.info\/wpnews\/?p=17123"},"modified":"2020-11-30T15:35:30","modified_gmt":"2020-11-30T15:35:30","slug":"fimec-confirmo-que-realizara-una-feria-presencial-que-sera-del-9-al-11-de-marzo-de-2021","status":"publish","type":"post","link":"http:\/\/cueroamerica.info\/wpnews\/2020\/11\/fimec-confirmo-que-realizara-una-feria-presencial-que-sera-del-9-al-11-de-marzo-de-2021\/","title":{"rendered":"Fimec confirm\u00f3 que realizar\u00e1 una feria presencial que ser\u00e1 del 9 al 11 de marzo de 2021"},"content":{"rendered":"<p><a href=\"http:\/\/cueroamerica.info\/wpnews\/wp-content\/uploads\/2020\/11\/DSS4071.jpg\"><img loading=\"lazy\" decoding=\"async\" class=\" wp-image-17115 alignright\" src=\"http:\/\/cueroamerica.info\/wpnews\/wp-content\/uploads\/2020\/11\/DSS4071-300x200.jpg\" alt=\"\" width=\"243\" height=\"162\" srcset=\"http:\/\/cueroamerica.info\/wpnews\/wp-content\/uploads\/2020\/11\/DSS4071-300x200.jpg 300w, http:\/\/cueroamerica.info\/wpnews\/wp-content\/uploads\/2020\/11\/DSS4071-1024x684.jpg 1024w, http:\/\/cueroamerica.info\/wpnews\/wp-content\/uploads\/2020\/11\/DSS4071-768x513.jpg 768w, http:\/\/cueroamerica.info\/wpnews\/wp-content\/uploads\/2020\/11\/DSS4071-1536x1025.jpg 1536w, http:\/\/cueroamerica.info\/wpnews\/wp-content\/uploads\/2020\/11\/DSS4071.jpg 2048w\" sizes=\"auto, (max-width: 243px) 100vw, 243px\" \/><\/a>La Feria Internacional de Cueros, Qu\u00edmicos, Componentes, Maquinaria y Equipo para Calzado y Curtidur\u00edas, FIMEC, anunci\u00f3 que realizar\u00e1 la 45\u00b0 edici\u00f3n de su feria los d\u00edas 9, 10 y 11 de marzo de 2021, de 13 a 20 horas. Ser\u00e1 en kos tradicionales pabellones de la Fenac, en Novo Hamburgo\/RS, Brasil y bajo el lema \u201cLa \u00fanica que tiene todo para crear ma\u00f1ana\u201d. La feria anuncia que presentar\u00e1 materiales, componentes, tecnolog\u00eda y servicios para \u201cuna industria del calzado cada vez m\u00e1s sostenible, atenta al comportamiento del mercado y basada en la econom\u00eda circular\u201d.<\/p>\n<p>Desde la producci\u00f3n hasta la log\u00edstica, Fimec presentar\u00e1 novedades en cueros y pieles, qu\u00edmicos, componentes, m\u00e1quinas, tecnolog\u00eda e innovaci\u00f3n para todo el sector del calzado. Los organizadores aseguran que, adem\u00e1s de las novedades de los expositores, Fimec 2021 contar\u00e1 con sus atractivos tradicionales.<\/p>\n<p><a href=\"http:\/\/cueroamerica.info\/wpnews\/wp-content\/uploads\/2020\/11\/DSC8200.jpg\"><img loading=\"lazy\" decoding=\"async\" class=\"alignleft wp-image-17114\" src=\"http:\/\/cueroamerica.info\/wpnews\/wp-content\/uploads\/2020\/11\/DSC8200-300x200.jpg\" alt=\"\" width=\"233\" height=\"155\" srcset=\"http:\/\/cueroamerica.info\/wpnews\/wp-content\/uploads\/2020\/11\/DSC8200-300x200.jpg 300w, http:\/\/cueroamerica.info\/wpnews\/wp-content\/uploads\/2020\/11\/DSC8200-1024x684.jpg 1024w, http:\/\/cueroamerica.info\/wpnews\/wp-content\/uploads\/2020\/11\/DSC8200-768x513.jpg 768w, http:\/\/cueroamerica.info\/wpnews\/wp-content\/uploads\/2020\/11\/DSC8200-1536x1025.jpg 1536w, http:\/\/cueroamerica.info\/wpnews\/wp-content\/uploads\/2020\/11\/DSC8200.jpg 2048w\" sizes=\"auto, (max-width: 233px) 100vw, 233px\" \/><\/a>Uno de ellos ser\u00e1 el IV Fimec Forum, que tendr\u00e1 lugar el segundo d\u00eda del evento, el 10 de marzo, aportando contenidos innovadores al sector del cuero-calzado. La actividad brindar\u00e1 debates sobre temas relevantes, adem\u00e1s de intercambiar experiencias con profesionales de referencia nacional e internacional, networking y actualizaci\u00f3n para generar oportunidad de negocio.<\/p>\n<p>Otro atractivo importante, ya confirmado, ser\u00e1 la F\u00e1brica Concepto 2021, un espacio que mostrar\u00e1 la producci\u00f3n de calzado en tiempo real, con el objetivo de presentar al visitante la aplicabilidad de los procesos y equipamientos expuestos en Fimec.<\/p>\n<p>En la edici\u00f3n de marzo el foco de atracci\u00f3n de la F\u00e1brica Concepto ser\u00e1 la sostenibilidad y tendr\u00e1 tres l\u00edneas de producci\u00f3n. El espacio buscar\u00e1 mostrar la calidad, el dise\u00f1o y la condici\u00f3n sustentable del calzado brasilero. Tambi\u00e9n estar\u00e1 el Estudio Fimec, un espacio dedicado a pensar en el futuro de la moda a partir del comportamiento del consumidor, el desarrollo de productos y el consumo.<\/p>\n<p><a href=\"http:\/\/cueroamerica.info\/wpnews\/wp-content\/uploads\/2020\/11\/Fimec-2019_-Foto-Diego-Soares-Talenttare.jpg\"><img loading=\"lazy\" decoding=\"async\" class=\" wp-image-17113 alignright\" src=\"http:\/\/cueroamerica.info\/wpnews\/wp-content\/uploads\/2020\/11\/Fimec-2019_-Foto-Diego-Soares-Talenttare-300x200.jpg\" alt=\"\" width=\"249\" height=\"166\" srcset=\"http:\/\/cueroamerica.info\/wpnews\/wp-content\/uploads\/2020\/11\/Fimec-2019_-Foto-Diego-Soares-Talenttare-300x200.jpg 300w, http:\/\/cueroamerica.info\/wpnews\/wp-content\/uploads\/2020\/11\/Fimec-2019_-Foto-Diego-Soares-Talenttare-768x513.jpg 768w, http:\/\/cueroamerica.info\/wpnews\/wp-content\/uploads\/2020\/11\/Fimec-2019_-Foto-Diego-Soares-Talenttare.jpg 1000w\" sizes=\"auto, (max-width: 249px) 100vw, 249px\" \/><\/a>Para esta edici\u00f3n, Estudio FIMEC abordar\u00e1 el concepto de consumo consciente, explorando la sostenibilidad de los consumidores, materiales de productos naturales, extra\u00eddos de forma sostenible y te\u00f1idos ecol\u00f3gicamente. Tambi\u00e9n se explorar\u00e1n temas como el tratamiento y reutilizaci\u00f3n de residuos para la producci\u00f3n de componentes de calzado y la tecnolog\u00eda digital para el desarrollo de hormas de calzado, sin la producci\u00f3n de residuos en su desarrollo.<br \/>\n&#8212;&#8212;&#8212;&#8212;&#8212;&#8212;&#8212;&#8212;&#8212;&#8212;&#8212;&#8212;<br \/>\nFIMEC \/ CueroAm\u00e9rica<\/p>\n<p>&#8212;&#8212;&#8212;&#8212;&#8212;&#8212;&#8212;&#8212;&#8212;&#8212;&#8212;&#8212;&#8212;&#8212;&#8212;&#8211;<br \/>\nPara comunicarse con CueroAm\u00e9rica: <span style=\"color: #3366ff;\"><a style=\"color: #3366ff;\" href=\"mailto:contacto@cueroamerica.com\">contacto@cueroamerica.com<\/a><\/span><\/p>\n<table>\n<tbody>\n<tr>\n<td width=\"300\"><a href=\"http:\/\/bit.ly\/2p9UM5w\" target=\"_blank\" rel=\"noopener noreferrer\"><img loading=\"lazy\" decoding=\"async\" src=\"\/img\/publicidad\/aplfjul2021_300x200.gif\" width=\"300\" height=\"200\" \/><\/a><\/td>\n<td width=\"171\"><a href=\"http:\/\/bit.ly\/2pK0gG1\" target=\"_blank\" rel=\"noopener noreferrer\"><img loading=\"lazy\" decoding=\"async\" src=\"\/img\/publicidad\/dfs2017.gif\" alt=\"\" width=\"300\" height=\"200\" border=\"0\" \/><\/a><\/td>\n<\/tr>\n<\/tbody>\n<\/table>\n","protected":false},"excerpt":{"rendered":"<p>La Feria Internacional de Cueros, Qu\u00edmicos, Componentes, Maquinaria y Equipo para Calzado y Curtidur\u00edas, FIMEC, anunci\u00f3 que realizar\u00e1 la 45\u00b0 edici\u00f3n de su feria los d\u00edas 9, 10 y 11 de marzo de 2021, de 13 a 20 horas. Ser\u00e1 en kos tradicionales pabellones de la Fenac, en Novo Hamburgo\/RS, Brasil y bajo el lema [&hellip;]<\/p>\n","protected":false},"author":4,"featured_media":0,"comment_status":"closed","ping_status":"closed","sticky":false,"template":"","format":"standard","meta":{"footnotes":""},"categories":[65,60],"tags":[],"class_list":["post-17123","post","type-post","status-publish","format-standard","hentry","category-ferias-proximas","category-ferias","count-0","even alt","author-","last"],"_links":{"self":[{"href":"http:\/\/cueroamerica.info\/wpnews\/wp-json\/wp\/v2\/posts\/17123","targetHints":{"allow":["GET"]}}],"collection":[{"href":"http:\/\/cueroamerica.info\/wpnews\/wp-json\/wp\/v2\/posts"}],"about":[{"href":"http:\/\/cueroamerica.info\/wpnews\/wp-json\/wp\/v2\/types\/post"}],"author":[{"embeddable":true,"href":"http:\/\/cueroamerica.info\/wpnews\/wp-json\/wp\/v2\/users\/4"}],"replies":[{"embeddable":true,"href":"http:\/\/cueroamerica.info\/wpnews\/wp-json\/wp\/v2\/comments?post=17123"}],"version-history":[{"count":1,"href":"http:\/\/cueroamerica.info\/wpnews\/wp-json\/wp\/v2\/posts\/17123\/revisions"}],"predecessor-version":[{"id":17124,"href":"http:\/\/cueroamerica.info\/wpnews\/wp-json\/wp\/v2\/posts\/17123\/revisions\/17124"}],"wp:attachment":[{"href":"http:\/\/cueroamerica.info\/wpnews\/wp-json\/wp\/v2\/media?parent=17123"}],"wp:term":[{"taxonomy":"category","embeddable":true,"href":"http:\/\/cueroamerica.info\/wpnews\/wp-json\/wp\/v2\/categories?post=17123"},{"taxonomy":"post_tag","embeddable":true,"href":"http:\/\/cueroamerica.info\/wpnews\/wp-json\/wp\/v2\/tags?post=17123"}],"curies":[{"name":"wp","href":"https:\/\/api.w.org\/{rel}","templated":true}]}}