{"id":17138,"date":"2020-12-10T16:18:32","date_gmt":"2020-12-10T16:18:32","guid":{"rendered":"http:\/\/cueroamerica.info\/wpnews\/?p=17138"},"modified":"2020-12-10T16:18:32","modified_gmt":"2020-12-10T16:18:32","slug":"maria-vittoria-brustia-preside-assomac-la-entidade-italiana-de-fabricantes-de-maquinas","status":"publish","type":"post","link":"http:\/\/cueroamerica.info\/wpnews\/2020\/12\/maria-vittoria-brustia-preside-assomac-la-entidade-italiana-de-fabricantes-de-maquinas\/","title":{"rendered":"Maria Vittoria Brustia preside Assomac, la entidade italiana de fabricantes de m\u00e1quinas"},"content":{"rendered":"<p><a href=\"http:\/\/cueroamerica.info\/wpnews\/wp-content\/uploads\/2020\/12\/assemblea1.jpg\"><img loading=\"lazy\" decoding=\"async\" class=\"wp-image-17128 alignleft\" src=\"http:\/\/cueroamerica.info\/wpnews\/wp-content\/uploads\/2020\/12\/assemblea1-300x221.jpg\" alt=\"\" width=\"238\" height=\"175\" srcset=\"http:\/\/cueroamerica.info\/wpnews\/wp-content\/uploads\/2020\/12\/assemblea1-300x221.jpg 300w, http:\/\/cueroamerica.info\/wpnews\/wp-content\/uploads\/2020\/12\/assemblea1-768x567.jpg 768w, http:\/\/cueroamerica.info\/wpnews\/wp-content\/uploads\/2020\/12\/assemblea1.jpg 934w\" sizes=\"auto, (max-width: 238px) 100vw, 238px\" \/><\/a>Assomac, la asociaci\u00f3n que agrupa a los fabricantes de tecnolog\u00edas para la cadena de suministro del cuero) celebr\u00f3 su Asamblea Anual. Una oportunidad para hacer un balance de la situaci\u00f3n econ\u00f3mica, pero, sobre todo, para destacar los cambios en curso. En primer lugar, el del paso de la presidencia. Despu\u00e9s de 5 a\u00f1os, de hecho, Gabriella Marchioni Bocca (Lamebo) dej\u00f3 esa responsabilidad a Maria Vittoria Brustia (Brustia Alfameccanica).<\/p>\n<p>La ingeniera Maria Vittoria Brustia, la nueva titular de ASSOMAC es presidenta de la compa\u00f1\u00eda Brustia Alfameccanica y tiene una activa vida pol\u00edtica en su Vigevano natal. Ser\u00e1 secundada por los vicepresidentes Mauro Bergozza, CEO de Bergi Spa y Cristiano Paccagnella , Gerente General de Omac Srl.<\/p>\n<div id=\"attachment_17133\" style=\"width: 177px\" class=\"wp-caption alignright\"><a href=\"http:\/\/cueroamerica.info\/wpnews\/wp-content\/uploads\/2020\/12\/Maria-Vittoria-Brustia-presidenta-de-ASSOMAC..jpg\"><img loading=\"lazy\" decoding=\"async\" aria-describedby=\"caption-attachment-17133\" class=\" wp-image-17133\" src=\"http:\/\/cueroamerica.info\/wpnews\/wp-content\/uploads\/2020\/12\/Maria-Vittoria-Brustia-presidenta-de-ASSOMAC.-250x300.jpg\" alt=\"\" width=\"167\" height=\"200\" srcset=\"http:\/\/cueroamerica.info\/wpnews\/wp-content\/uploads\/2020\/12\/Maria-Vittoria-Brustia-presidenta-de-ASSOMAC.-250x300.jpg 250w, http:\/\/cueroamerica.info\/wpnews\/wp-content\/uploads\/2020\/12\/Maria-Vittoria-Brustia-presidenta-de-ASSOMAC..jpg 417w\" sizes=\"auto, (max-width: 167px) 100vw, 167px\" \/><\/a><p id=\"caption-attachment-17133\" class=\"wp-caption-text\">Maria Vittoria Brustia, presidenta de ASSOMAC.<\/p><\/div>\n<p>Gabriella Marchioni Bocca, la presidenta saliente de Assomac, subray\u00f3 que \u00abel sector italiano de maquinaria para cuero, calzado y marroquiner\u00eda\u00bb ha alcanzado un valor de producci\u00f3n de 620 millones de euros y un valor de exportaci\u00f3n del 70% de la producci\u00f3n\u201d. Se trata de una valoraci\u00f3n que, sin embargo, se hace con datos de 2019. Un a\u00f1o que \u00abmarc\u00f3 el final de un ciclo econ\u00f3mico expansivo, donde la actual crisis pand\u00e9mica ha actuado como catalizador de los problemas presentes en el sistema econ\u00f3mico mundial\u00bb, subray\u00f3.<\/p>\n<p>Todos los datos econ\u00f3micos de nuestro sector para el primer semestre de 2020 son negativos. Pero son malos para todos y a nivel mundial. Empezando por el gigante chino que registr\u00f3 una p\u00e9rdida asombrosa: estamos hablando de un -53% en exportaciones de maquinaria y -35% en importaciones. Nosotros como Italia hemos resistido el golpe, registrando una menor ca\u00edda m\u00e1s en exportaciones, 35%, y un 25% menos en importaciones de maquinaria\u201d.<\/p>\n<div id=\"attachment_17131\" style=\"width: 250px\" class=\"wp-caption alignleft\"><a href=\"http:\/\/cueroamerica.info\/wpnews\/wp-content\/uploads\/2020\/12\/Gabriella-Marchioni-Bocca1.jpg\"><img loading=\"lazy\" decoding=\"async\" aria-describedby=\"caption-attachment-17131\" class=\" wp-image-17131\" src=\"http:\/\/cueroamerica.info\/wpnews\/wp-content\/uploads\/2020\/12\/Gabriella-Marchioni-Bocca1-300x225.jpg\" alt=\"\" width=\"240\" height=\"180\" srcset=\"http:\/\/cueroamerica.info\/wpnews\/wp-content\/uploads\/2020\/12\/Gabriella-Marchioni-Bocca1-300x225.jpg 300w, http:\/\/cueroamerica.info\/wpnews\/wp-content\/uploads\/2020\/12\/Gabriella-Marchioni-Bocca1-768x576.jpg 768w, http:\/\/cueroamerica.info\/wpnews\/wp-content\/uploads\/2020\/12\/Gabriella-Marchioni-Bocca1.jpg 948w\" sizes=\"auto, (max-width: 240px) 100vw, 240px\" \/><\/a><p id=\"caption-attachment-17131\" class=\"wp-caption-text\">Gabriella Marchioni Bocca.<\/p><\/div>\n<p>El Covid y el confinamiento han colocado a Assomac y su sector de referencia ante la necesidad de afrontar el cambio. Durante el primer encierro se definieron las pautas de una nueva identidad, que tiene sus ra\u00edces en el pasado y en la tradici\u00f3n. Y que al mismo tiempo apunta al futuro con una visi\u00f3n com\u00fan e innovadora proyectada hacia el mercado cambiante\u201d.<\/p>\n<p>\u201cEl nuestro es un sector que ha sabido mejorar la calidad en t\u00e9rminos de seguridad ambiental, tecnol\u00f3gica y de m\u00e1quinas, y su producci\u00f3n en t\u00e9rminos de facturaci\u00f3n de valor agregado -dijo la nueva presidenta-.Y agreg\u00f3: \u201cNos esperan a\u00f1os de importantes retos: debemos esforzarnos por ampliar los servicios a los socios y la red de relaciones, sin olvidar los compromisos ya adquiridos con la sostenibilidad, la formaci\u00f3n y la calidad de nuestra producci\u00f3n mec\u00e1nica. Tengo confianza porque tengo una plantilla y una presidencia dispuestas y motivadas para perseguir estos objetivos\u201d.<\/p>\n<p>La feria del sector, Simac, que ya estaba programada para el per\u00edodo del 24 al 26 de febrero, fue reprogramada para la segunda mitad del a\u00f1o, muy probablemente en septiembre, de nuevo en los pabellones FieraMilano-Rho.<br \/>\n&#8212;&#8212;&#8212;&#8212;&#8212;&#8212;&#8212;&#8212;&#8212;&#8212;&#8212;&#8212;&#8212;&#8212;&#8212;&#8212;&#8212;&#8212;&#8211;<br \/>\nMPStyle \/ La Conceria \/ CueroAm\u00e9rica<\/p>\n<p>&#8212;&#8212;&#8212;&#8212;&#8212;&#8212;&#8212;&#8212;&#8212;&#8212;&#8212;&#8212;&#8212;&#8212;&#8212;&#8211;<br \/>\nPara comunicarse con CueroAm\u00e9rica: <span style=\"color: #3366ff;\"><a style=\"color: #3366ff;\" href=\"mailto:contacto@cueroamerica.com\">contacto@cueroamerica.com<\/a><\/span><\/p>\n<table>\n<tbody>\n<tr>\n<td width=\"300\"><a href=\"http:\/\/bit.ly\/2pK7Osm\" target=\"_blank\" rel=\"noopener noreferrer\"><br \/>\n<img loading=\"lazy\" decoding=\"async\" src=\"\/img\/publicidad\/aviso-units2020.gif\" alt=\"\" width=\"300\" height=\"201\" border=\"0\" \/><\/a><\/td>\n<td width=\"171\"><a href=\"http:\/\/bit.ly\/2q2HjkA\" target=\"_blank\" rel=\"noopener noreferrer\"><img loading=\"lazy\" decoding=\"async\" src=\"\/img\/publicidad\/banner_jn-082016.gif\" width=\"300\" height=\"200\" \/><\/a><\/td>\n<\/tr>\n<\/tbody>\n<\/table>\n","protected":false},"excerpt":{"rendered":"<p>Assomac, la asociaci\u00f3n que agrupa a los fabricantes de tecnolog\u00edas para la cadena de suministro del cuero) celebr\u00f3 su Asamblea Anual. Una oportunidad para hacer un balance de la situaci\u00f3n econ\u00f3mica, pero, sobre todo, para destacar los cambios en curso. En primer lugar, el del paso de la presidencia. Despu\u00e9s de 5 a\u00f1os, de hecho, [&hellip;]<\/p>\n","protected":false},"author":4,"featured_media":0,"comment_status":"closed","ping_status":"closed","sticky":false,"template":"","format":"standard","meta":{"footnotes":""},"categories":[71,63],"tags":[],"class_list":["post-17138","post","type-post","status-publish","format-standard","hentry","category-asociaciones","category-noticias-de-europa","count-0","even alt","author-","last"],"_links":{"self":[{"href":"http:\/\/cueroamerica.info\/wpnews\/wp-json\/wp\/v2\/posts\/17138","targetHints":{"allow":["GET"]}}],"collection":[{"href":"http:\/\/cueroamerica.info\/wpnews\/wp-json\/wp\/v2\/posts"}],"about":[{"href":"http:\/\/cueroamerica.info\/wpnews\/wp-json\/wp\/v2\/types\/post"}],"author":[{"embeddable":true,"href":"http:\/\/cueroamerica.info\/wpnews\/wp-json\/wp\/v2\/users\/4"}],"replies":[{"embeddable":true,"href":"http:\/\/cueroamerica.info\/wpnews\/wp-json\/wp\/v2\/comments?post=17138"}],"version-history":[{"count":1,"href":"http:\/\/cueroamerica.info\/wpnews\/wp-json\/wp\/v2\/posts\/17138\/revisions"}],"predecessor-version":[{"id":17139,"href":"http:\/\/cueroamerica.info\/wpnews\/wp-json\/wp\/v2\/posts\/17138\/revisions\/17139"}],"wp:attachment":[{"href":"http:\/\/cueroamerica.info\/wpnews\/wp-json\/wp\/v2\/media?parent=17138"}],"wp:term":[{"taxonomy":"category","embeddable":true,"href":"http:\/\/cueroamerica.info\/wpnews\/wp-json\/wp\/v2\/categories?post=17138"},{"taxonomy":"post_tag","embeddable":true,"href":"http:\/\/cueroamerica.info\/wpnews\/wp-json\/wp\/v2\/tags?post=17138"}],"curies":[{"name":"wp","href":"https:\/\/api.w.org\/{rel}","templated":true}]}}