{"id":17192,"date":"2020-12-30T14:18:20","date_gmt":"2020-12-30T14:18:20","guid":{"rendered":"http:\/\/cueroamerica.info\/wpnews\/?p=17192"},"modified":"2020-12-30T14:21:49","modified_gmt":"2020-12-30T14:21:49","slug":"gallery-fashionshoes-ya-prepara-una-amplia-edicion-digital-junto-a-la-presencial","status":"publish","type":"post","link":"http:\/\/cueroamerica.info\/wpnews\/2020\/12\/gallery-fashionshoes-ya-prepara-una-amplia-edicion-digital-junto-a-la-presencial\/","title":{"rendered":"Gallery Fashion+Shoes ya prepara una amplia edici\u00f3n digital junto a la presencial"},"content":{"rendered":"<p>La feria alemana Gallery Fashion+Shoes, organizada por Igedo, lanza una versi\u00f3n digital complementaria del sal\u00f3n f\u00edsico, que se celebrar\u00e1 en el Areal B\u00f6hler de D\u00fcsseldorf del 30 de enero al 1 de febrero. La versi\u00f3n virtual Gallery estar\u00e1 activa del 28 de enero al 15 de febrero para ampliar las posibilidades de trabajo de expositores y visitantes.<\/p>\n<table>\n<tbody>\n<tr>\n<td><a href=\"http:\/\/cueroamerica.info\/wpnews\/wp-content\/uploads\/2020\/12\/Gallery-FashionShoes-Pandemic-_2-.jpg\"><img loading=\"lazy\" decoding=\"async\" class=\"size-medium wp-image-17190 aligncenter\" src=\"http:\/\/cueroamerica.info\/wpnews\/wp-content\/uploads\/2020\/12\/Gallery-FashionShoes-Pandemic-_2--300x200.jpg\" alt=\"\" width=\"300\" height=\"200\" srcset=\"http:\/\/cueroamerica.info\/wpnews\/wp-content\/uploads\/2020\/12\/Gallery-FashionShoes-Pandemic-_2--300x200.jpg 300w, http:\/\/cueroamerica.info\/wpnews\/wp-content\/uploads\/2020\/12\/Gallery-FashionShoes-Pandemic-_2--768x512.jpg 768w, http:\/\/cueroamerica.info\/wpnews\/wp-content\/uploads\/2020\/12\/Gallery-FashionShoes-Pandemic-_2-.jpg 900w\" sizes=\"auto, (max-width: 300px) 100vw, 300px\" \/><\/a><\/td>\n<td><a href=\"http:\/\/cueroamerica.info\/wpnews\/wp-content\/uploads\/2020\/12\/gallery-digital_-.jpg\"><img decoding=\"async\" class=\"alignleft size-full wp-image-17191\" src=\"http:\/\/cueroamerica.info\/wpnews\/wp-content\/uploads\/2020\/12\/gallery-digital_-.jpg\" alt=\"\" width=\"auto\" height=\"200\" srcset=\"http:\/\/cueroamerica.info\/wpnews\/wp-content\/uploads\/2020\/12\/gallery-digital_-.jpg 225w, http:\/\/cueroamerica.info\/wpnews\/wp-content\/uploads\/2020\/12\/gallery-digital_--150x150.jpg 150w, http:\/\/cueroamerica.info\/wpnews\/wp-content\/uploads\/2020\/12\/gallery-digital_--90x90.jpg 90w\" sizes=\"(max-width: 225px) 100vw, 225px\" \/><\/a><\/td>\n<\/tr>\n<\/tbody>\n<\/table>\n<p>Estar\u00e1 activa durante dos semanas, desde el 28 de enero hasta el 15 de febrero. Gallery se suma as\u00ed al carro de las ferias h\u00edbridas. La edici\u00f3n f\u00edsica, adem\u00e1s, estar\u00e1 conectada con Supreme Women &amp; Men para crear sinergias beneficiosas para el mercado.<\/p>\n<p>La versi\u00f3n h\u00edbrida no funcionar\u00e1 como marketplace, sino que emular\u00e1 al evento f\u00edsico para que las personas que no puedan asistir debido a las restricciones para frenar la ola del coronavirus puedan visitar el evento de forma digital.<\/p>\n<div id=\"attachment_17189\" style=\"width: 191px\" class=\"wp-caption alignright\"><a href=\"http:\/\/cueroamerica.info\/wpnews\/wp-content\/uploads\/2020\/12\/Ulrike-Kahler-directora-gerente-de-Gallery-Gallery-Shoes.-.jpg\"><img loading=\"lazy\" decoding=\"async\" aria-describedby=\"caption-attachment-17189\" class=\" wp-image-17189\" src=\"http:\/\/cueroamerica.info\/wpnews\/wp-content\/uploads\/2020\/12\/Ulrike-Kahler-directora-gerente-de-Gallery-Gallery-Shoes.-.jpg\" alt=\"\" width=\"181\" height=\"220\" \/><\/a><p id=\"caption-attachment-17189\" class=\"wp-caption-text\">Ulrike K\u00e4hler, directora gerente de Gallery &amp; Gallery Shoes.<\/p><\/div>\n<p>Los organizadores ampliaron los servicios digitales para expositores y visitantes profesionales, explica Ulrike K\u00e4hler, directora de Igedo Company. Junto con el sal\u00f3n f\u00edsico, ofrecer\u00e1n tambi\u00e9n un formato h\u00edbrido desde el 28 de enero hasta el 15 de febrero.<\/p>\n<p>\u201cEs nuestra forma de apoyar a todos los participantes en nuestro sal\u00f3n con una alternativa telem\u00e1tica -apunta la ejecuitiva-. D\u00fcsseldorf sigue siendo una ubicaci\u00f3n clave para el sector internacional de la moda, incluso en los momentos actuales. La versi\u00f3n digital del sal\u00f3n no es una tienda online. Es muy importante para nosotros que provoque la misma experiencia que nuestro sal\u00f3n en el Areal B\u00f6hler. No queremos solo alquilar espacios, sino ofrecer una plataforma que re\u00fana a los profesionales\u201d, detall\u00f3.<\/p>\n<p>K\u00e4hler comenta que la versi\u00f3n digital tambi\u00e9n constituye un plan B. Esto se reflejar\u00e1 en el formato de esta versi\u00f3n digital, que contar\u00e1 con una zona de recepci\u00f3n, un \u00e1rea para las conferencias y eventos, otro espacio para la presentaci\u00f3n de tendencias. El espacio para los expositores tendr\u00e1 varias opciones para permitir que cada uno personalice su presentaci\u00f3n 3D, con su logotipo, productos, cat\u00e1logo, v\u00eddeos demostrativos, etc.<\/p>\n<p>Si la evoluci\u00f3n de la pandemia obligase a cancelar el sal\u00f3n f\u00edsico, el mercado dispondr\u00eda por lo menos de esta edici\u00f3n digital. De todas formas, los showrooms que hubiesen contratado su presencia en el Areal B\u00f6hler tambi\u00e9n se mantendr\u00edan porque generan la afluencia de menos personas y de forma programada. Los showrooms son espacios cerrados e independientes, por donde solo pasan los visitantes que tengan ya concertada una visita.<br \/>\n&#8212;&#8212;&#8212;&#8212;&#8212;&#8212;&#8212;&#8212;&#8212;&#8212;&#8212;&#8212;&#8212;&#8212;<br \/>\nPinkerModa \/ CueroAm\u00e9rica<\/p>\n<p>&#8212;&#8212;&#8212;&#8212;&#8212;&#8212;&#8212;&#8212;&#8212;&#8212;&#8212;&#8212;&#8212;&#8212;&#8212;&#8211;<br \/>\nPara comunicarse con CueroAm\u00e9rica: <span style=\"color: #3366ff;\"><a style=\"color: #3366ff;\" href=\"mailto:contacto@cueroamerica.com\">contacto@cueroamerica.com<\/a><\/span><\/p>\n<table>\n<tbody>\n<tr>\n<td width=\"300\"><a href=\"http:\/\/bit.ly\/2pK0gG1\" target=\"_blank\" rel=\"noopener noreferrer\"><img loading=\"lazy\" decoding=\"async\" src=\"\/img\/publicidad\/dfs2017.gif\" alt=\"\" width=\"300\" height=\"200\" border=\"0\" \/><\/a><\/td>\n<td width=\"171\"><a href=\"http:\/\/bit.ly\/2p9UM5w\" target=\"_blank\" rel=\"noopener noreferrer\"><img loading=\"lazy\" decoding=\"async\" src=\"\/img\/publicidad\/aplfjul2021_300x200.gif\" width=\"300\" height=\"200\" \/><\/a><\/td>\n<\/tr>\n<\/tbody>\n<\/table>\n","protected":false},"excerpt":{"rendered":"<p>La feria alemana Gallery Fashion+Shoes, organizada por Igedo, lanza una versi\u00f3n digital complementaria del sal\u00f3n f\u00edsico, que se celebrar\u00e1 en el Areal B\u00f6hler de D\u00fcsseldorf del 30 de enero al 1 de febrero. La versi\u00f3n virtual Gallery estar\u00e1 activa del 28 de enero al 15 de febrero para ampliar las posibilidades de trabajo de expositores [&hellip;]<\/p>\n","protected":false},"author":4,"featured_media":0,"comment_status":"closed","ping_status":"closed","sticky":false,"template":"","format":"standard","meta":{"footnotes":""},"categories":[1],"tags":[],"class_list":["post-17192","post","type-post","status-publish","format-standard","hentry","category-sin-categoria","count-0","even alt","author-","last"],"_links":{"self":[{"href":"http:\/\/cueroamerica.info\/wpnews\/wp-json\/wp\/v2\/posts\/17192","targetHints":{"allow":["GET"]}}],"collection":[{"href":"http:\/\/cueroamerica.info\/wpnews\/wp-json\/wp\/v2\/posts"}],"about":[{"href":"http:\/\/cueroamerica.info\/wpnews\/wp-json\/wp\/v2\/types\/post"}],"author":[{"embeddable":true,"href":"http:\/\/cueroamerica.info\/wpnews\/wp-json\/wp\/v2\/users\/4"}],"replies":[{"embeddable":true,"href":"http:\/\/cueroamerica.info\/wpnews\/wp-json\/wp\/v2\/comments?post=17192"}],"version-history":[{"count":4,"href":"http:\/\/cueroamerica.info\/wpnews\/wp-json\/wp\/v2\/posts\/17192\/revisions"}],"predecessor-version":[{"id":17197,"href":"http:\/\/cueroamerica.info\/wpnews\/wp-json\/wp\/v2\/posts\/17192\/revisions\/17197"}],"wp:attachment":[{"href":"http:\/\/cueroamerica.info\/wpnews\/wp-json\/wp\/v2\/media?parent=17192"}],"wp:term":[{"taxonomy":"category","embeddable":true,"href":"http:\/\/cueroamerica.info\/wpnews\/wp-json\/wp\/v2\/categories?post=17192"},{"taxonomy":"post_tag","embeddable":true,"href":"http:\/\/cueroamerica.info\/wpnews\/wp-json\/wp\/v2\/tags?post=17192"}],"curies":[{"name":"wp","href":"https:\/\/api.w.org\/{rel}","templated":true}]}}