{"id":1736,"date":"2012-07-06T18:08:07","date_gmt":"2012-07-06T18:08:07","guid":{"rendered":"http:\/\/www.informetextil.com\/news\/?p=1736"},"modified":"2012-07-06T18:41:54","modified_gmt":"2012-07-06T18:41:54","slug":"courovisao-presentara-en-agosto-las-materias-primas-y-la-moda-del-invierno-2013","status":"publish","type":"post","link":"http:\/\/cueroamerica.info\/wpnews\/2012\/07\/courovisao-presentara-en-agosto-las-materias-primas-y-la-moda-del-invierno-2013\/","title":{"rendered":"Courovis\u00e3o, presentar\u00e1 en agosto las materias primas y la moda del invierno 2013"},"content":{"rendered":"<p><a href=\"http:\/\/www.informetextil.com\/news\/wp-content\/uploads\/2012\/07\/cuo241.jpg\"><img loading=\"lazy\" decoding=\"async\" class=\"alignright  wp-image-1756\" title=\"cuo24\" src=\"http:\/\/www.informetextil.com\/news\/wp-content\/uploads\/2012\/07\/cuo241.jpg\" alt=\"\" width=\"240\" height=\"160\" srcset=\"http:\/\/cueroamerica.info\/wpnews\/wp-content\/uploads\/2012\/07\/cuo241.jpg 300w, http:\/\/cueroamerica.info\/wpnews\/wp-content\/uploads\/2012\/07\/cuo241-150x100.jpg 150w\" sizes=\"auto, (max-width: 240px) 100vw, 240px\" \/><\/a>Courovis\u00e3o 2012, la Feria Internacional de Componentes, Cueros, Productos Qu\u00edmicos, Equipamientos y Accesorios para Calzados y Marroquiner\u00eda, se realizar\u00e1 de 28 a 30 de agosto, en los pabellones de la Fenac, en Novo Hamburgo, Brasil.<\/p>\n<p>La feria de agosto presentar\u00e1 las nuevas colecciones correspondientes al oto\u00f1o-invierno 2013 de cueros, materias primas, componentes y dem\u00e1s insumos para las industrias de calzado, marroquiner\u00eda y complementos.<\/p>\n<p>Los m\u00e1s inquietos y avanzados proveedores del sector mostrar\u00e1n sus desarrollos ante un calificado p\u00fablico de dise\u00f1adores, modelistas, directores de colecci\u00f3n, ejecutivos de producci\u00f3n y empresarios, que buscar\u00e1n garantizarse los mejores insumos para la temporada invernal.<\/p>\n<p><a href=\"http:\/\/www.informetextil.com\/news\/wp-content\/uploads\/2012\/07\/cuo22.jpg\"><img loading=\"lazy\" decoding=\"async\" class=\"alignleft  wp-image-1758\" title=\"cuo22\" src=\"http:\/\/www.informetextil.com\/news\/wp-content\/uploads\/2012\/07\/cuo22.jpg\" alt=\"\" width=\"240\" height=\"160\" srcset=\"http:\/\/cueroamerica.info\/wpnews\/wp-content\/uploads\/2012\/07\/cuo22.jpg 300w, http:\/\/cueroamerica.info\/wpnews\/wp-content\/uploads\/2012\/07\/cuo22-150x100.jpg 150w\" sizes=\"auto, (max-width: 240px) 100vw, 240px\" \/><\/a>\u00abCourovis\u00e3o cuenta con una visitaci\u00f3n calificada, en donde los profesionales del sector confirman las tendencias y ajustan detalles de colecciones y lanzamientos. En la antecipaci\u00f3n de la fecha tambi\u00e9m hay un factor importante que contribuir\u00e1 para el suceso de la feria\u00bb, se\u00f1al\u00f3 el director de la Fenac, Elivir Desiam.<\/p>\n<p>Adem\u00e1s de los stands de las empresas, Courovis\u00e3o programa diversas actividades y muestras \u00a0que enriquecen la oferta hacia los visitantes. Uno de \u00e9stas es el Est\u00fadio Courovis\u00e3o, un proyecto concebido por el consultor Luis Coelho y coordinado por el estilista Christian Thomas.<\/p>\n<p><a href=\"http:\/\/www.informetextil.com\/news\/wp-content\/uploads\/2012\/07\/cuo211.jpg\"><img loading=\"lazy\" decoding=\"async\" class=\"alignleft  wp-image-1759\" title=\"cuo21\" src=\"http:\/\/www.informetextil.com\/news\/wp-content\/uploads\/2012\/07\/cuo211.jpg\" alt=\"\" width=\"240\" height=\"160\" srcset=\"http:\/\/cueroamerica.info\/wpnews\/wp-content\/uploads\/2012\/07\/cuo211.jpg 300w, http:\/\/cueroamerica.info\/wpnews\/wp-content\/uploads\/2012\/07\/cuo211-150x100.jpg 150w\" sizes=\"auto, (max-width: 240px) 100vw, 240px\" \/><\/a>Previamente un grupo de alunos formandos em el Senai y el Senac, trabajar\u00e1n em El desarrollo de aproximadamente 100 modelos de zapatos y carteras, que ser\u00e1n presentados en desfiles que se realizar\u00e1n em la misma feria.<\/p>\n<p>\u00abEl foco principal es mostrar al sector del calzado nacional las influencias y tendencias de la moda para la estaci\u00f3n oto\u00f1o\/invierno 2013. Pero \u201cEst\u00fadio Courovis\u00e3o\u201d tiene otras caracter\u00edsticas que envuelven todo el proceso, desde o planeamiento hasta la concepci\u00f3n del producto final\u00bb, explica Lu\u00eds Coelho.<\/p>\n<p>El \u201cEst\u00fadio Courovis\u00e3o\u201d proporciona a los alumnos participantes la oportunidad de vivenciar una pr\u00e1ctica profesional y categorizada Del desarrollo del producto, desde la investigaci\u00f3n de la creaci\u00f3n de los modelos, pasando por el desarrollo de las hormas y de los materiales y la confecci\u00f3n final de las muestras, contribuyendo a la calificaci\u00f3n de estos futuros profesionales.<\/p>\n<p><a href=\"http:\/\/www.informetextil.com\/news\/wp-content\/uploads\/2012\/07\/cuo23.jpg\"><img loading=\"lazy\" decoding=\"async\" class=\"alignright size-full wp-image-1761\" title=\"cuo23\" src=\"http:\/\/www.informetextil.com\/news\/wp-content\/uploads\/2012\/07\/cuo23.jpg\" alt=\"\" width=\"300\" height=\"200\" srcset=\"http:\/\/cueroamerica.info\/wpnews\/wp-content\/uploads\/2012\/07\/cuo23.jpg 300w, http:\/\/cueroamerica.info\/wpnews\/wp-content\/uploads\/2012\/07\/cuo23-150x100.jpg 150w\" sizes=\"auto, (max-width: 300px) 100vw, 300px\" \/><\/a>Para los t\u00e9cnicos, modelistas, dise\u00f1adores y empresarios del sector, especialmente a los micro y peque\u00f1os, el proyecto muestra en la pr\u00e1ctica como debe ser estructurado un sector ideal del desarrollo de producto, presentando todas las actividades relativas al proceso. \u00abEl ambiente estar\u00e1 abierto durante toda la Courovis\u00e3o, permitiendo cuestionamientos y explicaciones, y sirviendo de excelente consultor\u00eda en el tema\u00bb, destaca el estilista Christian Thomas.<\/p>\n<p><strong>Datos Clave:<\/strong><br \/>\nFeria: Courovis\u00e3o 2012,La Feria Internacional de Componentes, Couros, Produtos Qu\u00edmicos, Equipamentos e Acess\u00f3rios para Cal\u00e7ados e Artefatos<br \/>\nFecha: Del 28 al 30 de agosto de 2012<br \/>\nHorario: De13 a 20h<br \/>\nLugar: Pabellones de la Fenac, en Novo Hamburgo, Rio Grande do Sul. Brasil<\/p>\n<table width=\"306\" border=\"0\">\n<tbody>\n<tr>\n<td><a href=\"http:\/\/www.hebillasempre.com.ar\/espanol\/home\" target=\"_blank\"><img loading=\"lazy\" decoding=\"async\" src=\"http:\/\/www.cueroamerica.com.ar\/sponsors\/empre_300x2000.jpg\" alt=\"\" width=\"300\" height=\"200\" border=\"0\" \/><\/a><\/td>\n<td><a href=\"http:\/\/www.cueroamerica.com.ar\/sponsors\/dfsudamericana\/\" target=\"_blank\"><img loading=\"lazy\" decoding=\"async\" src=\"http:\/\/www.cueroamerica.com.ar\/sponsors\/dfsudbanner_300x200.jpg\" alt=\"\" width=\"300\" height=\"200\" border=\"0\" \/><\/a><\/td>\n<\/tr>\n<\/tbody>\n<\/table>\n","protected":false},"excerpt":{"rendered":"<p>Courovis\u00e3o 2012, la Feria Internacional de Componentes, Cueros, Productos Qu\u00edmicos, Equipamientos y Accesorios para Calzados y Marroquiner\u00eda, se realizar\u00e1 de 28 a 30 de agosto, en los pabellones de la Fenac, en Novo Hamburgo, Brasil. La feria de agosto presentar\u00e1 las nuevas colecciones correspondientes al oto\u00f1o-invierno 2013 de cueros, materias primas, componentes y dem\u00e1s insumos [&hellip;]<\/p>\n","protected":false},"author":1,"featured_media":0,"comment_status":"open","ping_status":"open","sticky":false,"template":"","format":"standard","meta":{"footnotes":""},"categories":[],"tags":[10],"class_list":["post-1736","post","type-post","status-publish","format-standard","hentry","tag-ferias-proximas","count-0","even alt","author-","last"],"_links":{"self":[{"href":"http:\/\/cueroamerica.info\/wpnews\/wp-json\/wp\/v2\/posts\/1736","targetHints":{"allow":["GET"]}}],"collection":[{"href":"http:\/\/cueroamerica.info\/wpnews\/wp-json\/wp\/v2\/posts"}],"about":[{"href":"http:\/\/cueroamerica.info\/wpnews\/wp-json\/wp\/v2\/types\/post"}],"author":[{"embeddable":true,"href":"http:\/\/cueroamerica.info\/wpnews\/wp-json\/wp\/v2\/users\/1"}],"replies":[{"embeddable":true,"href":"http:\/\/cueroamerica.info\/wpnews\/wp-json\/wp\/v2\/comments?post=1736"}],"version-history":[{"count":5,"href":"http:\/\/cueroamerica.info\/wpnews\/wp-json\/wp\/v2\/posts\/1736\/revisions"}],"predecessor-version":[{"id":1762,"href":"http:\/\/cueroamerica.info\/wpnews\/wp-json\/wp\/v2\/posts\/1736\/revisions\/1762"}],"wp:attachment":[{"href":"http:\/\/cueroamerica.info\/wpnews\/wp-json\/wp\/v2\/media?parent=1736"}],"wp:term":[{"taxonomy":"category","embeddable":true,"href":"http:\/\/cueroamerica.info\/wpnews\/wp-json\/wp\/v2\/categories?post=1736"},{"taxonomy":"post_tag","embeddable":true,"href":"http:\/\/cueroamerica.info\/wpnews\/wp-json\/wp\/v2\/tags?post=1736"}],"curies":[{"name":"wp","href":"https:\/\/api.w.org\/{rel}","templated":true}]}}