{"id":1738,"date":"2012-07-06T18:09:25","date_gmt":"2012-07-06T18:09:25","guid":{"rendered":"http:\/\/www.informetextil.com\/news\/?p=1738"},"modified":"2012-07-06T19:05:16","modified_gmt":"2012-07-06T19:05:16","slug":"confirman-que-francal-logro-garantizar-buenos-negocios-para-el-segundo-semestre","status":"publish","type":"post","link":"http:\/\/cueroamerica.info\/wpnews\/2012\/07\/confirman-que-francal-logro-garantizar-buenos-negocios-para-el-segundo-semestre\/","title":{"rendered":"Confirman que Francal logr\u00f3 garantizar buenos negocios para el segundo semestre"},"content":{"rendered":"<p><a href=\"http:\/\/www.informetextil.com\/news\/wp-content\/uploads\/2012\/07\/franccca.jpg\"><img loading=\"lazy\" decoding=\"async\" class=\"alignright  wp-image-1763\" title=\"franccca\" src=\"http:\/\/www.informetextil.com\/news\/wp-content\/uploads\/2012\/07\/franccca.jpg\" alt=\"\" width=\"240\" height=\"169\" \/><\/a>La \u00faltima semana de junio se realiz\u00f3 en San Pablo la tradicional feria 44\u00aa FRANCAL (Feira Internacional da Moda em Cal\u00e7ados e Acess\u00f3rios) El evento m\u00e1s tradicional de los negocios de la industria de calzado, marroquiner\u00eda, equipajes y accesorios de moda de Brasil.<\/p>\n<p>Francal present\u00f3 las colecciones Primavera-Verano y recibi\u00f3 la visita de miles de profesionales del sector, especialmente 25 comerciantes minoristas de todas as regiones de Brasil, y 1.504 importadores provenientes de m\u00e1s de 60 pa\u00edses de Am\u00e9rica del Sur, Central y del Norte, Europa, Ocean\u00eda, Asia y Africa, especialmente de los pa\u00edses \u00e1rabes.<\/p>\n<p><a href=\"http:\/\/www.informetextil.com\/news\/wp-content\/uploads\/2012\/07\/francaaaal111.jpg\"><img loading=\"lazy\" decoding=\"async\" class=\"alignleft  wp-image-1764\" title=\"francaaaal111\" src=\"http:\/\/www.informetextil.com\/news\/wp-content\/uploads\/2012\/07\/francaaaal111.jpg\" alt=\"\" width=\"210\" height=\"145\" srcset=\"http:\/\/cueroamerica.info\/wpnews\/wp-content\/uploads\/2012\/07\/francaaaal111.jpg 300w, http:\/\/cueroamerica.info\/wpnews\/wp-content\/uploads\/2012\/07\/francaaaal111-150x103.jpg 150w\" sizes=\"auto, (max-width: 210px) 100vw, 210px\" \/><\/a>La feria registro un buen movimiento en los stands de los m\u00e1s de mil expositores que se presentaron. Seg\u00fan los organizadores la calificaci\u00f3n de los visitantes permiti\u00f3 la realizaci\u00f3n de un gran volumen de ventas en la misma feria. Asimismo aseguran que se confirm\u00f3 su proyecci\u00f3n de que FRANCAL iba a movilizar los negocios de la industria y del comercio del calzado en el segundo semestre del a\u00f1o.<\/p>\n<p>El presidente de FRANCAL, Abdala Jamil Abdala, evalu\u00f3 que la feria cumpli\u00f3 su compromiso hist\u00f3rico de generar oportunidades de negocios para el sector como un todo. \u201cLa primavera-verano es la mayor temporada del a\u00f1o en un pa\u00eds de clima tropical como Brasil, es el mejor per\u00edodo de ventas para el sector. El retorno que obtuvimos de muchas empresas nos da la certeza de que los negocios del segundo semestre ser\u00e1n los mejores de los \u00faltimos a\u00f1os. Muchos expositores afirmaron que esta fue la mejor edici\u00f3n de todas\u201d, explic\u00f3 el directivo.<\/p>\n<p><a href=\"http:\/\/www.informetextil.com\/news\/wp-content\/uploads\/2012\/07\/francaaaa1.jpg\"><img loading=\"lazy\" decoding=\"async\" class=\"alignright  wp-image-1765\" title=\"francaaaa1\" src=\"http:\/\/www.informetextil.com\/news\/wp-content\/uploads\/2012\/07\/francaaaa1.jpg\" alt=\"\" width=\"240\" height=\"169\" srcset=\"http:\/\/cueroamerica.info\/wpnews\/wp-content\/uploads\/2012\/07\/francaaaa1.jpg 300w, http:\/\/cueroamerica.info\/wpnews\/wp-content\/uploads\/2012\/07\/francaaaa1-150x105.jpg 150w\" sizes=\"auto, (max-width: 240px) 100vw, 240px\" \/><\/a>La realizaci\u00f3n de negocios inmediatos durante a feria, seg\u00fan Abdala, se dieron tambi\u00e9n para el mercado externo. \u201cLa grande cantidad de pa\u00edses representados por los compradores internacionales y su inter\u00e9s por calzado brasilero redundaron en un volumen de ventas que va marcar la recuperaci\u00f3n de las exportaciones del sector\u201d, conf\u00ed\u00f3 el presidente de la feria.<\/p>\n<p><a href=\"http:\/\/www.informetextil.com\/news\/wp-content\/uploads\/2012\/07\/francaaaal12.jpg\"><img loading=\"lazy\" decoding=\"async\" class=\"alignleft  wp-image-1766\" title=\"francaaaal12\" src=\"http:\/\/www.informetextil.com\/news\/wp-content\/uploads\/2012\/07\/francaaaal12.jpg\" alt=\"\" width=\"180\" height=\"115\" srcset=\"http:\/\/cueroamerica.info\/wpnews\/wp-content\/uploads\/2012\/07\/francaaaal12.jpg 300w, http:\/\/cueroamerica.info\/wpnews\/wp-content\/uploads\/2012\/07\/francaaaal12-150x96.jpg 150w\" sizes=\"auto, (max-width: 180px) 100vw, 180px\" \/><\/a>Milton Cardoso, presidente de la Associa\u00e7\u00e3o Brasileira das Ind\u00fastrias de Cal\u00e7ados (ABICAL\u00c7ADOS), concord\u00f3 que FRANCAL represent\u00f3 la recuperaci\u00f3n del sector en el segundo semestre. \u201cLos stands muy concurridos, la b\u00fasqueda de informaciones entre los agentes del mercado y las colecciones muy apropiadas demuestran que muchos negocios fueron concretados. Ahora tenemos que retornar a las f\u00e1bricas para efectivizar los pedidos\u201d.<\/p>\n<p><a href=\"http:\/\/www.informetextil.com\/news\/wp-content\/uploads\/2012\/07\/francaaal333.jpg\"><img loading=\"lazy\" decoding=\"async\" class=\"alignright  wp-image-1767\" title=\"francaaal333\" src=\"http:\/\/www.informetextil.com\/news\/wp-content\/uploads\/2012\/07\/francaaal333.jpg\" alt=\"\" width=\"210\" height=\"204\" srcset=\"http:\/\/cueroamerica.info\/wpnews\/wp-content\/uploads\/2012\/07\/francaaal333.jpg 300w, http:\/\/cueroamerica.info\/wpnews\/wp-content\/uploads\/2012\/07\/francaaal333-150x146.jpg 150w\" sizes=\"auto, (max-width: 210px) 100vw, 210px\" \/><\/a>Las previsiones de Cardoso sobre el crecimiento tambi\u00e9n se deben a las buenas ventas del comercio registradas en mayo y junio, lo que viene estimulando a los detallistas a realizar nuevos pedidos y en cantidades mayores, prepar\u00e1ndose para las ventas de fin del a\u00f1o. El dirigente apunt\u00f3 adem\u00e1s, que los pr\u00f3ximos meses ser\u00e1n de crecimiento, principalmente se mantiene el equilibrio cambiario para la recuperaci\u00f3n de las exportaciones, la implantaci\u00f3n de medidas que impidan la elusi\u00f3n fiscal y la adopci\u00f3n de nuevas acciones por parte del gobierno, como a exclusi\u00f3n de impuestos que impactan en los costos industriales.<\/p>\n<p>Cabe destacar que La edici\u00f3n FRACAL 2013 se realizar\u00e1 del 9 a 12 de julio retornando, por pedido de los expositores, al mes en que tradicionalmente se realiz\u00f3.<\/p>\n<table width=\"529\" border=\"0\">\n<tbody>\n<tr>\n<td width=\"219\"><object width=\"300\" height=\"200\" classid=\"clsid:d27cdb6e-ae6d-11cf-96b8-444553540000\" codebase=\"http:\/\/download.macromedia.com\/pub\/shockwave\/cabs\/flash\/swflash.cab#version=6,0,40,0\"><param name=\"quality\" value=\"high\" \/><param name=\"src\" value=\"http:\/\/www.cueroamerica.com.ar\/sponsors\/jn_banner_300x200.swf\" \/><param name=\"pluginspage\" value=\"http:\/\/www.macromedia.com\/go\/getflashplayer\" \/><embed width=\"300\" height=\"200\" type=\"application\/x-shockwave-flash\" src=\"http:\/\/www.cueroamerica.com.ar\/sponsors\/jn_banner_300x200.swf\" quality=\"high\" pluginspage=\"http:\/\/www.macromedia.com\/go\/getflashplayer\" \/><\/object><\/td>\n<td width=\"300\"><object width=\"300\" height=\"200\" classid=\"clsid:d27cdb6e-ae6d-11cf-96b8-444553540000\" codebase=\"http:\/\/download.macromedia.com\/pub\/shockwave\/cabs\/flash\/swflash.cab#version=6,0,40,0\"><param name=\"quality\" value=\"high\" \/><param name=\"src\" value=\"http:\/\/www.cueroamerica.com.ar\/sponsors\/quimargenbanner300x200.swf\" \/><param name=\"pluginspage\" value=\"http:\/\/www.macromedia.com\/go\/getflashplayer\" \/><embed width=\"300\" height=\"200\" type=\"application\/x-shockwave-flash\" src=\"http:\/\/www.cueroamerica.com.ar\/sponsors\/quimargenbanner300x200.swf\" quality=\"high\" pluginspage=\"http:\/\/www.macromedia.com\/go\/getflashplayer\" \/><\/object><\/td>\n<\/tr>\n<\/tbody>\n<\/table>\n","protected":false},"excerpt":{"rendered":"<p>La \u00faltima semana de junio se realiz\u00f3 en San Pablo la tradicional feria 44\u00aa FRANCAL (Feira Internacional da Moda em Cal\u00e7ados e Acess\u00f3rios) El evento m\u00e1s tradicional de los negocios de la industria de calzado, marroquiner\u00eda, equipajes y accesorios de moda de Brasil. Francal present\u00f3 las colecciones Primavera-Verano y recibi\u00f3 la visita de miles de [&hellip;]<\/p>\n","protected":false},"author":1,"featured_media":0,"comment_status":"open","ping_status":"open","sticky":false,"template":"","format":"standard","meta":{"footnotes":""},"categories":[],"tags":[11],"class_list":["post-1738","post","type-post","status-publish","format-standard","hentry","tag-ferias-realizadas","count-0","even alt","author-","last"],"_links":{"self":[{"href":"http:\/\/cueroamerica.info\/wpnews\/wp-json\/wp\/v2\/posts\/1738","targetHints":{"allow":["GET"]}}],"collection":[{"href":"http:\/\/cueroamerica.info\/wpnews\/wp-json\/wp\/v2\/posts"}],"about":[{"href":"http:\/\/cueroamerica.info\/wpnews\/wp-json\/wp\/v2\/types\/post"}],"author":[{"embeddable":true,"href":"http:\/\/cueroamerica.info\/wpnews\/wp-json\/wp\/v2\/users\/1"}],"replies":[{"embeddable":true,"href":"http:\/\/cueroamerica.info\/wpnews\/wp-json\/wp\/v2\/comments?post=1738"}],"version-history":[{"count":5,"href":"http:\/\/cueroamerica.info\/wpnews\/wp-json\/wp\/v2\/posts\/1738\/revisions"}],"predecessor-version":[{"id":1768,"href":"http:\/\/cueroamerica.info\/wpnews\/wp-json\/wp\/v2\/posts\/1738\/revisions\/1768"}],"wp:attachment":[{"href":"http:\/\/cueroamerica.info\/wpnews\/wp-json\/wp\/v2\/media?parent=1738"}],"wp:term":[{"taxonomy":"category","embeddable":true,"href":"http:\/\/cueroamerica.info\/wpnews\/wp-json\/wp\/v2\/categories?post=1738"},{"taxonomy":"post_tag","embeddable":true,"href":"http:\/\/cueroamerica.info\/wpnews\/wp-json\/wp\/v2\/tags?post=1738"}],"curies":[{"name":"wp","href":"https:\/\/api.w.org\/{rel}","templated":true}]}}