{"id":17532,"date":"2021-03-11T15:13:36","date_gmt":"2021-03-11T15:13:36","guid":{"rendered":"http:\/\/cueroamerica.info\/wpnews\/?p=17532"},"modified":"2021-03-11T15:13:36","modified_gmt":"2021-03-11T15:13:36","slug":"los-curtidores-de-portugal-buscan-que-el-pais-imponga-la-ley-del-cuero-en-europa","status":"publish","type":"post","link":"http:\/\/cueroamerica.info\/wpnews\/2021\/03\/los-curtidores-de-portugal-buscan-que-el-pais-imponga-la-ley-del-cuero-en-europa\/","title":{"rendered":"Los curtidores de Portugal buscan que el pa\u00eds imponga La Ley del Cuero en Europa"},"content":{"rendered":"<p><a href=\"http:\/\/cueroamerica.info\/wpnews\/wp-content\/uploads\/2021\/03\/Curtume-Boaventura1.jpg\"><img loading=\"lazy\" decoding=\"async\" class=\"alignleft wp-image-17513\" src=\"http:\/\/cueroamerica.info\/wpnews\/wp-content\/uploads\/2021\/03\/Curtume-Boaventura1-300x200.jpg\" alt=\"\" width=\"245\" height=\"163\" srcset=\"http:\/\/cueroamerica.info\/wpnews\/wp-content\/uploads\/2021\/03\/Curtume-Boaventura1-300x200.jpg 300w, http:\/\/cueroamerica.info\/wpnews\/wp-content\/uploads\/2021\/03\/Curtume-Boaventura1-1024x683.jpg 1024w, http:\/\/cueroamerica.info\/wpnews\/wp-content\/uploads\/2021\/03\/Curtume-Boaventura1-768x512.jpg 768w, http:\/\/cueroamerica.info\/wpnews\/wp-content\/uploads\/2021\/03\/Curtume-Boaventura1.jpg 1200w\" sizes=\"auto, (max-width: 245px) 100vw, 245px\" \/><\/a>Aprovechando que Portugal ejerce la presidencia del Consejo de la Uni\u00f3n Europea comenz\u00f3 el pasado mes de enero la Asociaci\u00f3n Portuguesa de los Industriales de Curtiembre (APIC), espera generar en la entidad comunitaria un debate en defensa del cuero. La asociaci\u00f3n lusitana del curtido espera convencer a las autoridades de su pa\u00eds y a la UE para que aprueben las leyes necesarias para regular el uso de los t\u00e9rminos piel y cuero.<\/p>\n<p>La tarea no es sencilla ya que hace muchos a\u00f1os, la misma APIC ha luchado por hacerse o\u00edr por el gobierno portugu\u00e9s. Al mismo tiempo, la entidad de los curtidores de Europa, COTANCE, no pudo lograr a\u00fan que se escuchen sus razones en Bruselas. Sin embargo, la industria cree que el contexto podr\u00eda ser propicio para alcanzar alg\u00fan \u00e9xito en este tema.<\/p>\n<div id=\"attachment_17516\" style=\"width: 199px\" class=\"wp-caption alignright\"><a href=\"http:\/\/cueroamerica.info\/wpnews\/wp-content\/uploads\/2021\/03\/Goncalo-Santos-secretario-general-de-APIC.-.jpg\"><img loading=\"lazy\" decoding=\"async\" aria-describedby=\"caption-attachment-17516\" class=\" wp-image-17516\" src=\"http:\/\/cueroamerica.info\/wpnews\/wp-content\/uploads\/2021\/03\/Goncalo-Santos-secretario-general-de-APIC.--300x300.jpg\" alt=\"\" width=\"189\" height=\"189\" srcset=\"http:\/\/cueroamerica.info\/wpnews\/wp-content\/uploads\/2021\/03\/Goncalo-Santos-secretario-general-de-APIC.--300x300.jpg 300w, http:\/\/cueroamerica.info\/wpnews\/wp-content\/uploads\/2021\/03\/Goncalo-Santos-secretario-general-de-APIC.--150x150.jpg 150w, http:\/\/cueroamerica.info\/wpnews\/wp-content\/uploads\/2021\/03\/Goncalo-Santos-secretario-general-de-APIC.--90x90.jpg 90w, http:\/\/cueroamerica.info\/wpnews\/wp-content\/uploads\/2021\/03\/Goncalo-Santos-secretario-general-de-APIC.-.jpg 350w\" sizes=\"auto, (max-width: 189px) 100vw, 189px\" \/><\/a><p id=\"caption-attachment-17516\" class=\"wp-caption-text\">Gon\u00e7alo Santos, secretario general de APIC.<\/p><\/div>\n<p>Seg\u00fan Gon\u00e7alo Santos, secretario general de APIC, \u201cla falta de esta legislaci\u00f3n, a nivel portugu\u00e9s y europeo, es muy perjudicial para el sector, porque permite el uso de los t\u00e9rminos piel y cuero para promover materiales alternativos, sin que se pueda traer cualquier acci\u00f3n legal contra ellos\u00bb. COTANCE ya ha estimado el da\u00f1o a la industria europea del cuero en \u20ac 1.700 millones al a\u00f1o.<\/p>\n<p>APIC impulsa el proceso para que el proyecto de ley sobre el tema sea publicado en Lisboa. De esta forma, el pa\u00eds se pondr\u00eda a la par de Francia, B\u00e9lgica y Espa\u00f1a, que tienen legislaci\u00f3n nacional. Y de Italia, donde el llamado Decreto del Cuero est\u00e1 en vigor desde octubre de 2020.<\/p>\n<p>Recientemente la asociaci\u00f3n lusitana pidi\u00f3 al gobierno que agilizara el proceso de aprobaci\u00f3n del proyecto de ley, en poder del Ministerio de Econom\u00eda, pero a\u00fan no ha recibido respuesta.<br \/>\n&#8212;&#8212;&#8212;&#8212;&#8212;&#8212;&#8212;&#8212;&#8212;&#8212;&#8212;&#8212;&#8212;&#8211;<br \/>\nLa Conceria \/ CueroAm\u00e9rica<\/p>\n<p>&#8212;&#8212;&#8212;&#8212;&#8212;&#8212;&#8212;&#8212;&#8212;&#8212;&#8212;&#8212;&#8212;&#8212;&#8212;&#8211;<br \/>\nPara comunicarse con CueroAm\u00e9rica: <span style=\"color: #3366ff;\"><a style=\"color: #3366ff;\" href=\"mailto:contacto@cueroamerica.com\">contacto@cueroamerica.com<\/a><\/span><\/p>\n<table>\n<tbody>\n<tr>\n<td width=\"300\"><a href=\"https:\/\/www.smitzoon.com\/en\/\" target=\"_blank\" rel=\"noopener noreferrer\"><img decoding=\"async\" src=\"\/img\/publicidad\/sz2020a.gif\" \/><\/a><\/td>\n<td width=\"171\"><a href=\"https:\/\/epson.com.ar\/search\/?text=SURECOLOR&amp;keyword=SURECOLOR\" target=\"_blank\" rel=\"noopener noreferrer\"><img loading=\"lazy\" decoding=\"async\" src=\"http:\/\/comunidadtextil.com\/publicidad\/epson\/epson-2000587_300x200px.jpg\" alt=\"\" width=\"300\" height=\"200\" border=\"0\" \/><\/a><\/td>\n<\/tr>\n<\/tbody>\n<\/table>\n","protected":false},"excerpt":{"rendered":"<p>Aprovechando que Portugal ejerce la presidencia del Consejo de la Uni\u00f3n Europea comenz\u00f3 el pasado mes de enero la Asociaci\u00f3n Portuguesa de los Industriales de Curtiembre (APIC), espera generar en la entidad comunitaria un debate en defensa del cuero. La asociaci\u00f3n lusitana del curtido espera convencer a las autoridades de su pa\u00eds y a la [&hellip;]<\/p>\n","protected":false},"author":4,"featured_media":0,"comment_status":"closed","ping_status":"closed","sticky":false,"template":"","format":"standard","meta":{"footnotes":""},"categories":[7,43,63],"tags":[],"class_list":["post-17532","post","type-post","status-publish","format-standard","hentry","category-cuero-y-pieles","category-industrias","category-noticias-de-europa","count-0","even alt","author-","last"],"_links":{"self":[{"href":"http:\/\/cueroamerica.info\/wpnews\/wp-json\/wp\/v2\/posts\/17532","targetHints":{"allow":["GET"]}}],"collection":[{"href":"http:\/\/cueroamerica.info\/wpnews\/wp-json\/wp\/v2\/posts"}],"about":[{"href":"http:\/\/cueroamerica.info\/wpnews\/wp-json\/wp\/v2\/types\/post"}],"author":[{"embeddable":true,"href":"http:\/\/cueroamerica.info\/wpnews\/wp-json\/wp\/v2\/users\/4"}],"replies":[{"embeddable":true,"href":"http:\/\/cueroamerica.info\/wpnews\/wp-json\/wp\/v2\/comments?post=17532"}],"version-history":[{"count":1,"href":"http:\/\/cueroamerica.info\/wpnews\/wp-json\/wp\/v2\/posts\/17532\/revisions"}],"predecessor-version":[{"id":17533,"href":"http:\/\/cueroamerica.info\/wpnews\/wp-json\/wp\/v2\/posts\/17532\/revisions\/17533"}],"wp:attachment":[{"href":"http:\/\/cueroamerica.info\/wpnews\/wp-json\/wp\/v2\/media?parent=17532"}],"wp:term":[{"taxonomy":"category","embeddable":true,"href":"http:\/\/cueroamerica.info\/wpnews\/wp-json\/wp\/v2\/categories?post=17532"},{"taxonomy":"post_tag","embeddable":true,"href":"http:\/\/cueroamerica.info\/wpnews\/wp-json\/wp\/v2\/tags?post=17532"}],"curies":[{"name":"wp","href":"https:\/\/api.w.org\/{rel}","templated":true}]}}