{"id":17608,"date":"2021-03-25T15:17:30","date_gmt":"2021-03-25T15:17:30","guid":{"rendered":"http:\/\/cueroamerica.info\/wpnews\/?p=17608"},"modified":"2021-03-25T16:24:15","modified_gmt":"2021-03-25T16:24:15","slug":"la-brasilera-beira-rio-planea-instalar-su-fabrica-de-calzado-en-argentina-y-producir-tres-millones-de-pares-anuales","status":"publish","type":"post","link":"http:\/\/cueroamerica.info\/wpnews\/2021\/03\/la-brasilera-beira-rio-planea-instalar-su-fabrica-de-calzado-en-argentina-y-producir-tres-millones-de-pares-anuales\/","title":{"rendered":"La brasilera Beira Rio planea instalar su f\u00e1brica de calzado en Argentina y producir tres millones de pares anuales"},"content":{"rendered":"<p><a href=\"http:\/\/cueroamerica.info\/wpnews\/wp-content\/uploads\/2021\/03\/empresa-Beira-Rio_1-.jpg\"><img loading=\"lazy\" decoding=\"async\" class=\"alignleft wp-image-17604\" src=\"http:\/\/cueroamerica.info\/wpnews\/wp-content\/uploads\/2021\/03\/empresa-Beira-Rio_1-.jpg\" alt=\"\" width=\"233\" height=\"155\" \/><\/a>La empresa Beira Rio uno de las mayores productoras de calzados de Brasil, anunci\u00f3 que instalar\u00e1 una f\u00e1brica de calzado en el norte de Argentina. La misma tendr\u00e1 capacidad para producir 3 millones de pares anuales, que se destinar\u00edan a abastecer el mercado local y generar un saldo exportable hacia la regi\u00f3n.<\/p>\n<p>El ministro de Desarrollo Productivo, Mat\u00edas Kulfas y el secretario de Industria, Econom\u00eda del Conocimiento y Gesti\u00f3n Comercial Externa, Ariel Schale, mantuvieron una reuni\u00f3n el presidente de Cal\u00e7ados Beira Rio, Roberto Argenta. Del encuentro virtual participaron tambi\u00e9n la directora Comercial y de Marketing, Maribel Silva, y el director de Industria, Jo\u00e3o Henrich, acompa\u00f1ados por el embajador argentino en Brasil, Daniel Scioli.<\/p>\n<div id=\"attachment_17605\" style=\"width: 175px\" class=\"wp-caption alignright\"><a href=\"http:\/\/cueroamerica.info\/wpnews\/wp-content\/uploads\/2021\/03\/Matias-Kulfas-ministrio-de-Desarrollo-Productivo-de-Argentina.-_6-a.jpg\"><img loading=\"lazy\" decoding=\"async\" aria-describedby=\"caption-attachment-17605\" class=\" wp-image-17605\" src=\"http:\/\/cueroamerica.info\/wpnews\/wp-content\/uploads\/2021\/03\/Matias-Kulfas-ministrio-de-Desarrollo-Productivo-de-Argentina.-_6-a-267x300.jpg\" alt=\"\" width=\"165\" height=\"185\" srcset=\"http:\/\/cueroamerica.info\/wpnews\/wp-content\/uploads\/2021\/03\/Matias-Kulfas-ministrio-de-Desarrollo-Productivo-de-Argentina.-_6-a-267x300.jpg 267w, http:\/\/cueroamerica.info\/wpnews\/wp-content\/uploads\/2021\/03\/Matias-Kulfas-ministrio-de-Desarrollo-Productivo-de-Argentina.-_6-a.jpg 386w\" sizes=\"auto, (max-width: 165px) 100vw, 165px\" \/><\/a><p id=\"caption-attachment-17605\" class=\"wp-caption-text\">Mat\u00edas Kulfas, ministrio de Desarrollo Productivo de Argentina.<\/p><\/div>\n<p>En la reuni\u00f3n se acord\u00f3 la conformaci\u00f3n de los equipos de trabajo para avanzar en conjunto con el proceso de inversi\u00f3n y localizaci\u00f3n de la nueva planta de calzados en Argentina. Cabe destacar que Beira Rio se reivindica como una empresa \u201cga\u00facha\u201d, es decir del estado de Rio Grande do Sul y se enorgullece de tener sus once plantas industriales en esa regi\u00f3n, lim\u00edtrofe de la Argentina. Por lo tanto ser\u00eda la f\u00e1brica que montar\u00e1 en la Argentina ser\u00e1 la primera que no estar\u00e1 en esa regi\u00f3n y tambi\u00e9n fuera de Brasil.<\/p>\n<p>La compa\u00f1\u00eda Calzados Beira Rio SA es uno de los mayores fabricantes brasile\u00f1os, con casi 10.000 empleados que trabajan en 11 unidades industriales, que producen m\u00e1s de 380.000 pares de zapatos por d\u00eda. Sus productos se venden en Brasil y se exportan a 85 pa\u00edses.<\/p>\n<p>El director presidente de Beira Rio, Roberto Argenta es una personalidad influyente en la pol\u00edtica de Brasil, fue diputado Federal (Nacional) y mantiene una importante actividad en Rio Grande do Sul, su estado natal.<\/p>\n<div id=\"attachment_17602\" style=\"width: 153px\" class=\"wp-caption alignleft\"><a href=\"http:\/\/cueroamerica.info\/wpnews\/wp-content\/uploads\/2021\/03\/Roberto-Argenta-director-Presidente-de-la-compania-Beira-Rio.-_2-.jpg\"><img loading=\"lazy\" decoding=\"async\" aria-describedby=\"caption-attachment-17602\" class=\" wp-image-17602\" src=\"http:\/\/cueroamerica.info\/wpnews\/wp-content\/uploads\/2021\/03\/Roberto-Argenta-director-Presidente-de-la-compania-Beira-Rio.-_2--232x300.jpg\" alt=\"\" width=\"143\" height=\"185\" srcset=\"http:\/\/cueroamerica.info\/wpnews\/wp-content\/uploads\/2021\/03\/Roberto-Argenta-director-Presidente-de-la-compania-Beira-Rio.-_2--232x300.jpg 232w, http:\/\/cueroamerica.info\/wpnews\/wp-content\/uploads\/2021\/03\/Roberto-Argenta-director-Presidente-de-la-compania-Beira-Rio.-_2-.jpg 483w\" sizes=\"auto, (max-width: 143px) 100vw, 143px\" \/><\/a><p id=\"caption-attachment-17602\" class=\"wp-caption-text\">Roberto Argenta, director Presidente de la compa\u00f1\u00eda Beira Rio.<\/p><\/div>\n<p>Sobre la decisi\u00f3n de la empresa, el ministro Mat\u00edas Kulfas destac\u00f3 que \u201ces una gran noticia que por primera vez en la historia esta empresa tom\u00f3 la decisi\u00f3n de invertir fuera de Brasil y ha elegido a la Argentina para ampliar su producci\u00f3n de calzado. Esto significa m\u00e1s inversi\u00f3n, m\u00e1s producci\u00f3n, menos importaciones y m\u00e1s empleo en el pa\u00eds\u201d, expres\u00f3.<\/p>\n<p>Por su parte, Ariel Shale opin\u00f3 que \u201cla decisi\u00f3n de Beira Rio de avanzar con una inversi\u00f3n productiva en Argentina es muy importante. Se trata de una de las plataformas productoras de calzado m\u00e1s importantes del Continente. De esta manera podremos sustituir importaciones con producci\u00f3n nacional y trabajo argentino\u201d, explic\u00f3.<\/p>\n<p>La inversi\u00f3n en capital humano y capacitaci\u00f3n que realiza Beira Rio a trav\u00e9s del programa \u201cConquistando la perfecci\u00f3n\u201d, que incentiva la capacitaci\u00f3n y mejora en sus m\u00e9todos de trabajo, lleg\u00f3 a ser presentado en UNESCO como ejemplo de trabajo para el mundo. Adem\u00e1s trabaja activamente en proyectos art\u00edsticos y educativos uniendo desarrollo humano, crecimiento econ\u00f3mico y social.<br \/>\n&#8212;&#8212;&#8212;&#8212;&#8212;&#8212;&#8212;&#8212;&#8212;&#8212;&#8212;-<br \/>\nTelam \/ CueroAm\u00e9rica<\/p>\n<p>&#8212;&#8212;&#8212;&#8212;&#8212;&#8212;&#8212;&#8212;&#8212;&#8212;&#8212;&#8212;&#8212;&#8212;&#8212;&#8211;<br \/>\nPara comunicarse con CueroAm\u00e9rica: <span style=\"color: #3366ff;\"><a style=\"color: #3366ff;\" href=\"mailto:contacto@cueroamerica.com\">contacto@cueroamerica.com<\/a><\/span><\/p>\n<table>\n<tbody>\n<tr>\n<td width=\"300\"><a href=\"https:\/\/www.leatherfair.aplf.com\/en-us\/aplf-sectors\/aplf-materials-plus\" target=\"_blank\" rel=\"noopener noreferrer\"><img loading=\"lazy\" decoding=\"async\" src=\"\/img\/publicidad\/APLF21_Materials_banner_300X200px_EN.jpg\" alt=\"\" width=\"300\" height=\"200\" border=\"0\" \/><\/a><\/td>\n<td width=\"171\"><a href=\"http:\/\/bit.ly\/2pK0gG1\" target=\"_blank\" rel=\"noopener noreferrer\"><img loading=\"lazy\" decoding=\"async\" src=\"\/img\/publicidad\/dfs2017.gif\" alt=\"\" width=\"300\" height=\"200\" border=\"0\" \/><\/a><\/td>\n<\/tr>\n<\/tbody>\n<\/table>\n","protected":false},"excerpt":{"rendered":"<p>La empresa Beira Rio uno de las mayores productoras de calzados de Brasil, anunci\u00f3 que instalar\u00e1 una f\u00e1brica de calzado en el norte de Argentina. La misma tendr\u00e1 capacidad para producir 3 millones de pares anuales, que se destinar\u00edan a abastecer el mercado local y generar un saldo exportable hacia la regi\u00f3n. El ministro de [&hellip;]<\/p>\n","protected":false},"author":4,"featured_media":0,"comment_status":"closed","ping_status":"closed","sticky":false,"template":"","format":"standard","meta":{"footnotes":""},"categories":[43,61],"tags":[],"class_list":["post-17608","post","type-post","status-publish","format-standard","hentry","category-industrias","category-noticias-de-america-latina","count-0","even alt","author-","last"],"_links":{"self":[{"href":"http:\/\/cueroamerica.info\/wpnews\/wp-json\/wp\/v2\/posts\/17608","targetHints":{"allow":["GET"]}}],"collection":[{"href":"http:\/\/cueroamerica.info\/wpnews\/wp-json\/wp\/v2\/posts"}],"about":[{"href":"http:\/\/cueroamerica.info\/wpnews\/wp-json\/wp\/v2\/types\/post"}],"author":[{"embeddable":true,"href":"http:\/\/cueroamerica.info\/wpnews\/wp-json\/wp\/v2\/users\/4"}],"replies":[{"embeddable":true,"href":"http:\/\/cueroamerica.info\/wpnews\/wp-json\/wp\/v2\/comments?post=17608"}],"version-history":[{"count":4,"href":"http:\/\/cueroamerica.info\/wpnews\/wp-json\/wp\/v2\/posts\/17608\/revisions"}],"predecessor-version":[{"id":17615,"href":"http:\/\/cueroamerica.info\/wpnews\/wp-json\/wp\/v2\/posts\/17608\/revisions\/17615"}],"wp:attachment":[{"href":"http:\/\/cueroamerica.info\/wpnews\/wp-json\/wp\/v2\/media?parent=17608"}],"wp:term":[{"taxonomy":"category","embeddable":true,"href":"http:\/\/cueroamerica.info\/wpnews\/wp-json\/wp\/v2\/categories?post=17608"},{"taxonomy":"post_tag","embeddable":true,"href":"http:\/\/cueroamerica.info\/wpnews\/wp-json\/wp\/v2\/tags?post=17608"}],"curies":[{"name":"wp","href":"https:\/\/api.w.org\/{rel}","templated":true}]}}