{"id":1777,"date":"2012-07-11T14:43:40","date_gmt":"2012-07-11T14:43:40","guid":{"rendered":"http:\/\/www.informetextil.com\/news\/?p=1777"},"modified":"2012-07-11T15:14:42","modified_gmt":"2012-07-11T15:14:42","slug":"colombia-aumenta-un-7-las-exportaciones-de-calzado","status":"publish","type":"post","link":"http:\/\/cueroamerica.info\/wpnews\/2012\/07\/colombia-aumenta-un-7-las-exportaciones-de-calzado\/","title":{"rendered":"Colombia aumenta un 7% las exportaciones de calzado"},"content":{"rendered":"<div id=\"attachment_1796\" style=\"width: 160px\" class=\"wp-caption alignright\"><a href=\"http:\/\/www.informetextil.com\/news\/wp-content\/uploads\/2012\/07\/florezzzz.jpg\"><img loading=\"lazy\" decoding=\"async\" aria-describedby=\"caption-attachment-1796\" class=\"size-full wp-image-1796\" title=\"florezzzz\" src=\"http:\/\/www.informetextil.com\/news\/wp-content\/uploads\/2012\/07\/florezzzz.jpg\" alt=\"\" width=\"150\" height=\"181\" \/><\/a><p id=\"caption-attachment-1796\" class=\"wp-caption-text\">Dr. Luis Gustavo Fl\u00f3rez, presidente de ACICAM<\/p><\/div>\n<p>De acuerdo a un informe de la Asociaci\u00f3n Colombiana de las Industrias del Cuero, Calzado y sus Manufacturas, ACICAM, durante el primer cuatrimestre del a\u00f1o, se registr\u00f3 un crecimiento del 7% en la exportaci\u00f3n de calzado. El dato marca una importante recuperaci\u00f3n del sector frente a la cr\u00edtica situaci\u00f3n vivida el a\u00f1o pasado.<\/p>\n<p>Las ventas externas del calzado colombiano seg\u00fan ACICAM aument\u00f3 un 7 % entre enero y abril, luego de un a\u00f1o 2011 en el que el mercado externo cay\u00f3, en ese mismo per\u00edodo, un 19,23 por ciento.<\/p>\n<p>Es decir, que este per\u00edodo configura un buen indicio, especialmente en momentos en que la industria tiene la esperanza de sacar provecho de los tratados de libre comercio que ha firmado el pa\u00eds.<\/p>\n<p>Para Luis Gustavo Fl\u00f3rez, presidente de ACICAM, en esta situaci\u00f3n \u201chay un claro efecto de tasa de cambio\u201d. Asimismo se\u00f1ala que el sector calzado de Colombia esta empe\u00f1ado \u201cen una campa\u00f1a de acercamiento a Estados Unidos, para un mayor aprovechamiento del Tratado de Libre Comercio. ACICAM particip\u00f3 recientemente con 40 empresas en la rueda de negocios que se hizo en Nueva York, para desarrollar potenciales negocios\u201d.<\/p>\n<p>Los datos agregan que si bien la producci\u00f3n local de calzado sigui\u00f3 creciendo, un 14,7%, lo hizo a un ritmo menor que un a\u00f1o atr\u00e1s, cuando la variaci\u00f3n fue del 22,2 %.<\/p>\n<p>\u201cDurante el a\u00f1o pasado, hubo un consumo voraz, pero ya se ha moderado\u201d, explic\u00f3 el presidente la Acicam. Bajo este panorama, la industria se prepara para celebrar la Feria Internacional del Calzado (ILFS) entre el 31 de julio y el 3 de agosto pr\u00f3ximos, un encuentro que presentar\u00e1 a m\u00e1s de 500 expositores entre colombianos y de otros pa\u00edses.<br \/>\n&#8212;&#8212;&#8212;&#8212;&#8212;&#8212;&#8212;&#8212;&#8212;&#8212;&#8212;&#8211;<br \/>\nPortfolio.co \/ CueroAm\u00e9rica<\/p>\n<table width=\"306\" border=\"0\">\n<tbody>\n<tr>\n<td><a href=\"http:\/\/www.hebillasempre.com.ar\/espanol\/home\" target=\"_blank\"><img loading=\"lazy\" decoding=\"async\" src=\"http:\/\/www.cueroamerica.com.ar\/sponsors\/empre_300x2000.jpg\" alt=\"\" width=\"300\" height=\"200\" border=\"0\" \/><\/a><\/td>\n<td><a href=\"http:\/\/apps.ubmasia.com\/links\/Show.aspx?sid=527%20\" target=\"_blank\"><img loading=\"lazy\" decoding=\"async\" src=\"http:\/\/www.cueroamerica.com.ar\/sponsors\/aplfbanner_300x200.gif\" alt=\"\" width=\"300\" height=\"200\" border=\"0\" \/><\/a><\/td>\n<\/tr>\n<\/tbody>\n<\/table>\n","protected":false},"excerpt":{"rendered":"<p>De acuerdo a un informe de la Asociaci\u00f3n Colombiana de las Industrias del Cuero, Calzado y sus Manufacturas, ACICAM, durante el primer cuatrimestre del a\u00f1o, se registr\u00f3 un crecimiento del 7% en la exportaci\u00f3n de calzado. El dato marca una importante recuperaci\u00f3n del sector frente a la cr\u00edtica situaci\u00f3n vivida el a\u00f1o pasado. Las ventas [&hellip;]<\/p>\n","protected":false},"author":1,"featured_media":0,"comment_status":"open","ping_status":"open","sticky":false,"template":"","format":"standard","meta":{"footnotes":""},"categories":[],"tags":[],"class_list":["post-1777","post","type-post","status-publish","format-standard","hentry","count-0","even alt","author-","last"],"_links":{"self":[{"href":"http:\/\/cueroamerica.info\/wpnews\/wp-json\/wp\/v2\/posts\/1777","targetHints":{"allow":["GET"]}}],"collection":[{"href":"http:\/\/cueroamerica.info\/wpnews\/wp-json\/wp\/v2\/posts"}],"about":[{"href":"http:\/\/cueroamerica.info\/wpnews\/wp-json\/wp\/v2\/types\/post"}],"author":[{"embeddable":true,"href":"http:\/\/cueroamerica.info\/wpnews\/wp-json\/wp\/v2\/users\/1"}],"replies":[{"embeddable":true,"href":"http:\/\/cueroamerica.info\/wpnews\/wp-json\/wp\/v2\/comments?post=1777"}],"version-history":[{"count":3,"href":"http:\/\/cueroamerica.info\/wpnews\/wp-json\/wp\/v2\/posts\/1777\/revisions"}],"predecessor-version":[{"id":1797,"href":"http:\/\/cueroamerica.info\/wpnews\/wp-json\/wp\/v2\/posts\/1777\/revisions\/1797"}],"wp:attachment":[{"href":"http:\/\/cueroamerica.info\/wpnews\/wp-json\/wp\/v2\/media?parent=1777"}],"wp:term":[{"taxonomy":"category","embeddable":true,"href":"http:\/\/cueroamerica.info\/wpnews\/wp-json\/wp\/v2\/categories?post=1777"},{"taxonomy":"post_tag","embeddable":true,"href":"http:\/\/cueroamerica.info\/wpnews\/wp-json\/wp\/v2\/tags?post=1777"}],"curies":[{"name":"wp","href":"https:\/\/api.w.org\/{rel}","templated":true}]}}