{"id":18165,"date":"2021-08-17T13:52:15","date_gmt":"2021-08-17T13:52:15","guid":{"rendered":"http:\/\/cueroamerica.info\/wpnews\/?p=18165"},"modified":"2021-08-17T13:52:15","modified_gmt":"2021-08-17T13:52:15","slug":"iflseici-tuvieron-una-gran-visitacion-y-buenos-negocios-en-su-nueva-presencialidad","status":"publish","type":"post","link":"http:\/\/cueroamerica.info\/wpnews\/2021\/08\/iflseici-tuvieron-una-gran-visitacion-y-buenos-negocios-en-su-nueva-presencialidad\/","title":{"rendered":"IFLS+EICI tuvieron una gran visitaci\u00f3n y buenos negocios en su nueva presencialidad"},"content":{"rendered":"<p><a href=\"http:\/\/cueroamerica.info\/wpnews\/wp-content\/uploads\/2021\/08\/IFLSEICI-2a.jpg\"><img loading=\"lazy\" decoding=\"async\" class=\"alignleft wp-image-18147\" src=\"http:\/\/cueroamerica.info\/wpnews\/wp-content\/uploads\/2021\/08\/IFLSEICI-2a-300x200.jpg\" alt=\"\" width=\"248\" height=\"165\" srcset=\"http:\/\/cueroamerica.info\/wpnews\/wp-content\/uploads\/2021\/08\/IFLSEICI-2a-300x200.jpg 300w, http:\/\/cueroamerica.info\/wpnews\/wp-content\/uploads\/2021\/08\/IFLSEICI-2a-1024x683.jpg 1024w, http:\/\/cueroamerica.info\/wpnews\/wp-content\/uploads\/2021\/08\/IFLSEICI-2a-768x512.jpg 768w, http:\/\/cueroamerica.info\/wpnews\/wp-content\/uploads\/2021\/08\/IFLSEICI-2a.jpg 1300w\" sizes=\"auto, (max-width: 248px) 100vw, 248px\" \/><\/a>Con 220 expositores de Colombia y pa\u00edses como Brasil, Uruguay, Per\u00fa, Italia y M\u00e9xico se realizaron en Bogot\u00e1 las ferias IFLS+EICI. El sal\u00f3n de calzado, marroquiner\u00eda, complementos de moda junto el de materias primas, componentes y m\u00e1quinas tuvieron lugar en forma presencial en Bogot\u00e1.<\/p>\n<p>La Asociaci\u00f3n Colombiana de Industriales del Calzado, el Cuero y sus Manufacturas (ACICAM), organizadora de los eventos, destac\u00f3 que a pesar de la dif\u00edcil situaci\u00f3n econ\u00f3mica por la que est\u00e1 atravesando el mundo a causa de la pandemia, las empresas expositoras lograron ventas efectivas que superaron las expectativas previas.<\/p>\n<p>Lo mismo ocurri\u00f3 con la cantidad de visitantes y compradores que asistieron, que sumaron 6.080 en los cuatro d\u00edas.<\/p>\n<p>Jorge Andr\u00e9s Zuluaga, presidente de la Junta Directiva Nacional de ACICAM, se\u00f1al\u00f3 que durante esta feria se sinti\u00f3 un clima de satisfacci\u00f3n entre los expositores y asistentes, y los datos confirman la reactivaci\u00f3n econ\u00f3mica que viene experimentando el sector del cuero, el calzado y la marroquiner\u00eda.<\/p>\n<p><a href=\"http:\/\/cueroamerica.info\/wpnews\/wp-content\/uploads\/2021\/08\/IFLSEICIa.jpg\"><img loading=\"lazy\" decoding=\"async\" class=\" wp-image-18148 alignright\" src=\"http:\/\/cueroamerica.info\/wpnews\/wp-content\/uploads\/2021\/08\/IFLSEICIa-300x168.jpg\" alt=\"\" width=\"248\" height=\"139\" srcset=\"http:\/\/cueroamerica.info\/wpnews\/wp-content\/uploads\/2021\/08\/IFLSEICIa-300x168.jpg 300w, http:\/\/cueroamerica.info\/wpnews\/wp-content\/uploads\/2021\/08\/IFLSEICIa-1024x575.jpg 1024w, http:\/\/cueroamerica.info\/wpnews\/wp-content\/uploads\/2021\/08\/IFLSEICIa-768x431.jpg 768w, http:\/\/cueroamerica.info\/wpnews\/wp-content\/uploads\/2021\/08\/IFLSEICIa.jpg 1300w\" sizes=\"auto, (max-width: 248px) 100vw, 248px\" \/><\/a>El evento tambi\u00e9n cont\u00f3 con una agenda acad\u00e9mica nutrida, donde expositores y visitantes lograron ampliar su conocimiento en todas las \u00e1reas del mercado. Esto tambi\u00e9n demostr\u00f3 que \u201cla feria gener\u00f3 un fortalecimiento del sector, no solo en ventas sino tambi\u00e9n en todos sus procesos de producci\u00f3n, dise\u00f1o, mercadeo y ventas\u201d, destacaron.<\/p>\n<p>La edici\u00f3n 43 de la feria International Footwear and Leather Show que en 2022 del IFLS y la 25 del EICI tienen fecha confirmada para el 8 al 11 de febrero, siempre en el predio de Corferias.<\/p>\n<p>Seg\u00fan ACICAM la edici\u00f3n de IFLS+EICI cerr\u00f3 exitosamente con un mensaje que marc\u00f3 las novedades de la industria en materia de sostenibilidad, tecnolog\u00eda, tendencias y negocios, nuevas implementaciones que est\u00e1n impactando en la cadena del cuero, calzado y marroquiner\u00eda. Estas est\u00e1n vinculadas con las exigencias de los consumidores y de la realidad del mundo de hoy en materia de productos y sus procesos productivos.<br \/>\n&#8212;&#8212;&#8212;&#8212;&#8212;&#8212;&#8212;&#8212;&#8212;&#8212;&#8212;&#8212;&#8212;&#8211;<br \/>\nACICAM \/ CueroAm\u00e9rica<\/p>\n<p>&#8212;&#8212;&#8212;&#8212;&#8212;&#8212;&#8212;&#8212;&#8212;&#8212;&#8212;&#8212;&#8212;&#8212;&#8212;&#8211;<br \/>\nPara comunicarse con CueroAm\u00e9rica: <span style=\"color: #3366ff;\"><a style=\"color: #3366ff;\" href=\"mailto:contacto@cueroamerica.com\">contacto@cueroamerica.com<\/a><\/span><\/p>\n<table>\n<tbody>\n<tr>\n<td width=\"300\"><a href=\"https:\/\/www.simactanningtech.it\/fairs\/\" target=\"_blank\" rel=\"noopener noreferrer\"><img loading=\"lazy\" decoding=\"async\" src=\"\/img\/publicidad\/stt2021.gif\" alt=\"\" width=\"300\" height=\"200\" \/><\/a><\/td>\n<td width=\"171\"><a href=\"http:\/\/bit.ly\/2p9UM5w\" target=\"_blank\" rel=\"noopener noreferrer\"><img loading=\"lazy\" decoding=\"async\" src=\"\/img\/publicidad\/2021\/APLF22_Leather_thumbnail_300x200px.jpg\" width=\"300\" height=\"200\" \/><\/a><\/td>\n<\/tr>\n<\/tbody>\n<\/table>\n","protected":false},"excerpt":{"rendered":"<p>Con 220 expositores de Colombia y pa\u00edses como Brasil, Uruguay, Per\u00fa, Italia y M\u00e9xico se realizaron en Bogot\u00e1 las ferias IFLS+EICI. El sal\u00f3n de calzado, marroquiner\u00eda, complementos de moda junto el de materias primas, componentes y m\u00e1quinas tuvieron lugar en forma presencial en Bogot\u00e1. La Asociaci\u00f3n Colombiana de Industriales del Calzado, el Cuero y sus [&hellip;]<\/p>\n","protected":false},"author":4,"featured_media":0,"comment_status":"closed","ping_status":"closed","sticky":false,"template":"","format":"standard","meta":{"footnotes":""},"categories":[66,60],"tags":[],"class_list":["post-18165","post","type-post","status-publish","format-standard","hentry","category-ferias-realizadas","category-ferias","count-0","even alt","author-","last"],"_links":{"self":[{"href":"http:\/\/cueroamerica.info\/wpnews\/wp-json\/wp\/v2\/posts\/18165","targetHints":{"allow":["GET"]}}],"collection":[{"href":"http:\/\/cueroamerica.info\/wpnews\/wp-json\/wp\/v2\/posts"}],"about":[{"href":"http:\/\/cueroamerica.info\/wpnews\/wp-json\/wp\/v2\/types\/post"}],"author":[{"embeddable":true,"href":"http:\/\/cueroamerica.info\/wpnews\/wp-json\/wp\/v2\/users\/4"}],"replies":[{"embeddable":true,"href":"http:\/\/cueroamerica.info\/wpnews\/wp-json\/wp\/v2\/comments?post=18165"}],"version-history":[{"count":1,"href":"http:\/\/cueroamerica.info\/wpnews\/wp-json\/wp\/v2\/posts\/18165\/revisions"}],"predecessor-version":[{"id":18166,"href":"http:\/\/cueroamerica.info\/wpnews\/wp-json\/wp\/v2\/posts\/18165\/revisions\/18166"}],"wp:attachment":[{"href":"http:\/\/cueroamerica.info\/wpnews\/wp-json\/wp\/v2\/media?parent=18165"}],"wp:term":[{"taxonomy":"category","embeddable":true,"href":"http:\/\/cueroamerica.info\/wpnews\/wp-json\/wp\/v2\/categories?post=18165"},{"taxonomy":"post_tag","embeddable":true,"href":"http:\/\/cueroamerica.info\/wpnews\/wp-json\/wp\/v2\/tags?post=18165"}],"curies":[{"name":"wp","href":"https:\/\/api.w.org\/{rel}","templated":true}]}}