{"id":18267,"date":"2021-09-14T14:31:07","date_gmt":"2021-09-14T14:31:07","guid":{"rendered":"http:\/\/cueroamerica.info\/wpnews\/?p=18267"},"modified":"2021-09-14T14:31:07","modified_gmt":"2021-09-14T14:31:07","slug":"stahl-integra-a-su-controlada-piel-color-en-busca-de-lograr-un-funcionamiento-integrado","status":"publish","type":"post","link":"http:\/\/cueroamerica.info\/wpnews\/2021\/09\/stahl-integra-a-su-controlada-piel-color-en-busca-de-lograr-un-funcionamiento-integrado\/","title":{"rendered":"Stahl integra a su controlada Piel Color en busca de lograr un funcionamiento integrado"},"content":{"rendered":"<p><a href=\"http:\/\/cueroamerica.info\/wpnews\/wp-content\/uploads\/2021\/09\/PielColor-Sthal-_a--e1631629781880.jpg\"><img loading=\"lazy\" decoding=\"async\" class=\" wp-image-18257 alignright\" src=\"http:\/\/cueroamerica.info\/wpnews\/wp-content\/uploads\/2021\/09\/PielColor-Sthal-_a--e1631629781880-300x248.jpg\" alt=\"\" width=\"220\" height=\"182\" srcset=\"http:\/\/cueroamerica.info\/wpnews\/wp-content\/uploads\/2021\/09\/PielColor-Sthal-_a--e1631629781880-300x248.jpg 300w, http:\/\/cueroamerica.info\/wpnews\/wp-content\/uploads\/2021\/09\/PielColor-Sthal-_a--e1631629781880.jpg 450w\" sizes=\"auto, (max-width: 220px) 100vw, 220px\" \/><\/a>Stahl, que fabrica productos qu\u00edmicos para cueros destinados al calzado, la indumentaria y los muebles para el hogar, anuncia planes para integrar completamente en su negocio principal -a fines de 2021- a su subsidiaria de acabado de cuero, la otrora espa\u00f1ola PielColor.<\/p>\n<p>Stahl adquiri\u00f3 en 2004 la empresa PielColor, que se especializa en la fabricaci\u00f3n y comercializaci\u00f3n de productos qu\u00edmicos para el acabado del cuero. Ahora, la compa\u00f1\u00eda con sede en Holanda, cree que la medida har\u00e1 que los productos y la experiencia de PielColor se manejen completamente de forma interna, fortaleciendo la oferta de Stahl a sus clientes al tiempo que mejora la visibilidad y el alcance de la marca PielColor.<\/p>\n<p>A finales de 2020, se tom\u00f3 la decisi\u00f3n de integrar completamente PielColor, posicion\u00e1ndola como una marca central dentro del grupo Stahl. Este cambio fortalecer\u00e1 la posici\u00f3n de Stahl en el mercado del acabado de cuero al aprovechar la reputaci\u00f3n de esa marca y la amplia gama de soluciones innovadoras de qu\u00edmica responsable.<\/p>\n<div id=\"attachment_18258\" style=\"width: 167px\" class=\"wp-caption alignleft\"><a href=\"http:\/\/cueroamerica.info\/wpnews\/wp-content\/uploads\/2021\/09\/Xavier-Rafols-director-de-grupo-de-Pielcolor-en-Stahl.-_2b.jpg\"><img loading=\"lazy\" decoding=\"async\" aria-describedby=\"caption-attachment-18258\" class=\" wp-image-18258\" src=\"http:\/\/cueroamerica.info\/wpnews\/wp-content\/uploads\/2021\/09\/Xavier-Rafols-director-de-grupo-de-Pielcolor-en-Stahl.-_2b-214x300.jpg\" alt=\"\" width=\"157\" height=\"220\" srcset=\"http:\/\/cueroamerica.info\/wpnews\/wp-content\/uploads\/2021\/09\/Xavier-Rafols-director-de-grupo-de-Pielcolor-en-Stahl.-_2b-214x300.jpg 214w, http:\/\/cueroamerica.info\/wpnews\/wp-content\/uploads\/2021\/09\/Xavier-Rafols-director-de-grupo-de-Pielcolor-en-Stahl.-_2b.jpg 334w\" sizes=\"auto, (max-width: 157px) 100vw, 157px\" \/><\/a><p id=\"caption-attachment-18258\" class=\"wp-caption-text\">Xavier Rafols, director de grupo de Pielcolor en Stahl.<\/p><\/div>\n<p>El programa de integraci\u00f3n continuar\u00e1 llev\u00e1ndose a cabo durante el resto de 2021, y se espera que todas las partes del negocio de PielColor est\u00e9n completamente operativas bajo la nueva estructura para fines de a\u00f1o.<\/p>\n<p>\u00abPielColor ha estado agregando un importante valor a la familia Stahl durante m\u00e1s de 15 a\u00f1os\u00bb, dijo Xavier Rafols, director de grupo de Pielcolor en Stahl. \u201cAhora es el momento de dar el siguiente paso integrando completamente la empresa al grupo, como marca clave junto a Stahl. Estoy convencido de que esto generar\u00e1 m\u00e1s beneficios a largo plazo para nuestro negocio y nuestra comunidad de clientes. Espero que la pol\u00edtica de qu\u00edmica responsable de PielColor agregue valor a m\u00e1s clientes y usuarios finales en todo el mundo, en los pr\u00f3ximos a\u00f1os\u201d.<\/p>\n<p>Stahl destaca que ha identificado cuatro \u00e1reas de importancia estrat\u00e9gica para ayudar a alcanzar sus objetivos: transformaci\u00f3n digital, innovaci\u00f3n abierta, materias primas renovables y desarrollo sostenible. Al centrarse en estas \u00e1reas con sus socios de la cadena de valor, la empresa dijo que puede ofrecer m\u00e1s valor a sus empleados, clientes, inversores y la sociedad.<br \/>\n&#8212;&#8212;&#8212;&#8212;&#8212;&#8212;&#8212;&#8212;&#8212;&#8212;&#8212;<br \/>\nStahl \/ CueroAm\u00e9rica<\/p>\n<p>&#8212;&#8212;&#8212;&#8212;&#8212;&#8212;&#8212;&#8212;&#8212;&#8212;&#8212;&#8212;&#8212;&#8212;&#8212;&#8211;<br \/>\nPara comunicarse con CueroAm\u00e9rica: <span style=\"color: #3366ff;\"><a style=\"color: #3366ff;\" href=\"mailto:contacto@cueroamerica.com\">contacto@cueroamerica.com<\/a><\/span><\/p>\n<table>\n<tbody>\n<tr>\n<td width=\"300\"><a href=\"https:\/\/www.aclechina.com\/?utm_source=cueroamerica&amp;utm_medium=partner_web&amp;utm_campaign=acle21\" target=\"_blank\" rel=\"noopener noreferrer\"><img loading=\"lazy\" decoding=\"async\" src=\"\/img\/publicidad\/2021\/ACLE21_300x200px_newdate_en.jpg\" alt=\"\" width=\"300\" height=\"200\" \/><\/a><\/td>\n<td width=\"171\"><a href=\"https:\/\/www.simactanningtech.it\/fairs\/\" target=\"_blank\" rel=\"noopener noreferrer\"><img loading=\"lazy\" decoding=\"async\" src=\"\/img\/publicidad\/stt2021.gif\" alt=\"\" width=\"300\" height=\"200\" \/><\/a><\/td>\n<\/tr>\n<\/tbody>\n<\/table>\n","protected":false},"excerpt":{"rendered":"<p>Stahl, que fabrica productos qu\u00edmicos para cueros destinados al calzado, la indumentaria y los muebles para el hogar, anuncia planes para integrar completamente en su negocio principal -a fines de 2021- a su subsidiaria de acabado de cuero, la otrora espa\u00f1ola PielColor. Stahl adquiri\u00f3 en 2004 la empresa PielColor, que se especializa en la fabricaci\u00f3n [&hellip;]<\/p>\n","protected":false},"author":4,"featured_media":0,"comment_status":"closed","ping_status":"closed","sticky":false,"template":"","format":"standard","meta":{"footnotes":""},"categories":[8],"tags":[],"class_list":["post-18267","post","type-post","status-publish","format-standard","hentry","category-empresas-y-negocios","count-0","even alt","author-","last"],"_links":{"self":[{"href":"http:\/\/cueroamerica.info\/wpnews\/wp-json\/wp\/v2\/posts\/18267","targetHints":{"allow":["GET"]}}],"collection":[{"href":"http:\/\/cueroamerica.info\/wpnews\/wp-json\/wp\/v2\/posts"}],"about":[{"href":"http:\/\/cueroamerica.info\/wpnews\/wp-json\/wp\/v2\/types\/post"}],"author":[{"embeddable":true,"href":"http:\/\/cueroamerica.info\/wpnews\/wp-json\/wp\/v2\/users\/4"}],"replies":[{"embeddable":true,"href":"http:\/\/cueroamerica.info\/wpnews\/wp-json\/wp\/v2\/comments?post=18267"}],"version-history":[{"count":2,"href":"http:\/\/cueroamerica.info\/wpnews\/wp-json\/wp\/v2\/posts\/18267\/revisions"}],"predecessor-version":[{"id":18269,"href":"http:\/\/cueroamerica.info\/wpnews\/wp-json\/wp\/v2\/posts\/18267\/revisions\/18269"}],"wp:attachment":[{"href":"http:\/\/cueroamerica.info\/wpnews\/wp-json\/wp\/v2\/media?parent=18267"}],"wp:term":[{"taxonomy":"category","embeddable":true,"href":"http:\/\/cueroamerica.info\/wpnews\/wp-json\/wp\/v2\/categories?post=18267"},{"taxonomy":"post_tag","embeddable":true,"href":"http:\/\/cueroamerica.info\/wpnews\/wp-json\/wp\/v2\/tags?post=18267"}],"curies":[{"name":"wp","href":"https:\/\/api.w.org\/{rel}","templated":true}]}}