{"id":18274,"date":"2021-09-14T14:54:41","date_gmt":"2021-09-14T14:54:41","guid":{"rendered":"http:\/\/cueroamerica.info\/wpnews\/?p=18274"},"modified":"2021-09-14T14:54:41","modified_gmt":"2021-09-14T14:54:41","slug":"lineapelle-new-york-cambia-de-fecha-por-las-restricciones-de-viaje-a-los-estados-unidos","status":"publish","type":"post","link":"http:\/\/cueroamerica.info\/wpnews\/2021\/09\/lineapelle-new-york-cambia-de-fecha-por-las-restricciones-de-viaje-a-los-estados-unidos\/","title":{"rendered":"Lineapelle New York cambia de fecha por las restricciones de viaje a los Estados Unidos"},"content":{"rendered":"<p><a href=\"http:\/\/cueroamerica.info\/wpnews\/wp-content\/uploads\/2021\/09\/193_Lineapelle_20190130_FOT5309-HiRes1.jpg\"><img loading=\"lazy\" decoding=\"async\" class=\"alignleft  wp-image-18265\" src=\"http:\/\/cueroamerica.info\/wpnews\/wp-content\/uploads\/2021\/09\/193_Lineapelle_20190130_FOT5309-HiRes1-300x200.jpg\" alt=\"\" width=\"248\" height=\"165\" srcset=\"http:\/\/cueroamerica.info\/wpnews\/wp-content\/uploads\/2021\/09\/193_Lineapelle_20190130_FOT5309-HiRes1-300x200.jpg 300w, http:\/\/cueroamerica.info\/wpnews\/wp-content\/uploads\/2021\/09\/193_Lineapelle_20190130_FOT5309-HiRes1-1024x683.jpg 1024w, http:\/\/cueroamerica.info\/wpnews\/wp-content\/uploads\/2021\/09\/193_Lineapelle_20190130_FOT5309-HiRes1-768x512.jpg 768w, http:\/\/cueroamerica.info\/wpnews\/wp-content\/uploads\/2021\/09\/193_Lineapelle_20190130_FOT5309-HiRes1.jpg 1200w\" sizes=\"auto, (max-width: 248px) 100vw, 248px\" \/><\/a>Debido a las actuales restricciones de viaje a los Estados Unidos, la feria italiana Lineapelle se decidi\u00f3 suspender la pr\u00f3xima edici\u00f3n de su spin-off en los Estados Unidos. El sal\u00f3n de materias primas y componentes se iba a realizar en Nueva York los d\u00edas 12 y 13 de octubre. La informaci\u00f3n asegura que la nueva fecha se resolver\u00e1 reci\u00e9n en enero de 2022.<\/p>\n<p>Originalmente, Lineapelle New York deb\u00eda celebrarse los d\u00edas 1 y 2 de septiembre de 2021 en la sede habitual del Metropolitan Pavilion en Manhattan, Nueva York. Sin embargo, dadas las \u00abdificultades log\u00edsticas y organizativas relacionadas con la actual situaci\u00f3n de pandemia en EEUU\u00bb, en el mes de julio, se traslad\u00f3 a mediados de octubre. Ahora, al mantenerse algunas de las condiciones perturban la realizaci\u00f3n del evento, la decisi\u00f3n fue suspender su realizaci\u00f3n y retomar el proyecto y su organizaci\u00f3n reci\u00e9n en enero de 2022.<\/p>\n<p><a href=\"http:\/\/cueroamerica.info\/wpnews\/wp-content\/uploads\/2021\/09\/2_Lineapelle_20180717_FOT9311-HiRes1.jpg\"><img loading=\"lazy\" decoding=\"async\" class=\" wp-image-18264 alignright\" src=\"http:\/\/cueroamerica.info\/wpnews\/wp-content\/uploads\/2021\/09\/2_Lineapelle_20180717_FOT9311-HiRes1-300x200.jpg\" alt=\"\" width=\"245\" height=\"163\" srcset=\"http:\/\/cueroamerica.info\/wpnews\/wp-content\/uploads\/2021\/09\/2_Lineapelle_20180717_FOT9311-HiRes1-300x200.jpg 300w, http:\/\/cueroamerica.info\/wpnews\/wp-content\/uploads\/2021\/09\/2_Lineapelle_20180717_FOT9311-HiRes1-1024x683.jpg 1024w, http:\/\/cueroamerica.info\/wpnews\/wp-content\/uploads\/2021\/09\/2_Lineapelle_20180717_FOT9311-HiRes1-768x512.jpg 768w, http:\/\/cueroamerica.info\/wpnews\/wp-content\/uploads\/2021\/09\/2_Lineapelle_20180717_FOT9311-HiRes1.jpg 1200w\" sizes=\"auto, (max-width: 245px) 100vw, 245px\" \/><\/a>Un comunicado de Lineapelle se\u00f1ala que \u00ablamentablemente la relajaci\u00f3n de las medidas de contenci\u00f3n del Covid-19, temidas a finales de agosto, no se ha materializado\u00bb. En la pr\u00e1ctica, a EE.UU. \u00ablos viajes siguen suspendidos para aquellos que, en los \u00faltimos 14 d\u00edas, hayan estado en un pa\u00eds del \u2018Espacio Schengen\u2019, incluida Italia\u00bb. Pero, en virtud de la Proclamaci\u00f3n Presidencial del 25 de enero\u00bb, tambi\u00e9n, en el \u00abReino Unido, Irlanda, Brasil, Sud\u00e1frica, China o Ir\u00e1n\u201d.<\/p>\n<p>\u00abLa decisi\u00f3n de las autoridades estadounidenses de suspender las visas B1 con NIE (National Interest Exception), por razones de feria comercial, tambi\u00e9n sigue vigente\u00bb, lo que \u00abno permite que la mayor\u00eda de los expositores asistan al evento\u00bb, agrega el texto.<br \/>\n&#8212;&#8212;&#8212;&#8212;&#8212;&#8212;&#8212;&#8212;&#8212;&#8212;&#8212;&#8212;&#8212;&#8212;<br \/>\nLineapelle \/ CueroAm\u00e9rica<\/p>\n<p>&#8212;&#8212;&#8212;&#8212;&#8212;&#8212;&#8212;&#8212;&#8212;&#8212;&#8212;&#8212;&#8212;&#8212;&#8212;&#8211;<br \/>\nPara comunicarse con CueroAm\u00e9rica: <span style=\"color: #3366ff;\"><a style=\"color: #3366ff;\" href=\"mailto:contacto@cueroamerica.com\">contacto@cueroamerica.com<\/a><\/span><\/p>\n<table>\n<tbody>\n<tr>\n<td width=\"300\"><a href=\"http:\/\/bit.ly\/2p9UM5w\" target=\"_blank\" rel=\"noopener noreferrer\"><img loading=\"lazy\" decoding=\"async\" src=\"\/img\/publicidad\/2021\/APLF22_Leather_thumbnail_300x200px.jpg\" width=\"300\" height=\"200\" \/><\/a><\/td>\n<td width=\"171\"><a href=\"https:\/\/milano.themicam.com\/en\/visitors-registration\/?utm_source=ADV92&amp;utm_medium=cta-eng&amp;utm_campaign=CUERO-AMERICA\" target=\"_blank\" rel=\"noopener noreferrer\"><img loading=\"lazy\" decoding=\"async\" src=\"\/img\/publicidad\/micam2022.gif\" alt=\"\" width=\"300\" height=\"200\" \/><\/a><\/td>\n<\/tr>\n<\/tbody>\n<\/table>\n","protected":false},"excerpt":{"rendered":"<p>Debido a las actuales restricciones de viaje a los Estados Unidos, la feria italiana Lineapelle se decidi\u00f3 suspender la pr\u00f3xima edici\u00f3n de su spin-off en los Estados Unidos. El sal\u00f3n de materias primas y componentes se iba a realizar en Nueva York los d\u00edas 12 y 13 de octubre. La informaci\u00f3n asegura que la nueva [&hellip;]<\/p>\n","protected":false},"author":4,"featured_media":0,"comment_status":"closed","ping_status":"closed","sticky":false,"template":"","format":"standard","meta":{"footnotes":""},"categories":[60],"tags":[],"class_list":["post-18274","post","type-post","status-publish","format-standard","hentry","category-ferias","count-0","even alt","author-","last"],"_links":{"self":[{"href":"http:\/\/cueroamerica.info\/wpnews\/wp-json\/wp\/v2\/posts\/18274","targetHints":{"allow":["GET"]}}],"collection":[{"href":"http:\/\/cueroamerica.info\/wpnews\/wp-json\/wp\/v2\/posts"}],"about":[{"href":"http:\/\/cueroamerica.info\/wpnews\/wp-json\/wp\/v2\/types\/post"}],"author":[{"embeddable":true,"href":"http:\/\/cueroamerica.info\/wpnews\/wp-json\/wp\/v2\/users\/4"}],"replies":[{"embeddable":true,"href":"http:\/\/cueroamerica.info\/wpnews\/wp-json\/wp\/v2\/comments?post=18274"}],"version-history":[{"count":1,"href":"http:\/\/cueroamerica.info\/wpnews\/wp-json\/wp\/v2\/posts\/18274\/revisions"}],"predecessor-version":[{"id":18275,"href":"http:\/\/cueroamerica.info\/wpnews\/wp-json\/wp\/v2\/posts\/18274\/revisions\/18275"}],"wp:attachment":[{"href":"http:\/\/cueroamerica.info\/wpnews\/wp-json\/wp\/v2\/media?parent=18274"}],"wp:term":[{"taxonomy":"category","embeddable":true,"href":"http:\/\/cueroamerica.info\/wpnews\/wp-json\/wp\/v2\/categories?post=18274"},{"taxonomy":"post_tag","embeddable":true,"href":"http:\/\/cueroamerica.info\/wpnews\/wp-json\/wp\/v2\/tags?post=18274"}],"curies":[{"name":"wp","href":"https:\/\/api.w.org\/{rel}","templated":true}]}}