{"id":18367,"date":"2021-09-23T13:33:38","date_gmt":"2021-09-23T13:33:38","guid":{"rendered":"http:\/\/cueroamerica.info\/wpnews\/?p=18367"},"modified":"2021-09-23T15:01:38","modified_gmt":"2021-09-23T15:01:38","slug":"abicalcados-reclama-la-continuidad-de-los-aranceles-al-ingreso-de-calzado-asiatico","status":"publish","type":"post","link":"http:\/\/cueroamerica.info\/wpnews\/2021\/09\/abicalcados-reclama-la-continuidad-de-los-aranceles-al-ingreso-de-calzado-asiatico\/","title":{"rendered":"ABICAL\u00c7ADOS reclama la continuidad de los aranceles al ingreso de calzado asi\u00e1tico"},"content":{"rendered":"<div id=\"attachment_18350\" style=\"width: 246px\" class=\"wp-caption alignright\"><a href=\"http:\/\/cueroamerica.info\/wpnews\/wp-content\/uploads\/2021\/09\/Fabrica-de-calzado_3-.jpg\"><img loading=\"lazy\" decoding=\"async\" aria-describedby=\"caption-attachment-18350\" class=\" wp-image-18350\" src=\"http:\/\/cueroamerica.info\/wpnews\/wp-content\/uploads\/2021\/09\/Fabrica-de-calzado_3--300x217.jpg\" alt=\"\" width=\"236\" height=\"171\" srcset=\"http:\/\/cueroamerica.info\/wpnews\/wp-content\/uploads\/2021\/09\/Fabrica-de-calzado_3--300x217.jpg 300w, http:\/\/cueroamerica.info\/wpnews\/wp-content\/uploads\/2021\/09\/Fabrica-de-calzado_3--768x556.jpg 768w, http:\/\/cueroamerica.info\/wpnews\/wp-content\/uploads\/2021\/09\/Fabrica-de-calzado_3-.jpg 984w\" sizes=\"auto, (max-width: 236px) 100vw, 236px\" \/><\/a><p id=\"caption-attachment-18350\" class=\"wp-caption-text\">F\u00e1brica de calzado.<\/p><\/div>\n<p>La industria del calzado de Brasil se reuni\u00f3 con autoridades gubernamentales para requerir el mantenimiento del Arancel Externo Com\u00fan (TEC) del Mercosur para el calzado importado de Asia. Asimismo urgieron la renovaci\u00f3n y expansi\u00f3n de medidas antidumping contra los productos chinos, vietnamitas e indonesios. El planteo lo llev\u00f3 la Asociaci\u00f3n Brasilera de Fabricantes de Calzado (Abical\u00e7ados) al ministro del Ministerio de Relaciones Exteriores (MRE), embajador Carlos Alberto Franco Fran\u00e7a, celebrada recientemente en Brasilia.<\/p>\n<p>Para respaldar los planteos del sector tambi\u00e9n asistieron al encuentro algunos de los presidentes de las mayores empresas de calzado de Brasil, Vulcabras, Beira Rio y Grupo Dass. En ese contexto el presidente ejecutivo de Abical\u00e7ados, Haroldo Ferreira, destac\u00f3 el potencial de la industria brasile\u00f1a del calzado, actualmente el quinto mayor productor del sector en el mundo, y el mayor fuera de Asia.<\/p>\n<div id=\"attachment_18351\" style=\"width: 128px\" class=\"wp-caption alignleft\"><a href=\"http:\/\/cueroamerica.info\/wpnews\/wp-content\/uploads\/2021\/09\/Haroldo-Ferreira-nuevo-presidente-ejecutivo-de-Abicalcados.-_2.jpg\"><img loading=\"lazy\" decoding=\"async\" aria-describedby=\"caption-attachment-18351\" class=\" wp-image-18351\" src=\"http:\/\/cueroamerica.info\/wpnews\/wp-content\/uploads\/2021\/09\/Haroldo-Ferreira-nuevo-presidente-ejecutivo-de-Abicalcados.-_2.jpg\" alt=\"\" width=\"118\" height=\"149\" \/><\/a><p id=\"caption-attachment-18351\" class=\"wp-caption-text\">Haroldo Ferreira, nuevo presidente ejecutivo de Abical\u00e7ados.<\/p><\/div>\n<p>Ferreira tambi\u00e9n destac\u00f3 al potencial empleador de la actividad que, contando con la cadena de suministro, suma m\u00e1s de 340.000 empleos directos en el pa\u00eds. \u201cLa industria brasilera del calzado es fuerte y tiene condiciones para competir con cualquier otra del planeta. Lo que perjudica el desarrollo es nuestro costo de producci\u00f3n, muy superior al que se practica en nuestros principales competidores, especialmente en los pa\u00edses asi\u00e1ticos\u201d, se\u00f1al\u00f3.<\/p>\n<p>Seg\u00fan los datos de Abical\u00e7ados, la productividad por trabajador en Brasil es de 3.090 pares de zapatos al a\u00f1o, mientras que en Indonesia es de 1.924 y en Vietnam es de 890. Por otro lado, el costo por empleado es mucho mayor en el pa\u00eds, 69 % superior al practicado en Indonesia y 76% superior al practicado en Vietnam. \u00abEsto con el d\u00f3lar alto y la exenci\u00f3n del impuesto sobre la n\u00f3mina\u00bb, se\u00f1al\u00f3 Ferreira, destacando tambi\u00e9n la alta carga salarial en Brasil, que alcanza el 62,7%, mientras que en Indonesia es del 15,5% y en Vietnam del 25,5%<\/p>\n<p>No son solo los impuestos los que encarecen mucho a Brasil que a los pa\u00edses asi\u00e1ticos. Ferreira coment\u00f3 que existe una precariedad laboral en Indonesia y Vietnam. \u201cEn Brasil, el 52% de los convenios establecidos por la Organizaci\u00f3n Mundial del Trabajo est\u00e1n ratificados. En Indonesia este n\u00famero desciende al 11% y en Vietnam al 13% \u201d. Los dos pa\u00edses asi\u00e1ticos, prosigue Ferreira, tambi\u00e9n tienen acceso a insumos con valores muy inferiores a los de Brasil, que son un 54% m\u00e1s caros que en Indonesia y un 41% m\u00e1s caros que en Vietnam.<\/p>\n<div id=\"attachment_18349\" style=\"width: 258px\" class=\"wp-caption alignright\"><a href=\"http:\/\/cueroamerica.info\/wpnews\/wp-content\/uploads\/2021\/09\/Fabrica-de-calzado-en-Brasil.-_28.jpg\"><img loading=\"lazy\" decoding=\"async\" aria-describedby=\"caption-attachment-18349\" class=\" wp-image-18349\" src=\"http:\/\/cueroamerica.info\/wpnews\/wp-content\/uploads\/2021\/09\/Fabrica-de-calzado-en-Brasil.-_28-300x200.jpg\" alt=\"\" width=\"248\" height=\"165\" srcset=\"http:\/\/cueroamerica.info\/wpnews\/wp-content\/uploads\/2021\/09\/Fabrica-de-calzado-en-Brasil.-_28-300x200.jpg 300w, http:\/\/cueroamerica.info\/wpnews\/wp-content\/uploads\/2021\/09\/Fabrica-de-calzado-en-Brasil.-_28.jpg 610w\" sizes=\"auto, (max-width: 248px) 100vw, 248px\" \/><\/a><p id=\"caption-attachment-18349\" class=\"wp-caption-text\">F\u00e1brica de calzado en Brasil.<\/p><\/div>\n<p>El director de Abical\u00e7ados enfatiz\u00f3 que la organizaci\u00f3n est\u00e1 a favor del libre mercado, pero que no puede tolerar la competencia desleal que pone en riesgo la actividad y con ella miles de empleos en Brasil. \u201cPor este motivo, advertimos sobre la importancia de mantener el TEC para los productos importados de Vietnam e Indonesia, as\u00ed como la continuaci\u00f3n del antidumping aplicado contra el calzado chino &#8211; actualmente a US $ 10,22 el par &#8211; y la apertura de un nuevo proceso contra Vietnam e Indonesia \u201d, concluy\u00f3 Ferreira.<\/p>\n<p>Con una orientaci\u00f3n liberal, el Gobierno Federal defiende el fin gradual de los aranceles de importaci\u00f3n, algo que Abical\u00e7ados viene advirtiendo que solo podr\u00eda suceder con la reducci\u00f3n de costos de producci\u00f3n que se practica en Brasil. La organizaci\u00f3n advierte que, con el actual Custo Brasil, la liberalizaci\u00f3n comercial irrestricta generar\u00eda una crisis sin precedentes en la industria nacional. Adem\u00e1s del contrapunto a la reducci\u00f3n del TEC para los productos asi\u00e1ticos, Abical\u00e7ados trabaja para renovar el antidumping que se aplica actualmente contra el calzado chino, que venci\u00f3 este a\u00f1o, y con la apertura de un nuevo proceso de recargo contra el producto importado de Vietnam e Indonesia, pa\u00edses que hoy representan m\u00e1s del 60% de los zapatos importados vendidos en Brasil.<br \/>\n&#8212;&#8212;&#8212;&#8212;&#8212;&#8212;&#8212;&#8212;&#8212;&#8212;&#8212;&#8212;&#8212;&#8212;&#8212;&#8212;&#8212;&#8211;<br \/>\nABICAL\u00c7ADOS \/ CueroAm\u00e9rica<\/p>\n<p>&#8212;&#8212;&#8212;&#8212;&#8212;&#8212;&#8212;&#8212;&#8212;&#8212;&#8212;&#8212;&#8212;&#8212;&#8212;&#8211;<br \/>\nPara comunicarse con CueroAm\u00e9rica: <span style=\"color: #3366ff;\"><a style=\"color: #3366ff;\" href=\"mailto:contacto@cueroamerica.com\">contacto@cueroamerica.com<\/a><\/span><\/p>\n<table>\n<tbody>\n<tr>\n<td width=\"300\"><a href=\"http:\/\/bit.ly\/2tYQMZ1\" target=\"_blank\" rel=\"noopener noreferrer\"><img loading=\"lazy\" decoding=\"async\" src=\"\/img\/publicidad\/empresrl072017.gif\" alt=\"\" width=\"300\" height=\"200\" \/><\/a><\/td>\n<td width=\"171\"><a href=\"http:\/\/www.algoselanflandria.com.ar\/\" target=\"_blank\" rel=\"noopener noreferrer\"><img loading=\"lazy\" decoding=\"async\" src=\"http:\/\/comunidadtextil.com\/publicidad\/af-2020-300x200px.gif\" alt=\"\" width=\"300\" height=\"200\" border=\"0\" \/><\/a><\/td>\n<\/tr>\n<\/tbody>\n<\/table>\n","protected":false},"excerpt":{"rendered":"<p>La industria del calzado de Brasil se reuni\u00f3 con autoridades gubernamentales para requerir el mantenimiento del Arancel Externo Com\u00fan (TEC) del Mercosur para el calzado importado de Asia. Asimismo urgieron la renovaci\u00f3n y expansi\u00f3n de medidas antidumping contra los productos chinos, vietnamitas e indonesios. El planteo lo llev\u00f3 la Asociaci\u00f3n Brasilera de Fabricantes de Calzado [&hellip;]<\/p>\n","protected":false},"author":4,"featured_media":0,"comment_status":"closed","ping_status":"closed","sticky":false,"template":"","format":"standard","meta":{"footnotes":""},"categories":[43,61],"tags":[],"class_list":["post-18367","post","type-post","status-publish","format-standard","hentry","category-industrias","category-noticias-de-america-latina","count-0","even alt","author-","last"],"_links":{"self":[{"href":"http:\/\/cueroamerica.info\/wpnews\/wp-json\/wp\/v2\/posts\/18367","targetHints":{"allow":["GET"]}}],"collection":[{"href":"http:\/\/cueroamerica.info\/wpnews\/wp-json\/wp\/v2\/posts"}],"about":[{"href":"http:\/\/cueroamerica.info\/wpnews\/wp-json\/wp\/v2\/types\/post"}],"author":[{"embeddable":true,"href":"http:\/\/cueroamerica.info\/wpnews\/wp-json\/wp\/v2\/users\/4"}],"replies":[{"embeddable":true,"href":"http:\/\/cueroamerica.info\/wpnews\/wp-json\/wp\/v2\/comments?post=18367"}],"version-history":[{"count":5,"href":"http:\/\/cueroamerica.info\/wpnews\/wp-json\/wp\/v2\/posts\/18367\/revisions"}],"predecessor-version":[{"id":18388,"href":"http:\/\/cueroamerica.info\/wpnews\/wp-json\/wp\/v2\/posts\/18367\/revisions\/18388"}],"wp:attachment":[{"href":"http:\/\/cueroamerica.info\/wpnews\/wp-json\/wp\/v2\/media?parent=18367"}],"wp:term":[{"taxonomy":"category","embeddable":true,"href":"http:\/\/cueroamerica.info\/wpnews\/wp-json\/wp\/v2\/categories?post=18367"},{"taxonomy":"post_tag","embeddable":true,"href":"http:\/\/cueroamerica.info\/wpnews\/wp-json\/wp\/v2\/tags?post=18367"}],"curies":[{"name":"wp","href":"https:\/\/api.w.org\/{rel}","templated":true}]}}