{"id":18432,"date":"2021-10-05T13:52:21","date_gmt":"2021-10-05T13:52:21","guid":{"rendered":"http:\/\/cueroamerica.info\/wpnews\/?p=18432"},"modified":"2021-10-05T15:29:35","modified_gmt":"2021-10-05T15:29:35","slug":"expropian-la-curtume-cbr-y-el-gobierno-de-la-rioja-busca-una-empresa-que-la-reactive","status":"publish","type":"post","link":"http:\/\/cueroamerica.info\/wpnews\/2021\/10\/expropian-la-curtume-cbr-y-el-gobierno-de-la-rioja-busca-una-empresa-que-la-reactive\/","title":{"rendered":"Expropian la Curtume CBR y el gobierno de La Rioja busca una empresa que la reactive"},"content":{"rendered":"<div id=\"attachment_18409\" style=\"width: 258px\" class=\"wp-caption alignright\"><a href=\"http:\/\/cueroamerica.info\/wpnews\/wp-content\/uploads\/2021\/10\/La-Camara-de-Diputados-de-la-provincia-de-La-Rioja-aprobo-el-proyecto-de-estatizacion-de-la-Curtume-CBR-ubicada-en-Nonogasta.-.jpg\"><img loading=\"lazy\" decoding=\"async\" aria-describedby=\"caption-attachment-18409\" class=\" wp-image-18409\" src=\"http:\/\/cueroamerica.info\/wpnews\/wp-content\/uploads\/2021\/10\/La-Camara-de-Diputados-de-la-provincia-de-La-Rioja-aprobo-el-proyecto-de-estatizacion-de-la-Curtume-CBR-ubicada-en-Nonogasta.--300x200.jpg\" alt=\"\" width=\"248\" height=\"165\" srcset=\"http:\/\/cueroamerica.info\/wpnews\/wp-content\/uploads\/2021\/10\/La-Camara-de-Diputados-de-la-provincia-de-La-Rioja-aprobo-el-proyecto-de-estatizacion-de-la-Curtume-CBR-ubicada-en-Nonogasta.--300x200.jpg 300w, http:\/\/cueroamerica.info\/wpnews\/wp-content\/uploads\/2021\/10\/La-Camara-de-Diputados-de-la-provincia-de-La-Rioja-aprobo-el-proyecto-de-estatizacion-de-la-Curtume-CBR-ubicada-en-Nonogasta.-.jpg 720w\" sizes=\"auto, (max-width: 248px) 100vw, 248px\" \/><\/a><p id=\"caption-attachment-18409\" class=\"wp-caption-text\">La C\u00e1mara de Diputados de la provincia de La Rioja aprob\u00f3 el proyecto de estatizaci\u00f3n de la Curtume CBR, ubicada en Nonogasta.<\/p><\/div>\n<p>La C\u00e1mara de Diputados de la provincia argentina de La Rioja aprob\u00f3 el proyecto de Ley que declara de utilidad p\u00fablica y sujeto de expropiaci\u00f3n a Curtume CBR, cuya planta se encuentra ubicada en Nonogasta. La empresa brasilera que la explotaba par\u00f3 hace 15 meses la producci\u00f3n y dej\u00f3 a m\u00e1s de 700 trabajadores sin pagar sueldos ni indemnizaciones. Ahora el Gobierno provincial deber\u00e1 hacerse cargo de la situaci\u00f3n.<\/p>\n<p>Los trabajadores de Curtume CBR se hab\u00edan reunido en varias oportunidades con autoridades provinciales para reactivar la unidad productiva y conservar las fuentes de empleo, en el marco de la reactivaci\u00f3n industrial y econ\u00f3mica que atraviesa la provincia.<\/p>\n<div id=\"attachment_18408\" style=\"width: 198px\" class=\"wp-caption alignleft\"><a href=\"http:\/\/cueroamerica.info\/wpnews\/wp-content\/uploads\/2021\/10\/Entreda-de-la-Curtiembre-CBR-en-la-ciudad-de-Nonogasta-La-Rioja.-_1a.jpg\"><img loading=\"lazy\" decoding=\"async\" aria-describedby=\"caption-attachment-18408\" class=\" wp-image-18408\" src=\"http:\/\/cueroamerica.info\/wpnews\/wp-content\/uploads\/2021\/10\/Entreda-de-la-Curtiembre-CBR-en-la-ciudad-de-Nonogasta-La-Rioja.-_1a-268x300.jpg\" alt=\"\" width=\"188\" height=\"210\" srcset=\"http:\/\/cueroamerica.info\/wpnews\/wp-content\/uploads\/2021\/10\/Entreda-de-la-Curtiembre-CBR-en-la-ciudad-de-Nonogasta-La-Rioja.-_1a-268x300.jpg 268w, http:\/\/cueroamerica.info\/wpnews\/wp-content\/uploads\/2021\/10\/Entreda-de-la-Curtiembre-CBR-en-la-ciudad-de-Nonogasta-La-Rioja.-_1a.jpg 421w\" sizes=\"auto, (max-width: 188px) 100vw, 188px\" \/><\/a><p id=\"caption-attachment-18408\" class=\"wp-caption-text\">Entrada de la Curtiembre CBR en la ciudad de Nonogasta La Rioja.<\/p><\/div>\n<p>Asimismo, los trabajadores hicieron iniciaron una demanda penal contra los due\u00f1os de la empresa encabezada por Gilmar Harth, director del Grupo Bom Retiro de Brasil. El empresario fue presidente del Centro das Ind\u00fastrias de Curtumes do Brasil, CICB, (2016 &#8211; 2017), una de las m\u00e1s importantes asociaciones de la industria.<\/p>\n<p>En la oportunidad, el jefe de Gabinete, Juan Luna, dijo que \u00abla decisi\u00f3n que tomamos con los trabajadores y con los legisladores que nos acompa\u00f1aron, es impulsar una ley de expropiaci\u00f3n de los activos de la f\u00e1brica para que podamos buscar empresarios responsables que se hagan cargo de la planta y de esa manera proteger las fuentes de trabajo tan importantes para nuestra provincia\u201d.<\/p>\n<p>Por su parte, el ministro de Trabajo, Empleo e Industria, Federico Baz\u00e1n, destac\u00f3 que el Gobierno viene sosteniendo y ayudando a los trabajadores desde hace m\u00e1s de 18 meses, momento en el cual la compa\u00f1\u00eda brasilera y \u00fanica responsable de esta situaci\u00f3n abandon\u00f3 la empresa\u00bb.<\/p>\n<div id=\"attachment_18405\" style=\"width: 137px\" class=\"wp-caption alignright\"><a href=\"http:\/\/cueroamerica.info\/wpnews\/wp-content\/uploads\/2021\/10\/Gilmar-Harth-director-del-Grupo-Bom-Retiro.-_2.jpg\"><img loading=\"lazy\" decoding=\"async\" aria-describedby=\"caption-attachment-18405\" class=\"wp-image-18405 \" src=\"http:\/\/cueroamerica.info\/wpnews\/wp-content\/uploads\/2021\/10\/Gilmar-Harth-director-del-Grupo-Bom-Retiro.-_2.jpg\" alt=\"\" width=\"127\" height=\"190\" \/><\/a><p id=\"caption-attachment-18405\" class=\"wp-caption-text\">Gilmar Harth, director del Grupo Bom Retiro.<\/p><\/div>\n<p>\u00abLos trabajadores avanzaron recientemente en una denuncia penal contra Gilmar Harth y piden buscar una alternativa concreta para proteger la unidad productiva y la fuente de trabajo para avanzar lo m\u00e1s r\u00e1pido posible con un nuevo grupo empresario para que esta empresa \u2013de gran importancia para la provincia y el distrito en el que esta emplazada,, pueda ponerse nuevamente en marcha, explicaron.<\/p>\n<p>Cabe destacar que en el a\u00f1o 2008 Gilmar Harth se entrevist\u00f3 con la ministra de la Producci\u00f3n de Argentina, D\u00e9bora Giorgi, mostrando su inter\u00e9s en comprar la curtiembre CIDEC, que hab\u00eda quebrado dos a\u00f1os antes.<br \/>\n&#8212;&#8212;&#8212;&#8212;&#8212;&#8212;&#8212;&#8212;&#8212;&#8212;&#8212;&#8212;&#8212;&#8212;<br \/>\nMedios Rioja \/ CueroAm\u00e9rica<\/p>\n<p>&#8212;&#8212;&#8212;&#8212;&#8212;&#8212;&#8212;&#8212;&#8212;&#8212;&#8212;&#8212;&#8212;&#8212;&#8212;&#8211;<br \/>\nPara comunicarse con CueroAm\u00e9rica: <span style=\"color: #3366ff;\"><a style=\"color: #3366ff;\" href=\"mailto:contacto@cueroamerica.com\">contacto@cueroamerica.com<\/a><\/span><\/p>\n<table>\n<tbody>\n<tr>\n<td width=\"300\"><a href=\"http:\/\/bit.ly\/2pK7Osm\" target=\"_blank\" rel=\"noopener noreferrer\"><img loading=\"lazy\" decoding=\"async\" src=\"\/img\/publicidad\/aviso-units2020.gif\" alt=\"\" width=\"300\" height=\"201\" border=\"0\" \/><\/a><\/td>\n<td width=\"171\"><a href=\"https:\/\/www.smitzoon.com\/en\/\" target=\"_blank\" rel=\"noopener noreferrer\"><img loading=\"lazy\" decoding=\"async\" src=\"\/img\/publicidad\/21-06__smitzoon.gif\" alt=\"\" width=\"300\" height=\"200\" border=\"0\" \/><\/a><\/td>\n<\/tr>\n<\/tbody>\n<\/table>\n","protected":false},"excerpt":{"rendered":"<p>La C\u00e1mara de Diputados de la provincia argentina de La Rioja aprob\u00f3 el proyecto de Ley que declara de utilidad p\u00fablica y sujeto de expropiaci\u00f3n a Curtume CBR, cuya planta se encuentra ubicada en Nonogasta. La empresa brasilera que la explotaba par\u00f3 hace 15 meses la producci\u00f3n y dej\u00f3 a m\u00e1s de 700 trabajadores sin [&hellip;]<\/p>\n","protected":false},"author":4,"featured_media":0,"comment_status":"closed","ping_status":"closed","sticky":false,"template":"","format":"standard","meta":{"footnotes":""},"categories":[8,61],"tags":[],"class_list":["post-18432","post","type-post","status-publish","format-standard","hentry","category-empresas-y-negocios","category-noticias-de-america-latina","count-0","even alt","author-","last"],"_links":{"self":[{"href":"http:\/\/cueroamerica.info\/wpnews\/wp-json\/wp\/v2\/posts\/18432","targetHints":{"allow":["GET"]}}],"collection":[{"href":"http:\/\/cueroamerica.info\/wpnews\/wp-json\/wp\/v2\/posts"}],"about":[{"href":"http:\/\/cueroamerica.info\/wpnews\/wp-json\/wp\/v2\/types\/post"}],"author":[{"embeddable":true,"href":"http:\/\/cueroamerica.info\/wpnews\/wp-json\/wp\/v2\/users\/4"}],"replies":[{"embeddable":true,"href":"http:\/\/cueroamerica.info\/wpnews\/wp-json\/wp\/v2\/comments?post=18432"}],"version-history":[{"count":7,"href":"http:\/\/cueroamerica.info\/wpnews\/wp-json\/wp\/v2\/posts\/18432\/revisions"}],"predecessor-version":[{"id":18445,"href":"http:\/\/cueroamerica.info\/wpnews\/wp-json\/wp\/v2\/posts\/18432\/revisions\/18445"}],"wp:attachment":[{"href":"http:\/\/cueroamerica.info\/wpnews\/wp-json\/wp\/v2\/media?parent=18432"}],"wp:term":[{"taxonomy":"category","embeddable":true,"href":"http:\/\/cueroamerica.info\/wpnews\/wp-json\/wp\/v2\/categories?post=18432"},{"taxonomy":"post_tag","embeddable":true,"href":"http:\/\/cueroamerica.info\/wpnews\/wp-json\/wp\/v2\/tags?post=18432"}],"curies":[{"name":"wp","href":"https:\/\/api.w.org\/{rel}","templated":true}]}}