{"id":18458,"date":"2021-10-15T13:47:27","date_gmt":"2021-10-15T13:47:27","guid":{"rendered":"http:\/\/cueroamerica.info\/wpnews\/?p=18458"},"modified":"2021-10-26T13:08:32","modified_gmt":"2021-10-26T13:08:32","slug":"por-las-restricciones-que-aun-impone-hong-kong-la-aplf-2022-se-realizara-en-dubai","status":"publish","type":"post","link":"http:\/\/cueroamerica.info\/wpnews\/2021\/10\/por-las-restricciones-que-aun-impone-hong-kong-la-aplf-2022-se-realizara-en-dubai\/","title":{"rendered":"Por las restricciones que a\u00fan impone Hong Kong la APLF 2022 se realizar\u00e1 en Dubai"},"content":{"rendered":"<div id=\"attachment_18454\" style=\"width: 258px\" class=\"wp-caption alignleft\"><a href=\"http:\/\/cueroamerica.info\/wpnews\/wp-content\/uploads\/2021\/10\/Dubai-World-Trade-Center-_2-.jpg\"><img loading=\"lazy\" decoding=\"async\" aria-describedby=\"caption-attachment-18454\" class=\" wp-image-18454\" src=\"http:\/\/cueroamerica.info\/wpnews\/wp-content\/uploads\/2021\/10\/Dubai-World-Trade-Center-_2--300x138.jpg\" alt=\"\" width=\"248\" height=\"114\" srcset=\"http:\/\/cueroamerica.info\/wpnews\/wp-content\/uploads\/2021\/10\/Dubai-World-Trade-Center-_2--300x138.jpg 300w, http:\/\/cueroamerica.info\/wpnews\/wp-content\/uploads\/2021\/10\/Dubai-World-Trade-Center-_2--1024x469.jpg 1024w, http:\/\/cueroamerica.info\/wpnews\/wp-content\/uploads\/2021\/10\/Dubai-World-Trade-Center-_2--768x352.jpg 768w, http:\/\/cueroamerica.info\/wpnews\/wp-content\/uploads\/2021\/10\/Dubai-World-Trade-Center-_2-.jpg 1200w\" sizes=\"auto, (max-width: 248px) 100vw, 248px\" \/><\/a><p id=\"caption-attachment-18454\" class=\"wp-caption-text\">Dubai World Trade Center.<\/p><\/div>\n<p>La feria APLF, punto de encuentro anual de la industria del cuero y la moda, en 2022 cambiar\u00e1 su tradicional sede en Hong Kong a la ciudad de Dubai. La edici\u00f3n se realizar\u00e1 en el Dubai World Trade Center de la capital de Los Emiratos \u00c1rabes entre el 30 de marzo y el 1 de abril.<\/p>\n<p>El cambio de locaci\u00f3n se decidi\u00f3 luego de que el gobierno de Hong Kong anunciara que las regulaciones y restricciones impuestas a ra\u00edz de la pandemia de Covid-19 se mantendr\u00e1n hasta el 31 de marzo de 2022. Esto les implicar\u00eda a los visitantes y expositores de la APLF tener que cumplir con testeos y cuarentenas prolongadas y generar\u00eda dificultades para la normal realizaci\u00f3n de la feria.<\/p>\n<p><a href=\"http:\/\/cueroamerica.info\/wpnews\/wp-content\/uploads\/2021\/10\/fair-traffic-10.jpg\"><img loading=\"lazy\" decoding=\"async\" class=\" wp-image-18452 alignright\" src=\"http:\/\/cueroamerica.info\/wpnews\/wp-content\/uploads\/2021\/10\/fair-traffic-10-300x200.jpg\" alt=\"\" width=\"245\" height=\"163\" srcset=\"http:\/\/cueroamerica.info\/wpnews\/wp-content\/uploads\/2021\/10\/fair-traffic-10-300x200.jpg 300w, http:\/\/cueroamerica.info\/wpnews\/wp-content\/uploads\/2021\/10\/fair-traffic-10.jpg 640w\" sizes=\"auto, (max-width: 245px) 100vw, 245px\" \/><\/a>La elecci\u00f3n de Dubai como nueva sede se debe a su ubicaci\u00f3n estrat\u00e9gica entre Europa y Asia y a que Emiratos \u00c1rabes es el pa\u00eds m\u00e1s vacunado del mundo con una tasa de vacunaci\u00f3n que supera el 98%. La ciudad, que r\u00e1pidamente tom\u00f3 medidas para contener la pandemia, se abri\u00f3 al turismo nacional en mayo de 2020 y permiti\u00f3 el ingreso de visitantes extranjeros en julio del mismo a\u00f1o. Por otra parte, la realizaci\u00f3n de otras ferias como Gitex Technology Week, Gulfood y Arab Health que tuvieron lugar recientemente mostraron que Dubai est\u00e1 preparada para albergar eventos de este tipo sin poner en riesgo la salud de los asistentes.<\/p>\n<p>El comienzo de APLF-Leather y Materials+ 2022 coincidir\u00e1 con la finalizaci\u00f3n de Expo Dubai que es el evento m\u00e1s grande realizado en Medio Oriente y generar\u00e1 una gran afluencia de visitantes que beneficiar\u00e1 a la feria de cueros y moda.<\/p>\n<p><a href=\"http:\/\/cueroamerica.info\/wpnews\/wp-content\/uploads\/2021\/10\/business-discussion-7.jpg\"><img loading=\"lazy\" decoding=\"async\" class=\"alignleft wp-image-18453\" src=\"http:\/\/cueroamerica.info\/wpnews\/wp-content\/uploads\/2021\/10\/business-discussion-7-300x200.jpg\" alt=\"\" width=\"248\" height=\"165\" srcset=\"http:\/\/cueroamerica.info\/wpnews\/wp-content\/uploads\/2021\/10\/business-discussion-7-300x200.jpg 300w, http:\/\/cueroamerica.info\/wpnews\/wp-content\/uploads\/2021\/10\/business-discussion-7.jpg 640w\" sizes=\"auto, (max-width: 248px) 100vw, 248px\" \/><\/a>Esta decisi\u00f3n cont\u00f3 con el apoyo de los principales pa\u00edses expositores y la elecci\u00f3n del Dubai World Trade Center resulta acertada dado que el centro de exposiciones recibi\u00f3 la etiqueta Safe Guard que reconoce el cumplimiento de los m\u00e1s altos est\u00e1ndares de higiene global. Frank Boehly, Director de APLF, remarc\u00f3 la importancia de mantener la exposici\u00f3n como plataforma anual y asegur\u00f3 que \u201ctanto nuestros expositores como nuestros compradores tendr\u00e1n la misma satisfacci\u00f3n, si no mayor, que la que han experimentado en el pasado en Hong Kong\u201d.<br \/>\n&#8212;&#8212;&#8212;&#8212;&#8212;&#8212;&#8212;&#8212;&#8212;&#8212;&#8212;&#8211;<br \/>\nAPLF \/ CueroAm\u00e9rica<\/p>\n<p>&#8212;&#8212;&#8212;&#8212;&#8212;&#8212;&#8212;&#8212;&#8212;&#8212;&#8212;&#8212;&#8212;&#8212;&#8212;&#8211;<br \/>\nPara comunicarse con CueroAm\u00e9rica: <span style=\"color: #3366ff;\"><a style=\"color: #3366ff;\" href=\"mailto:contacto@cueroamerica.com\">contacto@cueroamerica.com<\/a><\/span><\/p>\n<table>\n<tbody>\n<tr>\n<td width=\"300\"><a href=\"https:\/\/www.leatherfair.aplf.com\/en-us\/?utm_source=cueroamerica&amp;utm_medium=banner&amp;utm_campaign=aplf22\" target=\"_blank\" rel=\"noopener noreferrer\"><img loading=\"lazy\" decoding=\"async\" src=\"\/img\/publicidad\/2021\/aplf_dubai_marz2022.png\" width=\"300\" height=\"200\" \/><\/a><\/td>\n<td width=\"171\"><a href=\"https:\/\/www.aclechina.com\/?utm_source=cueroamerica&amp;utm_medium=partner_web&amp;utm_campaign=acle21\" target=\"_blank\" rel=\"noopener noreferrer\"><img loading=\"lazy\" decoding=\"async\" src=\"\/img\/publicidad\/2021\/ACLE21_300x200px_newdate_en.jpg\" alt=\"\" width=\"300\" height=\"200\" \/><\/a><\/td>\n<\/tr>\n<\/tbody>\n<\/table>\n","protected":false},"excerpt":{"rendered":"<p>La feria APLF, punto de encuentro anual de la industria del cuero y la moda, en 2022 cambiar\u00e1 su tradicional sede en Hong Kong a la ciudad de Dubai. La edici\u00f3n se realizar\u00e1 en el Dubai World Trade Center de la capital de Los Emiratos \u00c1rabes entre el 30 de marzo y el 1 de [&hellip;]<\/p>\n","protected":false},"author":4,"featured_media":0,"comment_status":"closed","ping_status":"closed","sticky":false,"template":"","format":"standard","meta":{"footnotes":""},"categories":[65,60],"tags":[],"class_list":["post-18458","post","type-post","status-publish","format-standard","hentry","category-ferias-proximas","category-ferias","count-0","even alt","author-","last"],"_links":{"self":[{"href":"http:\/\/cueroamerica.info\/wpnews\/wp-json\/wp\/v2\/posts\/18458","targetHints":{"allow":["GET"]}}],"collection":[{"href":"http:\/\/cueroamerica.info\/wpnews\/wp-json\/wp\/v2\/posts"}],"about":[{"href":"http:\/\/cueroamerica.info\/wpnews\/wp-json\/wp\/v2\/types\/post"}],"author":[{"embeddable":true,"href":"http:\/\/cueroamerica.info\/wpnews\/wp-json\/wp\/v2\/users\/4"}],"replies":[{"embeddable":true,"href":"http:\/\/cueroamerica.info\/wpnews\/wp-json\/wp\/v2\/comments?post=18458"}],"version-history":[{"count":5,"href":"http:\/\/cueroamerica.info\/wpnews\/wp-json\/wp\/v2\/posts\/18458\/revisions"}],"predecessor-version":[{"id":18478,"href":"http:\/\/cueroamerica.info\/wpnews\/wp-json\/wp\/v2\/posts\/18458\/revisions\/18478"}],"wp:attachment":[{"href":"http:\/\/cueroamerica.info\/wpnews\/wp-json\/wp\/v2\/media?parent=18458"}],"wp:term":[{"taxonomy":"category","embeddable":true,"href":"http:\/\/cueroamerica.info\/wpnews\/wp-json\/wp\/v2\/categories?post=18458"},{"taxonomy":"post_tag","embeddable":true,"href":"http:\/\/cueroamerica.info\/wpnews\/wp-json\/wp\/v2\/tags?post=18458"}],"curies":[{"name":"wp","href":"https:\/\/api.w.org\/{rel}","templated":true}]}}