{"id":18508,"date":"2021-10-29T13:22:15","date_gmt":"2021-10-29T13:22:15","guid":{"rendered":"http:\/\/cueroamerica.info\/wpnews\/?p=18508"},"modified":"2021-10-29T13:22:15","modified_gmt":"2021-10-29T13:22:15","slug":"gallery-shoes-fashion-se-presentara-en-2022-con-nuevo-nombre-y-estructura","status":"publish","type":"post","link":"http:\/\/cueroamerica.info\/wpnews\/2021\/10\/gallery-shoes-fashion-se-presentara-en-2022-con-nuevo-nombre-y-estructura\/","title":{"rendered":"Gallery SHOES &#038; Fashion se presentar\u00e1 en 2022 con nuevo nombre y estructura"},"content":{"rendered":"<p><a href=\"http:\/\/cueroamerica.info\/wpnews\/wp-content\/uploads\/2021\/10\/Gallery-FashionShoes-Pandemic-_3-.jpg.jpg\"><img loading=\"lazy\" decoding=\"async\" class=\"alignleft wp-image-18489\" src=\"http:\/\/cueroamerica.info\/wpnews\/wp-content\/uploads\/2021\/10\/Gallery-FashionShoes-Pandemic-_3-.jpg-300x200.jpg\" alt=\"\" width=\"246\" height=\"164\" srcset=\"http:\/\/cueroamerica.info\/wpnews\/wp-content\/uploads\/2021\/10\/Gallery-FashionShoes-Pandemic-_3-.jpg-300x200.jpg 300w, http:\/\/cueroamerica.info\/wpnews\/wp-content\/uploads\/2021\/10\/Gallery-FashionShoes-Pandemic-_3-.jpg-768x512.jpg 768w, http:\/\/cueroamerica.info\/wpnews\/wp-content\/uploads\/2021\/10\/Gallery-FashionShoes-Pandemic-_3-.jpg.jpg 900w\" sizes=\"auto, (max-width: 246px) 100vw, 246px\" \/><\/a>La feria de calzado que se realiza tradicionalmente en Alemania tendr\u00e1 su relanzamiento post pandemia en 2022, con el nuevo nombre de Shoes D\u00fcsseldorf. Igedo Company, creadora de la exposici\u00f3n, busca con este cambio aportar un extra de creatividad en la organizaci\u00f3n, adaptarse a la nueva normalidad y ampliar su cartera de marcas.<\/p>\n<p>Entre el 6 y 8 de marzo pr\u00f3ximo, en el predio Areal B\u00f6hler de D\u00fcsseldorf, la feria exhibir\u00e1, adem\u00e1s de las tradicionales colecciones de calzado, una amplia oferta informativa sobre pedidos, tendencias y an\u00e1lisis cuantitativos de la realidad del sector.<\/p>\n<p><a href=\"http:\/\/cueroamerica.info\/wpnews\/wp-content\/uploads\/2021\/10\/Gallery-FashionShoes-Pandemic-.jpg.jpg\"><img loading=\"lazy\" decoding=\"async\" class=\" wp-image-18488 alignright\" src=\"http:\/\/cueroamerica.info\/wpnews\/wp-content\/uploads\/2021\/10\/Gallery-FashionShoes-Pandemic-.jpg-300x200.jpg\" alt=\"\" width=\"245\" height=\"163\" srcset=\"http:\/\/cueroamerica.info\/wpnews\/wp-content\/uploads\/2021\/10\/Gallery-FashionShoes-Pandemic-.jpg-300x200.jpg 300w, http:\/\/cueroamerica.info\/wpnews\/wp-content\/uploads\/2021\/10\/Gallery-FashionShoes-Pandemic-.jpg-768x512.jpg 768w, http:\/\/cueroamerica.info\/wpnews\/wp-content\/uploads\/2021\/10\/Gallery-FashionShoes-Pandemic-.jpg.jpg 900w\" sizes=\"auto, (max-width: 245px) 100vw, 245px\" \/><\/a>El nuevo concepto que implementar\u00e1 la organizaci\u00f3n se llama \u201cSee &amp; Order\u201d (vea y compre) y hace referencia a las m\u00faltiples posibilidades que ofrece el sal\u00f3n para entrar en contacto con los productos, crear una colecci\u00f3n propia y, finalmente, hacer la compra. En este sentido el sal\u00f3n promete asistencia y asesoramiento personal, que ser\u00e1 una de las prioridades de la pr\u00f3xima edici\u00f3n.<\/p>\n<p>En los dos salones tomados para la ocasi\u00f3n tambi\u00e9n habr\u00e1 eventos y charlas, una selecta oferta de catering y se brindar\u00e1 un servicio de traslado desde la feria a la ciudad para garantizar la conectividad y comodidad de los asistentes.<br \/>\n&#8212;&#8212;&#8212;&#8212;&#8212;&#8212;&#8212;&#8212;&#8212;&#8212;&#8212;&#8212;&#8212;&#8211;<br \/>\nPinker Moda \/ Cuero Am\u00e9rica<\/p>\n<p>&#8212;&#8212;&#8212;&#8212;&#8212;&#8212;&#8212;&#8212;&#8212;&#8212;&#8212;&#8212;&#8212;&#8212;&#8212;&#8211;<br \/>\nPara comunicarse con CueroAm\u00e9rica: <span style=\"color: #3366ff;\"><a style=\"color: #3366ff;\" href=\"mailto:contacto@cueroamerica.com\">contacto@cueroamerica.com<\/a><\/span><\/p>\n<table>\n<tbody>\n<tr>\n<td width=\"300\"><a href=\"https:\/\/www.leatherfair.aplf.com\/en-us\/?utm_source=cueroamerica&amp;utm_medium=banner&amp;utm_campaign=aplf22\" target=\"_blank\" rel=\"noopener noreferrer\"><img loading=\"lazy\" decoding=\"async\" src=\"\/img\/publicidad\/2021\/aplf_dubai_marz2022.png\" width=\"300\" height=\"200\" \/><\/a><\/td>\n<td width=\"171\"><a href=\"https:\/\/exporivaschuh.it\/en\" target=\"_blank\" rel=\"noopener noreferrer\"><img loading=\"lazy\" decoding=\"async\" src=\"\/img\/publicidad\/2021\/exporivaschuh15012022.jpg\" alt=\"\" width=\"300\" height=\"200\" \/><\/a><\/td>\n<\/tr>\n<\/tbody>\n<\/table>\n","protected":false},"excerpt":{"rendered":"<p>La feria de calzado que se realiza tradicionalmente en Alemania tendr\u00e1 su relanzamiento post pandemia en 2022, con el nuevo nombre de Shoes D\u00fcsseldorf. Igedo Company, creadora de la exposici\u00f3n, busca con este cambio aportar un extra de creatividad en la organizaci\u00f3n, adaptarse a la nueva normalidad y ampliar su cartera de marcas. Entre el [&hellip;]<\/p>\n","protected":false},"author":4,"featured_media":0,"comment_status":"closed","ping_status":"closed","sticky":false,"template":"","format":"standard","meta":{"footnotes":""},"categories":[65,60],"tags":[],"class_list":["post-18508","post","type-post","status-publish","format-standard","hentry","category-ferias-proximas","category-ferias","count-0","even alt","author-","last"],"_links":{"self":[{"href":"http:\/\/cueroamerica.info\/wpnews\/wp-json\/wp\/v2\/posts\/18508","targetHints":{"allow":["GET"]}}],"collection":[{"href":"http:\/\/cueroamerica.info\/wpnews\/wp-json\/wp\/v2\/posts"}],"about":[{"href":"http:\/\/cueroamerica.info\/wpnews\/wp-json\/wp\/v2\/types\/post"}],"author":[{"embeddable":true,"href":"http:\/\/cueroamerica.info\/wpnews\/wp-json\/wp\/v2\/users\/4"}],"replies":[{"embeddable":true,"href":"http:\/\/cueroamerica.info\/wpnews\/wp-json\/wp\/v2\/comments?post=18508"}],"version-history":[{"count":1,"href":"http:\/\/cueroamerica.info\/wpnews\/wp-json\/wp\/v2\/posts\/18508\/revisions"}],"predecessor-version":[{"id":18509,"href":"http:\/\/cueroamerica.info\/wpnews\/wp-json\/wp\/v2\/posts\/18508\/revisions\/18509"}],"wp:attachment":[{"href":"http:\/\/cueroamerica.info\/wpnews\/wp-json\/wp\/v2\/media?parent=18508"}],"wp:term":[{"taxonomy":"category","embeddable":true,"href":"http:\/\/cueroamerica.info\/wpnews\/wp-json\/wp\/v2\/categories?post=18508"},{"taxonomy":"post_tag","embeddable":true,"href":"http:\/\/cueroamerica.info\/wpnews\/wp-json\/wp\/v2\/tags?post=18508"}],"curies":[{"name":"wp","href":"https:\/\/api.w.org\/{rel}","templated":true}]}}