{"id":18512,"date":"2021-10-29T13:39:33","date_gmt":"2021-10-29T13:39:33","guid":{"rendered":"http:\/\/cueroamerica.info\/wpnews\/?p=18512"},"modified":"2021-10-29T13:44:41","modified_gmt":"2021-10-29T13:44:41","slug":"la-industria-del-cuero-envio-un-manifiesto-a-la-reunion-de-onu-por-el-cambio-climatico","status":"publish","type":"post","link":"http:\/\/cueroamerica.info\/wpnews\/2021\/10\/la-industria-del-cuero-envio-un-manifiesto-a-la-reunion-de-onu-por-el-cambio-climatico\/","title":{"rendered":"La industria del cuero envi\u00f3 un manifiesto a la reuni\u00f3n de ONU por el cambio clim\u00e1tico"},"content":{"rendered":"<div id=\"attachment_18496\" style=\"width: 257px\" class=\"wp-caption alignleft\"><a href=\"http:\/\/cueroamerica.info\/wpnews\/wp-content\/uploads\/2021\/10\/Industria-curtidora-en-Italia-_3.jpg\"><img loading=\"lazy\" decoding=\"async\" aria-describedby=\"caption-attachment-18496\" class=\" wp-image-18496\" src=\"http:\/\/cueroamerica.info\/wpnews\/wp-content\/uploads\/2021\/10\/Industria-curtidora-en-Italia-_3-300x205.jpg\" alt=\"\" width=\"247\" height=\"169\" srcset=\"http:\/\/cueroamerica.info\/wpnews\/wp-content\/uploads\/2021\/10\/Industria-curtidora-en-Italia-_3-300x205.jpg 300w, http:\/\/cueroamerica.info\/wpnews\/wp-content\/uploads\/2021\/10\/Industria-curtidora-en-Italia-_3.jpg 730w\" sizes=\"auto, (max-width: 247px) 100vw, 247px\" \/><\/a><p id=\"caption-attachment-18496\" class=\"wp-caption-text\">Industria curtidora en Italia.<\/p><\/div>\n<p>M\u00e1s de 30 organizaciones del sector del cuero de todas partes del mundo han firmado el Manifiesto COP26 de la industria. Los firmantes publicaron el documento el 28 de octubre en el marco de la preparaci\u00f3n de la Conferencia de las Naciones Unidas sobre el Cambio Clim\u00e1tico (COP26), que se celebra en Glasgow del 31 de octubre al 12 de noviembre.<\/p>\n<p>El manifiesto es una iniciativa iniciada por el International Council of Tanners, ICT (Consejo Internacional de Curtidores), el Leather and Hide Council of America de Estados Unidos y el grupo Leather Naturally. Estas tres organizaciones luego trabajaron para asegurar el apoyo de las organizaciones del cuero y las partes interesadas de la cadena de valor del cuero en todo el mundo.<\/p>\n<p>Al publicar el manifiesto en los d\u00edas previos a la conferencia, pidieron a todos los signatarios que comunicaran su mensaje a las delegaciones de la COP26 de sus pa\u00edses, incluidos representantes de gobiernos nacionales, partidos pol\u00edticos, medios de comunicaci\u00f3n y otros con influencia o inter\u00e9s en \u201cel debate sobre una sociedad circular y responsable\u201d.<\/p>\n<p><a href=\"http:\/\/cueroamerica.info\/wpnews\/wp-content\/uploads\/2021\/10\/Industria-curtidora-en-Italia-_2.jpg\"><img loading=\"lazy\" decoding=\"async\" class=\" wp-image-18497 alignright\" src=\"http:\/\/cueroamerica.info\/wpnews\/wp-content\/uploads\/2021\/10\/Industria-curtidora-en-Italia-_2-300x225.jpg\" alt=\"\" width=\"240\" height=\"180\" srcset=\"http:\/\/cueroamerica.info\/wpnews\/wp-content\/uploads\/2021\/10\/Industria-curtidora-en-Italia-_2-300x225.jpg 300w, http:\/\/cueroamerica.info\/wpnews\/wp-content\/uploads\/2021\/10\/Industria-curtidora-en-Italia-_2.jpg 600w\" sizes=\"auto, (max-width: 240px) 100vw, 240px\" \/><\/a>En el texto, el manifiesto pide a la COP26 que d\u00e9 prioridad a los materiales naturales como un medio para mitigar directamente el impacto clim\u00e1tico y reconozca las caracter\u00edsticas c\u00edclicas y clim\u00e1ticamente eficientes de las fibras naturales, incluido el cuero.<\/p>\n<p>\u201cLas fibras naturales son parte del ciclo del carbono biog\u00e9nico\u201d, dice el documento, \u201cy como tales est\u00e1n compuestas por carbono que ha estado en la atm\u00f3sfera durante milenios. Estas materias primas, cuando se producen \u00e9ticamente, son un reemplazo importante para los sint\u00e9ticos a base de f\u00f3siles, lo que reduce la necesidad de extracci\u00f3n de f\u00f3siles y retiene m\u00e1s carbono en la tierra\u00bb.<\/p>\n<p>Contin\u00faa diciendo que, al final de la vida, los materiales naturales producidos adecuadamente se biodegradar\u00e1n, mitigando las consecuencias da\u00f1inas que a menudo se asocian con los materiales sint\u00e9ticos, incluida la contaminaci\u00f3n por micropl\u00e1sticos.<\/p>\n<div id=\"attachment_18494\" style=\"width: 256px\" class=\"wp-caption alignleft\"><a href=\"http:\/\/cueroamerica.info\/wpnews\/wp-content\/uploads\/2021\/10\/Planta-de-tratamiento-de-efluentes-de-curtiembre-Arlei-.jpg\"><img loading=\"lazy\" decoding=\"async\" aria-describedby=\"caption-attachment-18494\" class=\" wp-image-18494\" src=\"http:\/\/cueroamerica.info\/wpnews\/wp-content\/uploads\/2021\/10\/Planta-de-tratamiento-de-efluentes-de-curtiembre-Arlei--300x200.jpg\" alt=\"\" width=\"246\" height=\"164\" srcset=\"http:\/\/cueroamerica.info\/wpnews\/wp-content\/uploads\/2021\/10\/Planta-de-tratamiento-de-efluentes-de-curtiembre-Arlei--300x200.jpg 300w, http:\/\/cueroamerica.info\/wpnews\/wp-content\/uploads\/2021\/10\/Planta-de-tratamiento-de-efluentes-de-curtiembre-Arlei--768x512.jpg 768w, http:\/\/cueroamerica.info\/wpnews\/wp-content\/uploads\/2021\/10\/Planta-de-tratamiento-de-efluentes-de-curtiembre-Arlei-.jpg 787w\" sizes=\"auto, (max-width: 246px) 100vw, 246px\" \/><\/a><p id=\"caption-attachment-18494\" class=\"wp-caption-text\">Planta de tratamiento de efluentes de curtiembre Arlei.<\/p><\/div>\n<p>Los materiales naturales como el cuero, sugiere la presentaci\u00f3n, \u00aba menudo se descartan\u00bb debido a la falta de comprensi\u00f3n de los procesos de fabricaci\u00f3n y cadena de suministro. A veces, la oposici\u00f3n a estos materiales proviene de una \u201cciencia cuestionable\u201d en forma de ejercicios de evaluaci\u00f3n del ciclo de vida (ACV) \u201cincompletos, incomparables u obsoletos\u201d, apunta.<\/p>\n<p>El documento de la industria curtido mundial destaca que las empresas que fabrican y comercializan materiales alternativos, a menudo sint\u00e9ticos \u2013es decir, a base de combustibles f\u00f3siles-, \u00abutilizan esta confusi\u00f3n para hacer afirmaciones infundadas sobre su sostenibilidad\u00bb.<\/p>\n<p>Consulte el art\u00edculo separado que contiene el texto completo del Manifiesto COP26 de la industria del cuero, y los nombres de todos los signatarios, <a href=\"http:\/\/cueroamerica.info\/pdf\/21-10-28_cop26_our_materials_impact_our_climate.pdf\" target=\"_blank\" rel=\"noopener noreferrer\">aqu\u00ed<\/a>.<br \/>\n&#8212;&#8212;&#8212;&#8212;&#8212;&#8212;&#8212;&#8212;&#8212;&#8212;&#8212;&#8212;&#8212;&#8212;&#8212;&#8211;<br \/>\nLeatherbiz.com \/ CueroAm\u00e9rica<\/p>\n<p>&#8212;&#8212;&#8212;&#8212;&#8212;&#8212;&#8212;&#8212;&#8212;&#8212;&#8212;&#8212;&#8212;&#8212;&#8212;&#8211;<br \/>\nPara comunicarse con CueroAm\u00e9rica: <span style=\"color: #3366ff;\"><a style=\"color: #3366ff;\" href=\"mailto:contacto@cueroamerica.com\">contacto@cueroamerica.com<\/a><\/span><\/p>\n<table>\n<tbody>\n<tr>\n<td width=\"300\"><a href=\"http:\/\/bit.ly\/2pK0gG1\" target=\"_blank\" rel=\"noopener noreferrer\"><img loading=\"lazy\" decoding=\"async\" src=\"\/img\/publicidad\/dfs2017.gif\" alt=\"\" width=\"300\" height=\"200\" border=\"0\" \/><\/a><\/td>\n<td width=\"171\"><a href=\"http:\/\/bit.ly\/2pK7Osm\" target=\"_blank\" rel=\"noopener noreferrer\"><img loading=\"lazy\" decoding=\"async\" src=\"\/img\/publicidad\/aviso-units2020.gif\" alt=\"\" width=\"300\" height=\"201\" border=\"0\" \/><\/a><\/td>\n<\/tr>\n<\/tbody>\n<\/table>\n","protected":false},"excerpt":{"rendered":"<p>M\u00e1s de 30 organizaciones del sector del cuero de todas partes del mundo han firmado el Manifiesto COP26 de la industria. Los firmantes publicaron el documento el 28 de octubre en el marco de la preparaci\u00f3n de la Conferencia de las Naciones Unidas sobre el Cambio Clim\u00e1tico (COP26), que se celebra en Glasgow del 31 [&hellip;]<\/p>\n","protected":false},"author":4,"featured_media":0,"comment_status":"closed","ping_status":"closed","sticky":false,"template":"","format":"standard","meta":{"footnotes":""},"categories":[59],"tags":[],"class_list":["post-18512","post","type-post","status-publish","format-standard","hentry","category-medio-ambiente","count-0","even alt","author-","last"],"_links":{"self":[{"href":"http:\/\/cueroamerica.info\/wpnews\/wp-json\/wp\/v2\/posts\/18512","targetHints":{"allow":["GET"]}}],"collection":[{"href":"http:\/\/cueroamerica.info\/wpnews\/wp-json\/wp\/v2\/posts"}],"about":[{"href":"http:\/\/cueroamerica.info\/wpnews\/wp-json\/wp\/v2\/types\/post"}],"author":[{"embeddable":true,"href":"http:\/\/cueroamerica.info\/wpnews\/wp-json\/wp\/v2\/users\/4"}],"replies":[{"embeddable":true,"href":"http:\/\/cueroamerica.info\/wpnews\/wp-json\/wp\/v2\/comments?post=18512"}],"version-history":[{"count":5,"href":"http:\/\/cueroamerica.info\/wpnews\/wp-json\/wp\/v2\/posts\/18512\/revisions"}],"predecessor-version":[{"id":18522,"href":"http:\/\/cueroamerica.info\/wpnews\/wp-json\/wp\/v2\/posts\/18512\/revisions\/18522"}],"wp:attachment":[{"href":"http:\/\/cueroamerica.info\/wpnews\/wp-json\/wp\/v2\/media?parent=18512"}],"wp:term":[{"taxonomy":"category","embeddable":true,"href":"http:\/\/cueroamerica.info\/wpnews\/wp-json\/wp\/v2\/categories?post=18512"},{"taxonomy":"post_tag","embeddable":true,"href":"http:\/\/cueroamerica.info\/wpnews\/wp-json\/wp\/v2\/tags?post=18512"}],"curies":[{"name":"wp","href":"https:\/\/api.w.org\/{rel}","templated":true}]}}