{"id":18523,"date":"2021-10-29T13:48:25","date_gmt":"2021-10-29T13:48:25","guid":{"rendered":"http:\/\/cueroamerica.info\/wpnews\/?p=18523"},"modified":"2021-10-29T13:48:25","modified_gmt":"2021-10-29T13:48:25","slug":"la-baja-de-10-del-arancel-extra-mercosur-no-rige-para-el-sector-calzado-y-marroquineria","status":"publish","type":"post","link":"http:\/\/cueroamerica.info\/wpnews\/2021\/10\/la-baja-de-10-del-arancel-extra-mercosur-no-rige-para-el-sector-calzado-y-marroquineria\/","title":{"rendered":"La baja de 10% del arancel extra Mercosur no rige para el sector calzado y marroquiner\u00eda"},"content":{"rendered":"<div id=\"attachment_18520\" style=\"width: 259px\" class=\"wp-caption alignleft\"><a href=\"http:\/\/cueroamerica.info\/wpnews\/wp-content\/uploads\/2021\/10\/Fabrica-de-calzado_5b.jpg\"><img loading=\"lazy\" decoding=\"async\" aria-describedby=\"caption-attachment-18520\" class=\" wp-image-18520\" src=\"http:\/\/cueroamerica.info\/wpnews\/wp-content\/uploads\/2021\/10\/Fabrica-de-calzado_5b-300x199.jpg\" alt=\"\" width=\"249\" height=\"165\" srcset=\"http:\/\/cueroamerica.info\/wpnews\/wp-content\/uploads\/2021\/10\/Fabrica-de-calzado_5b-300x199.jpg 300w, http:\/\/cueroamerica.info\/wpnews\/wp-content\/uploads\/2021\/10\/Fabrica-de-calzado_5b.jpg 689w\" sizes=\"auto, (max-width: 249px) 100vw, 249px\" \/><\/a><p id=\"caption-attachment-18520\" class=\"wp-caption-text\">F\u00e1brica de calzado.<\/p><\/div>\n<p>Los pa\u00edses del Mercosur llegaron a un acuerdo parta reducir un 10% el Arancel Externo Com\u00fan, que aplican sus aduanas para los productos de pa\u00edses extra bloque. Sin embargo lo pactado por las cuatro canciller\u00edas es que esta medida no afectar\u00e1 a los productos de sectores como el calzado, marroquiner\u00eda, confecciones, textiles y automotriz.<\/p>\n<p>El acuerdo iniciado por los ministros de Relaciones Exteriores de Argentina y Brasil fue anunciado como un avance que permitir\u00e1 \u201cun mayor intercambio comercial extrazona\u201d. En realidad esta medida reclamada por los gobiernos de Uruguay y Brasil, era la eliminaci\u00f3n total del arancel, cosa que genera un fuerte rechazo de las c\u00e1maras empresarias de la industria de esos pa\u00edses.<\/p>\n<p>En particular hab\u00edan manifestado su oposici\u00f3n las del sector calzado (CIC, Abical\u00e7ados, CICU y CICP) y el textil, industrias que lograron ser excluidas en la reducci\u00f3n arancelaria.<br \/>\nLa medida permitir\u00e1 un aumento del ingreso productos, a pesar de que ning\u00fan otros pa\u00eds ha anunciado una medida en espejo, cosa que podr\u00eda significar un problema para la balanza exterior de los pa\u00edses del Cono Sur, especialmente en estas \u00e9pocas de sobreoferta de manufacturas.<\/p>\n<p>La medida entrar\u00e1 en vigencia cuando los cuatro miembros del Mercosur aprueben y pongan en pr\u00e1ctica la medida.<\/p>\n<div id=\"attachment_18519\" style=\"width: 258px\" class=\"wp-caption alignright\"><a href=\"http:\/\/cueroamerica.info\/wpnews\/wp-content\/uploads\/2021\/10\/El-canciller-Santiago-Cafiero-y-su-par-de-Brasil-Carlos-Franca-informaron-sobre-el-acuerdo-alcanzado.-.jpg\"><img loading=\"lazy\" decoding=\"async\" aria-describedby=\"caption-attachment-18519\" class=\" wp-image-18519\" src=\"http:\/\/cueroamerica.info\/wpnews\/wp-content\/uploads\/2021\/10\/El-canciller-Santiago-Cafiero-y-su-par-de-Brasil-Carlos-Franca-informaron-sobre-el-acuerdo-alcanzado.--300x200.jpg\" alt=\"\" width=\"248\" height=\"165\" srcset=\"http:\/\/cueroamerica.info\/wpnews\/wp-content\/uploads\/2021\/10\/El-canciller-Santiago-Cafiero-y-su-par-de-Brasil-Carlos-Franca-informaron-sobre-el-acuerdo-alcanzado.--300x200.jpg 300w, http:\/\/cueroamerica.info\/wpnews\/wp-content\/uploads\/2021\/10\/El-canciller-Santiago-Cafiero-y-su-par-de-Brasil-Carlos-Franca-informaron-sobre-el-acuerdo-alcanzado.--768x512.jpg 768w, http:\/\/cueroamerica.info\/wpnews\/wp-content\/uploads\/2021\/10\/El-canciller-Santiago-Cafiero-y-su-par-de-Brasil-Carlos-Franca-informaron-sobre-el-acuerdo-alcanzado.-.jpg 1024w\" sizes=\"auto, (max-width: 248px) 100vw, 248px\" \/><\/a><p id=\"caption-attachment-18519\" class=\"wp-caption-text\">El canciller Santiago Cafiero y su par de Brasil, Carlos Fran\u00e7a informaron sobre el acuerdo alcanzado.<\/p><\/div>\n<p>El comunicado conjunto de las canciller\u00edas de Brasil y Argentina destac\u00f3 formalmente que \u201cse trata de un paso importante hacia el aumento de la competitividad de los Estados Partes y hacia el fortalecimiento de los procesos productivos regionales, que impulsar\u00e1n una inserci\u00f3n beneficiosa de la producci\u00f3n del MERCOSUR en las cadenas globales de valor\u201d.<\/p>\n<p>Por su parte, el Ministro de Relaciones Exteriores de Argentina, Santiago Cafiero, declar\u00f3 que en el acuerdo de rebaja arancelaria mantienen las protecciones para las industrias de \u201cmano de obra intensiva, como son los sectores calzado, marroquiner\u00eda y textil. En la misma sinton\u00eda Carlos Fran\u00e7a, su par brasilero, manifest\u00f3 la decisi\u00f3n de proteger a esas industrias en su pa\u00eds.<br \/>\n&#8212;&#8212;&#8212;&#8212;&#8212;&#8212;&#8212;&#8212;&#8212;&#8212;&#8212;-<br \/>\nTelam \/ CueroAm\u00e9rica<\/p>\n<p>&#8212;&#8212;&#8212;&#8212;&#8212;&#8212;&#8212;&#8212;&#8212;&#8212;&#8212;&#8212;&#8212;&#8212;&#8212;&#8211;<br \/>\nPara comunicarse con CueroAm\u00e9rica: <span style=\"color: #3366ff;\"><a style=\"color: #3366ff;\" href=\"mailto:contacto@cueroamerica.com\">contacto@cueroamerica.com<\/a><\/span><\/p>\n<table>\n<tbody>\n<tr>\n<td width=\"300\"><a href=\"https:\/\/www.leatherfair.aplf.com\/en-us\/?utm_source=cueroamerica&amp;utm_medium=banner&amp;utm_campaign=aplf22\" target=\"_blank\" rel=\"noopener noreferrer\"><img loading=\"lazy\" decoding=\"async\" src=\"\/img\/publicidad\/2021\/aplf_dubai_marz2022.png\" width=\"300\" height=\"200\" \/><\/a><\/td>\n<td width=\"171\"><a href=\"https:\/\/exporivaschuh.it\/en\" target=\"_blank\" rel=\"noopener noreferrer\"><img loading=\"lazy\" decoding=\"async\" src=\"\/img\/publicidad\/2021\/exporivaschuh15012022.jpg\" alt=\"\" width=\"300\" height=\"200\" \/><\/a><\/td>\n<\/tr>\n<\/tbody>\n<\/table>\n","protected":false},"excerpt":{"rendered":"<p>Los pa\u00edses del Mercosur llegaron a un acuerdo parta reducir un 10% el Arancel Externo Com\u00fan, que aplican sus aduanas para los productos de pa\u00edses extra bloque. Sin embargo lo pactado por las cuatro canciller\u00edas es que esta medida no afectar\u00e1 a los productos de sectores como el calzado, marroquiner\u00eda, confecciones, textiles y automotriz. El [&hellip;]<\/p>\n","protected":false},"author":4,"featured_media":0,"comment_status":"closed","ping_status":"closed","sticky":false,"template":"","format":"standard","meta":{"footnotes":""},"categories":[70,61],"tags":[],"class_list":["post-18523","post","type-post","status-publish","format-standard","hentry","category-mercados","category-noticias-de-america-latina","count-0","even alt","author-","last"],"_links":{"self":[{"href":"http:\/\/cueroamerica.info\/wpnews\/wp-json\/wp\/v2\/posts\/18523","targetHints":{"allow":["GET"]}}],"collection":[{"href":"http:\/\/cueroamerica.info\/wpnews\/wp-json\/wp\/v2\/posts"}],"about":[{"href":"http:\/\/cueroamerica.info\/wpnews\/wp-json\/wp\/v2\/types\/post"}],"author":[{"embeddable":true,"href":"http:\/\/cueroamerica.info\/wpnews\/wp-json\/wp\/v2\/users\/4"}],"replies":[{"embeddable":true,"href":"http:\/\/cueroamerica.info\/wpnews\/wp-json\/wp\/v2\/comments?post=18523"}],"version-history":[{"count":1,"href":"http:\/\/cueroamerica.info\/wpnews\/wp-json\/wp\/v2\/posts\/18523\/revisions"}],"predecessor-version":[{"id":18524,"href":"http:\/\/cueroamerica.info\/wpnews\/wp-json\/wp\/v2\/posts\/18523\/revisions\/18524"}],"wp:attachment":[{"href":"http:\/\/cueroamerica.info\/wpnews\/wp-json\/wp\/v2\/media?parent=18523"}],"wp:term":[{"taxonomy":"category","embeddable":true,"href":"http:\/\/cueroamerica.info\/wpnews\/wp-json\/wp\/v2\/categories?post=18523"},{"taxonomy":"post_tag","embeddable":true,"href":"http:\/\/cueroamerica.info\/wpnews\/wp-json\/wp\/v2\/tags?post=18523"}],"curies":[{"name":"wp","href":"https:\/\/api.w.org\/{rel}","templated":true}]}}