{"id":18537,"date":"2021-10-29T14:31:10","date_gmt":"2021-10-29T14:31:10","guid":{"rendered":"http:\/\/cueroamerica.info\/wpnews\/?p=18537"},"modified":"2021-10-29T14:31:10","modified_gmt":"2021-10-29T14:31:10","slug":"expocaipic-tuvo-su-edicion-post-pandemia-con-escenas-de-reencuentro-y-de-negocios","status":"publish","type":"post","link":"http:\/\/cueroamerica.info\/wpnews\/2021\/10\/expocaipic-tuvo-su-edicion-post-pandemia-con-escenas-de-reencuentro-y-de-negocios\/","title":{"rendered":"ExpoCaipic tuvo su edici\u00f3n \u2018post pandemia\u2019 con escenas de reencuentro y de negocios"},"content":{"rendered":"<p>La reciente edici\u00f3n de ExpoCaipic en Buenos Aires, logr\u00f3 el tan esperado reencuentro de la industria argentina. La feria de proveedores de cueros, materiales, componentes, dise\u00f1adores, medios especializados e instituciones educativas, reuni\u00f3 nuevamente a los fabricantes de calzado, marroquiner\u00eda y moda, tras dos a\u00f1os de virtualidad.<\/p>\n<table>\n<tbody>\n<tr>\n<td><a href=\"http:\/\/cueroamerica.info\/wpnews\/wp-content\/uploads\/2021\/10\/6--scaled.jpg\"><img loading=\"lazy\" decoding=\"async\" class=\"size-medium wp-image-18531 aligncenter\" src=\"http:\/\/cueroamerica.info\/wpnews\/wp-content\/uploads\/2021\/10\/6--300x185.jpg\" alt=\"\" width=\"300\" height=\"185\" srcset=\"http:\/\/cueroamerica.info\/wpnews\/wp-content\/uploads\/2021\/10\/6--300x185.jpg 300w, http:\/\/cueroamerica.info\/wpnews\/wp-content\/uploads\/2021\/10\/6--1024x632.jpg 1024w, http:\/\/cueroamerica.info\/wpnews\/wp-content\/uploads\/2021\/10\/6--768x474.jpg 768w, http:\/\/cueroamerica.info\/wpnews\/wp-content\/uploads\/2021\/10\/6--1536x948.jpg 1536w, http:\/\/cueroamerica.info\/wpnews\/wp-content\/uploads\/2021\/10\/6--2048x1264.jpg 2048w\" sizes=\"auto, (max-width: 300px) 100vw, 300px\" \/><\/a><\/td>\n<td><a href=\"http:\/\/cueroamerica.info\/wpnews\/wp-content\/uploads\/2021\/10\/1-.jpg.jpeg\"><img decoding=\"async\" class=\"size-medium wp-image-18528 aligncenter\" src=\"http:\/\/cueroamerica.info\/wpnews\/wp-content\/uploads\/2021\/10\/1-.jpg-300x225.jpeg\" alt=\"\" width=\"auto\" height=\"185\" srcset=\"http:\/\/cueroamerica.info\/wpnews\/wp-content\/uploads\/2021\/10\/1-.jpg-300x225.jpeg 300w, http:\/\/cueroamerica.info\/wpnews\/wp-content\/uploads\/2021\/10\/1-.jpg-1024x768.jpeg 1024w, http:\/\/cueroamerica.info\/wpnews\/wp-content\/uploads\/2021\/10\/1-.jpg-768x576.jpeg 768w, http:\/\/cueroamerica.info\/wpnews\/wp-content\/uploads\/2021\/10\/1-.jpg.jpeg 1280w\" sizes=\"(max-width: 300px) 100vw, 300px\" \/><\/a><\/td>\n<\/tr>\n<\/tbody>\n<\/table>\n<p>Unos 50 expositores ocuparon el predio de Costa Salguero, presentando maquinarias, cueros, insumos y componentes, suelas y fondos, sint\u00e9ticos y tejidos, herrajes y accesorios y productos qu\u00edmicos. Asimismo, como siempre los acompa\u00f1aron las empresas de servicios, instituciones y medios de prensa especializados, entre ellos CueroAm\u00e9rica.<\/p>\n<p>Las autoridades de la C\u00e1mara de Industriales Proveedores de la Industria del Calzado, CAIPIC, se mostraron muy satisfechas por la respuesta de expositores y visitantes ya que consideran que fue una gran apuesta por la recuperaci\u00f3n de la industria. Creen que, siendo una de las primeras ferias industriales que se realizaron en Buenos Aires en este per\u00edodo de \u2018apertura pand\u00e9mica\u2019, la decisi\u00f3n de la entidad fue muy acertada y produjo un importante movimiento econ\u00f3mico.<\/p>\n<p>Lejos de los resultados de \u00e9pocas de normalidad, la convocatoria recibi\u00f3 a m\u00e1s de 1.600 profesionales y empresarios del sector. Fabricantes de calzado, marroquiner\u00eda y complementos de moda, dise\u00f1adores, representantes comerciales provenientes de los principales polos productores de Argentina, y tambi\u00e9n de pa\u00edses lim\u00edtrofes.<\/p>\n<p>Durante el transcurso del sal\u00f3n se realizaron diversas conferencias y charlas t\u00e9cnicas, que adem\u00e1s tuvieron difusi\u00f3n masiva en canales digitales. Todas estas actividades se encuentran en versi\u00f3n completa en internet. En las charlas se trataron temas como econom\u00eda circular en la industria; materiales para la industria del calzado; tecnolog\u00eda de compuestos expansos; tendencias de moda oto\u00f1o-invierno 2022 y sustentabilidad en la cadena de valor del cuero. Las mismas fueron dictadas por referentes de la industria como lo son: Adri\u00e1n Wright, Silvia Barreto, Mariana Marrari, Leonardo Tort, Carlos Bareiro, Miguel \u00c1ngel Garc\u00eda y Alejandro Mafei.<\/p>\n<table>\n<tbody>\n<tr>\n<td><a href=\"http:\/\/cueroamerica.info\/wpnews\/wp-content\/uploads\/2021\/10\/2-1-1.jpg\"><img decoding=\"async\" class=\"alignleft wp-image-18530 size-medium\" src=\"http:\/\/cueroamerica.info\/wpnews\/wp-content\/uploads\/2021\/10\/2-1-1-300x225.jpg\" alt=\"\" width=\"auto\" height=\"169\" srcset=\"http:\/\/cueroamerica.info\/wpnews\/wp-content\/uploads\/2021\/10\/2-1-1-300x225.jpg 300w, http:\/\/cueroamerica.info\/wpnews\/wp-content\/uploads\/2021\/10\/2-1-1-1024x768.jpg 1024w, http:\/\/cueroamerica.info\/wpnews\/wp-content\/uploads\/2021\/10\/2-1-1-768x576.jpg 768w, http:\/\/cueroamerica.info\/wpnews\/wp-content\/uploads\/2021\/10\/2-1-1.jpg 1280w\" sizes=\"(max-width: 300px) 100vw, 300px\" \/><\/a><\/td>\n<td><a href=\"http:\/\/cueroamerica.info\/wpnews\/wp-content\/uploads\/2021\/10\/7a.jpg\"><img loading=\"lazy\" decoding=\"async\" class=\"alignleft wp-image-18533 size-medium\" src=\"http:\/\/cueroamerica.info\/wpnews\/wp-content\/uploads\/2021\/10\/7a-300x169.jpg\" alt=\"\" width=\"300\" height=\"169\" srcset=\"http:\/\/cueroamerica.info\/wpnews\/wp-content\/uploads\/2021\/10\/7a-300x169.jpg 300w, http:\/\/cueroamerica.info\/wpnews\/wp-content\/uploads\/2021\/10\/7a-1024x576.jpg 1024w, http:\/\/cueroamerica.info\/wpnews\/wp-content\/uploads\/2021\/10\/7a-768x432.jpg 768w, http:\/\/cueroamerica.info\/wpnews\/wp-content\/uploads\/2021\/10\/7a.jpg 1400w\" sizes=\"auto, (max-width: 300px) 100vw, 300px\" \/><\/a><\/td>\n<\/tr>\n<\/tbody>\n<\/table>\n<p>En los d\u00edas de feria los profesionales del sector celebraron el comienzo de una nueva etapa y desde la entidad empresaria mencionaron que esta edici\u00f3n de la expo fue la primera de muchas otras acciones que se est\u00e1n preparando. CAIPIC busca \u201cseguir potenciando, entre todos los actores del sector, una industria nacional fuerte y consolidada\u201d.<\/p>\n<p>El cierre de la feria tuvo un final emotivo con un fuerte y generalizado aplauso, minutos antes de dar por cerrado el evento, lo que estuvo a cargo de Hugo Alvarez, Presidente Ejecutivo de la entidad empresaria.<\/p>\n<p>La pr\u00f3xima edici\u00f3n de ExpoCaipic ser\u00e1 en mayo de 2022, en la que se presentar\u00e1n las novedades de Primavera-Verano 2022\/23.<br \/>\n&#8212;&#8212;&#8212;&#8212;&#8212;&#8212;&#8212;&#8212;&#8212;&#8212;&#8212;&#8212;<br \/>\nCAIPIC \/ CueroAm\u00e9rica<\/p>\n<p>&#8212;&#8212;&#8212;&#8212;&#8212;&#8212;&#8212;&#8212;&#8212;&#8212;&#8212;&#8212;&#8212;&#8212;&#8212;&#8211;<br \/>\nPara comunicarse con CueroAm\u00e9rica: <span style=\"color: #3366ff;\"><a style=\"color: #3366ff;\" href=\"mailto:contacto@cueroamerica.com\">contacto@cueroamerica.com<\/a><\/span><\/p>\n<table>\n<tbody>\n<tr>\n<td width=\"300\"><a href=\"https:\/\/www.leatherfair.aplf.com\/en-us\/?utm_source=cueroamerica&amp;utm_medium=banner&amp;utm_campaign=aplf22\" target=\"_blank\" rel=\"noopener noreferrer\"><img loading=\"lazy\" decoding=\"async\" src=\"\/img\/publicidad\/2021\/aplf_dubai_marz2022.png\" width=\"300\" height=\"200\" \/><\/a><\/td>\n<td width=\"171\"><a href=\"https:\/\/exporivaschuh.it\/en\" target=\"_blank\" rel=\"noopener noreferrer\"><img loading=\"lazy\" decoding=\"async\" src=\"\/img\/publicidad\/2021\/exporivaschuh15012022.jpg\" alt=\"\" width=\"300\" height=\"200\" \/><\/a><\/td>\n<\/tr>\n<\/tbody>\n<\/table>\n","protected":false},"excerpt":{"rendered":"<p>La reciente edici\u00f3n de ExpoCaipic en Buenos Aires, logr\u00f3 el tan esperado reencuentro de la industria argentina. La feria de proveedores de cueros, materiales, componentes, dise\u00f1adores, medios especializados e instituciones educativas, reuni\u00f3 nuevamente a los fabricantes de calzado, marroquiner\u00eda y moda, tras dos a\u00f1os de virtualidad. Unos 50 expositores ocuparon el predio de Costa Salguero, [&hellip;]<\/p>\n","protected":false},"author":4,"featured_media":0,"comment_status":"closed","ping_status":"closed","sticky":false,"template":"","format":"standard","meta":{"footnotes":""},"categories":[66,60],"tags":[],"class_list":["post-18537","post","type-post","status-publish","format-standard","hentry","category-ferias-realizadas","category-ferias","count-0","even alt","author-","last"],"_links":{"self":[{"href":"http:\/\/cueroamerica.info\/wpnews\/wp-json\/wp\/v2\/posts\/18537","targetHints":{"allow":["GET"]}}],"collection":[{"href":"http:\/\/cueroamerica.info\/wpnews\/wp-json\/wp\/v2\/posts"}],"about":[{"href":"http:\/\/cueroamerica.info\/wpnews\/wp-json\/wp\/v2\/types\/post"}],"author":[{"embeddable":true,"href":"http:\/\/cueroamerica.info\/wpnews\/wp-json\/wp\/v2\/users\/4"}],"replies":[{"embeddable":true,"href":"http:\/\/cueroamerica.info\/wpnews\/wp-json\/wp\/v2\/comments?post=18537"}],"version-history":[{"count":4,"href":"http:\/\/cueroamerica.info\/wpnews\/wp-json\/wp\/v2\/posts\/18537\/revisions"}],"predecessor-version":[{"id":18541,"href":"http:\/\/cueroamerica.info\/wpnews\/wp-json\/wp\/v2\/posts\/18537\/revisions\/18541"}],"wp:attachment":[{"href":"http:\/\/cueroamerica.info\/wpnews\/wp-json\/wp\/v2\/media?parent=18537"}],"wp:term":[{"taxonomy":"category","embeddable":true,"href":"http:\/\/cueroamerica.info\/wpnews\/wp-json\/wp\/v2\/categories?post=18537"},{"taxonomy":"post_tag","embeddable":true,"href":"http:\/\/cueroamerica.info\/wpnews\/wp-json\/wp\/v2\/tags?post=18537"}],"curies":[{"name":"wp","href":"https:\/\/api.w.org\/{rel}","templated":true}]}}