{"id":18629,"date":"2021-11-09T13:52:35","date_gmt":"2021-11-09T13:52:35","guid":{"rendered":"http:\/\/cueroamerica.info\/wpnews\/?p=18629"},"modified":"2021-11-09T13:52:35","modified_gmt":"2021-11-09T13:52:35","slug":"bicontinentar-incorpora-mas-lineas-de-produccion-ante-la-firma-de-nuevos-contratos","status":"publish","type":"post","link":"http:\/\/cueroamerica.info\/wpnews\/2021\/11\/bicontinentar-incorpora-mas-lineas-de-produccion-ante-la-firma-de-nuevos-contratos\/","title":{"rendered":"Bicontinentar incorpora m\u00e1s l\u00edneas de producci\u00f3n ante la firma de nuevos contratos"},"content":{"rendered":"<div id=\"attachment_18606\" style=\"width: 258px\" class=\"wp-caption alignleft\"><a href=\"http:\/\/cueroamerica.info\/wpnews\/wp-content\/uploads\/2021\/11\/La-planta-de-Bicontinentar-en-Chivilcoy-inicia-la-produccion.-_-.jpg\"><img loading=\"lazy\" decoding=\"async\" aria-describedby=\"caption-attachment-18606\" class=\" wp-image-18606\" src=\"http:\/\/cueroamerica.info\/wpnews\/wp-content\/uploads\/2021\/11\/La-planta-de-Bicontinentar-en-Chivilcoy-inicia-la-produccion.-_--300x224.jpg\" alt=\"\" width=\"248\" height=\"185\" srcset=\"http:\/\/cueroamerica.info\/wpnews\/wp-content\/uploads\/2021\/11\/La-planta-de-Bicontinentar-en-Chivilcoy-inicia-la-produccion.-_--300x224.jpg 300w, http:\/\/cueroamerica.info\/wpnews\/wp-content\/uploads\/2021\/11\/La-planta-de-Bicontinentar-en-Chivilcoy-inicia-la-produccion.-_-.jpg 745w\" sizes=\"auto, (max-width: 248px) 100vw, 248px\" \/><\/a><p id=\"caption-attachment-18606\" class=\"wp-caption-text\">La planta de Bicontinentar en Chivilcoy inicia la producci\u00f3n.<\/p><\/div>\n<p>La empresa argentina Bicontinentar Footwear Technologies sigue ampl\u00ediando su planta de calzado deportivo en Chivilcoy, ciudad ubicada a 160 km de la Ciudad de Buenos Aires. La compa\u00f1\u00eda produce para diversas marcas internacionales y est\u00e1n cerrando nuevos contratos y aumentar\u00e1 su producci\u00f3n, ante el fuerte repunte de ventas que muestra el mercado argentino.<\/p>\n<p>Bicontinentar comenz\u00f3 sus actividades a principios de mayo y desde ese momento ha m\u00e1s que duplicado la cantidad de personal y l\u00edneas de producci\u00f3n. La nueva empresa ha pasado de los iniciales 120 empleados a 270, y de tres a seis l\u00edneas productivas.<\/p>\n<p><a href=\"http:\/\/cueroamerica.info\/wpnews\/wp-content\/uploads\/2021\/11\/bicontinentar__.jpg\"><img loading=\"lazy\" decoding=\"async\" class=\" wp-image-18596 alignright\" src=\"http:\/\/cueroamerica.info\/wpnews\/wp-content\/uploads\/2021\/11\/bicontinentar__-300x169.jpg\" alt=\"\" width=\"243\" height=\"137\" srcset=\"http:\/\/cueroamerica.info\/wpnews\/wp-content\/uploads\/2021\/11\/bicontinentar__-300x169.jpg 300w, http:\/\/cueroamerica.info\/wpnews\/wp-content\/uploads\/2021\/11\/bicontinentar__-768x432.jpg 768w, http:\/\/cueroamerica.info\/wpnews\/wp-content\/uploads\/2021\/11\/bicontinentar__.jpg 970w\" sizes=\"auto, (max-width: 243px) 100vw, 243px\" \/><\/a>Las marcas con las que ya estaba trabajando son Diadora, Olympikus, Joma, Athix y Penalty, y comenzar\u00e1n a fabricar para Hush Puppies, Montagne y Ringo. Adem\u00e1s, tambi\u00e9n firmaron convenios con New Balance y Under Armour para empezar a producir en breve.<\/p>\n<p>Juan Recce, presidente de Bicontinentar se\u00f1al\u00f3 que \u201cel 10 de diciembre ponemos en marcha la s\u00e9ptima l\u00ednea y el 10 de enero la octava\u201d y agreg\u00f3 que \u201cpara poder abastecer todos los pedidos deber\u00edamos tener 9 l\u00edneas. Estamos previendo atender esos requerimientos con la apertura de una l\u00ednea por mes\u201d. Recce record\u00f3 que tuvieron un fen\u00f3meno de demanda similar en 2014\/15 y que est\u00e1n muy entusiasmados con las perspectivas de pedidos para 2022.<\/p>\n<div id=\"attachment_18605\" style=\"width: 155px\" class=\"wp-caption alignleft\"><a href=\"http:\/\/cueroamerica.info\/wpnews\/wp-content\/uploads\/2021\/11\/Juan-Recce-presidente-de-Bicontinentar.-.jpg\"><img loading=\"lazy\" decoding=\"async\" aria-describedby=\"caption-attachment-18605\" class=\" wp-image-18605\" src=\"http:\/\/cueroamerica.info\/wpnews\/wp-content\/uploads\/2021\/11\/Juan-Recce-presidente-de-Bicontinentar.--192x300.jpg\" alt=\"\" width=\"145\" height=\"227\" srcset=\"http:\/\/cueroamerica.info\/wpnews\/wp-content\/uploads\/2021\/11\/Juan-Recce-presidente-de-Bicontinentar.--192x300.jpg 192w, http:\/\/cueroamerica.info\/wpnews\/wp-content\/uploads\/2021\/11\/Juan-Recce-presidente-de-Bicontinentar.-.jpg 502w\" sizes=\"auto, (max-width: 145px) 100vw, 145px\" \/><\/a><p id=\"caption-attachment-18605\" class=\"wp-caption-text\">Juan Recce, presidente de Bicontinentar.<\/p><\/div>\n<p>El motivo de este resurgimiento del sector se debe a varios motivos. Por un lado, ya no hay marcas internacionales que no fabriquen en el pa\u00eds. Esto se suma a la disminuci\u00f3n de la producci\u00f3n en Oriente debido a la pandemia y el cierre de f\u00e1bricas en Brasil. Esta combinaci\u00f3n de factores ha generado que la industria argentina \u201cest\u00e9 a todo vapor\u201d aunque \u201cno a la velocidad que exige el mercado actual\u201d agreg\u00f3 Recce.<\/p>\n<p>Esta recuperaci\u00f3n que se ve en Chivilcoy se replica en otras ciudades del pa\u00eds como, Las Flores y Coronel Su\u00e1rez \u2013todas en la provincia de Buenos Aires-, y tambi\u00e9n en la de La Rioja, cuyos habitantes ven con alegr\u00eda que las f\u00e1bricas que hab\u00edan cerrado vuelven a abrir sus puertas fruto de la reactivaci\u00f3n econ\u00f3mica.<br \/>\n&#8212;&#8212;&#8212;&#8212;&#8212;&#8212;&#8212;&#8212;&#8212;&#8212;&#8212;&#8212;&#8212;&#8212;&#8212;&#8211;<br \/>\nBAE Negocios \/ Cuero Am\u00e9rica<\/p>\n<p>&#8212;&#8212;&#8212;&#8212;&#8212;&#8212;&#8212;&#8212;&#8212;&#8212;&#8212;&#8212;&#8212;&#8212;&#8212;&#8211;<br \/>\nPara comunicarse con CueroAm\u00e9rica: <span style=\"color: #3366ff;\"><a style=\"color: #3366ff;\" href=\"mailto:contacto@cueroamerica.com\">contacto@cueroamerica.com<\/a><\/span><\/p>\n<table>\n<tbody>\n<tr>\n<td width=\"300\"><a href=\"https:\/\/epson.com.ar\/Para-el-trabajo\/Impresoras\/Gran-Formato\/Impresora-Epson-SureColor-F10070\/p\/C11CF84202\" target=\"_blank\" rel=\"noopener noreferrer\"><img loading=\"lazy\" decoding=\"async\" src=\"http:\/\/comunidadtextil.com\/publicidad\/epson\/2021\/21-11-banner-F10070H-300x200.jpg\" alt=\"\" width=\"300\" height=\"200\" border=\"0\" \/><\/a><\/td>\n<td width=\"171\"><a href=\"http:\/\/www.algoselanflandria.com.ar\/\" target=\"_blank\" rel=\"noopener noreferrer\"><img loading=\"lazy\" decoding=\"async\" src=\"http:\/\/comunidadtextil.com\/publicidad\/af-2020-300x200px.gif\" alt=\"\" width=\"300\" height=\"200\" border=\"0\" \/><\/a><\/td>\n<\/tr>\n<\/tbody>\n<\/table>\n","protected":false},"excerpt":{"rendered":"<p>La empresa argentina Bicontinentar Footwear Technologies sigue ampl\u00ediando su planta de calzado deportivo en Chivilcoy, ciudad ubicada a 160 km de la Ciudad de Buenos Aires. La compa\u00f1\u00eda produce para diversas marcas internacionales y est\u00e1n cerrando nuevos contratos y aumentar\u00e1 su producci\u00f3n, ante el fuerte repunte de ventas que muestra el mercado argentino. Bicontinentar comenz\u00f3 [&hellip;]<\/p>\n","protected":false},"author":4,"featured_media":0,"comment_status":"closed","ping_status":"closed","sticky":false,"template":"","format":"standard","meta":{"footnotes":""},"categories":[8,61],"tags":[],"class_list":["post-18629","post","type-post","status-publish","format-standard","hentry","category-empresas-y-negocios","category-noticias-de-america-latina","count-0","even alt","author-","last"],"_links":{"self":[{"href":"http:\/\/cueroamerica.info\/wpnews\/wp-json\/wp\/v2\/posts\/18629","targetHints":{"allow":["GET"]}}],"collection":[{"href":"http:\/\/cueroamerica.info\/wpnews\/wp-json\/wp\/v2\/posts"}],"about":[{"href":"http:\/\/cueroamerica.info\/wpnews\/wp-json\/wp\/v2\/types\/post"}],"author":[{"embeddable":true,"href":"http:\/\/cueroamerica.info\/wpnews\/wp-json\/wp\/v2\/users\/4"}],"replies":[{"embeddable":true,"href":"http:\/\/cueroamerica.info\/wpnews\/wp-json\/wp\/v2\/comments?post=18629"}],"version-history":[{"count":3,"href":"http:\/\/cueroamerica.info\/wpnews\/wp-json\/wp\/v2\/posts\/18629\/revisions"}],"predecessor-version":[{"id":18632,"href":"http:\/\/cueroamerica.info\/wpnews\/wp-json\/wp\/v2\/posts\/18629\/revisions\/18632"}],"wp:attachment":[{"href":"http:\/\/cueroamerica.info\/wpnews\/wp-json\/wp\/v2\/media?parent=18629"}],"wp:term":[{"taxonomy":"category","embeddable":true,"href":"http:\/\/cueroamerica.info\/wpnews\/wp-json\/wp\/v2\/categories?post=18629"},{"taxonomy":"post_tag","embeddable":true,"href":"http:\/\/cueroamerica.info\/wpnews\/wp-json\/wp\/v2\/tags?post=18629"}],"curies":[{"name":"wp","href":"https:\/\/api.w.org\/{rel}","templated":true}]}}