{"id":18633,"date":"2021-11-09T13:59:08","date_gmt":"2021-11-09T13:59:08","guid":{"rendered":"http:\/\/cueroamerica.info\/wpnews\/?p=18633"},"modified":"2021-11-09T13:59:26","modified_gmt":"2021-11-09T13:59:26","slug":"comunidad-europea-apuesta-a-la-formacion-profesional-en-la-industria-del-cuero-italiana","status":"publish","type":"post","link":"http:\/\/cueroamerica.info\/wpnews\/2021\/11\/comunidad-europea-apuesta-a-la-formacion-profesional-en-la-industria-del-cuero-italiana\/","title":{"rendered":"Comunidad Europea apuesta a la formaci\u00f3n profesional en la industria del cuero italiana"},"content":{"rendered":"<div id=\"attachment_18588\" style=\"width: 251px\" class=\"wp-caption alignleft\"><a href=\"http:\/\/cueroamerica.info\/wpnews\/wp-content\/uploads\/2021\/11\/000-La-region-de-Marche-presento-el-proyecto-de-un-gran-centro-de-formacion-para-el-sector-calzado-y-marroquineria.-.jpg\"><img loading=\"lazy\" decoding=\"async\" aria-describedby=\"caption-attachment-18588\" class=\" wp-image-18588\" src=\"http:\/\/cueroamerica.info\/wpnews\/wp-content\/uploads\/2021\/11\/000-La-region-de-Marche-presento-el-proyecto-de-un-gran-centro-de-formacion-para-el-sector-calzado-y-marroquineria.--300x225.jpg\" alt=\"\" width=\"241\" height=\"181\" srcset=\"http:\/\/cueroamerica.info\/wpnews\/wp-content\/uploads\/2021\/11\/000-La-region-de-Marche-presento-el-proyecto-de-un-gran-centro-de-formacion-para-el-sector-calzado-y-marroquineria.--300x225.jpg 300w, http:\/\/cueroamerica.info\/wpnews\/wp-content\/uploads\/2021\/11\/000-La-region-de-Marche-presento-el-proyecto-de-un-gran-centro-de-formacion-para-el-sector-calzado-y-marroquineria.--1024x768.jpg 1024w, http:\/\/cueroamerica.info\/wpnews\/wp-content\/uploads\/2021\/11\/000-La-region-de-Marche-presento-el-proyecto-de-un-gran-centro-de-formacion-para-el-sector-calzado-y-marroquineria.--768x576.jpg 768w, http:\/\/cueroamerica.info\/wpnews\/wp-content\/uploads\/2021\/11\/000-La-region-de-Marche-presento-el-proyecto-de-un-gran-centro-de-formacion-para-el-sector-calzado-y-marroquineria.--1536x1152.jpg 1536w, http:\/\/cueroamerica.info\/wpnews\/wp-content\/uploads\/2021\/11\/000-La-region-de-Marche-presento-el-proyecto-de-un-gran-centro-de-formacion-para-el-sector-calzado-y-marroquineria.-.jpg 1600w\" sizes=\"auto, (max-width: 241px) 100vw, 241px\" \/><\/a><p id=\"caption-attachment-18588\" class=\"wp-caption-text\">La regi\u00f3n de Marche present\u00f3 el proyecto de un gran centro de formaci\u00f3n para el sector calzado y marroquiner\u00eda.<\/p><\/div>\n<p>La regi\u00f3n italiana de Marche, un gran centro de producci\u00f3n de calzado y marroquiner\u00eda, est\u00e1n invirtiendo \u20ac 400.000 para entrenar recursos humanos en el distrito de Fermo-Macerata. Los cursos que se presentan son, entre otros, de modelado de calzado; dise\u00f1ador de marroquiner\u00eda y calzado; operador de art\u00edculos de cuero. Cada curso tiene una duraci\u00f3n de 500 horas, de las cuales el 30% se desarrollar\u00e1 en la empresa mediante pr\u00e1cticas. Los cursos est\u00e1n dirigidos tanto a ocupados como a desempleados de entre 18 y 64 a\u00f1os.<\/p>\n<p>La Regi\u00f3n de Marche da una primera respuesta a la falta de personal calificado en la cadena de suministro de accesorios. Lo hace utilizando \u20ac 400.000, recursos que aporta el Fondo Social Europeo para actividades de formaci\u00f3n para la formaci\u00f3n. Y lo hace centr\u00e1ndose en la compleja zona de crisis industrial del distrito de cuero y calzado Fermano-Maceratese. \u201cEl objetivo -explic\u00f3 el consejero regional de Trabajo y Formaci\u00f3n Profesional, Stefano Aguzzi- es fomentar la creaci\u00f3n de nuevos perfiles profesionales, fortalecer las habilidades y competencias existentes y generar nuevos puestos de trabajo\u201d.<\/p>\n<div id=\"attachment_18589\" style=\"width: 133px\" class=\"wp-caption alignright\"><a href=\"http:\/\/cueroamerica.info\/wpnews\/wp-content\/uploads\/2021\/11\/000-Stefano-Aguzzi-consejero-regional-de-Trabajo-y-Formacion-Profesional-de-la-region-Fermano-Maceratese.-.jpg\"><img loading=\"lazy\" decoding=\"async\" aria-describedby=\"caption-attachment-18589\" class=\" wp-image-18589\" src=\"http:\/\/cueroamerica.info\/wpnews\/wp-content\/uploads\/2021\/11\/000-Stefano-Aguzzi-consejero-regional-de-Trabajo-y-Formacion-Profesional-de-la-region-Fermano-Maceratese.--219x300.jpg\" alt=\"\" width=\"123\" height=\"168\" srcset=\"http:\/\/cueroamerica.info\/wpnews\/wp-content\/uploads\/2021\/11\/000-Stefano-Aguzzi-consejero-regional-de-Trabajo-y-Formacion-Profesional-de-la-region-Fermano-Maceratese.--219x300.jpg 219w, http:\/\/cueroamerica.info\/wpnews\/wp-content\/uploads\/2021\/11\/000-Stefano-Aguzzi-consejero-regional-de-Trabajo-y-Formacion-Profesional-de-la-region-Fermano-Maceratese.-.jpg 579w\" sizes=\"auto, (max-width: 123px) 100vw, 123px\" \/><\/a><p id=\"caption-attachment-18589\" class=\"wp-caption-text\">Stefano Aguzzi, consejero regional de Trabajo y Formaci\u00f3n Profesional de la regi\u00f3n Fermano-Maceratese.<\/p><\/div>\n<p>En el curso de formaci\u00f3n, el protagonismo es de las empresas. \u201cEs necesario identificar las necesidades reales de las empresas -contin\u00faa Aguzzi- y luego ubicar directamente al personal a capacitarse en la empresa. As\u00ed concebida, la formaci\u00f3n se convierte en una oportunidad para generar empleo. Creo que una empresa que forma a una persona tiene inter\u00e9s en retenerla\u201d. En las \u00faltimas semanas, muchos operadores de Marche del sector han hecho sonar la alarma sobre el cambio generacional. De hecho, consideran la iniciativa de la Regi\u00f3n como un punto de partida, no como la soluci\u00f3n para llenar todos los vac\u00edos.<br \/>\n&#8212;&#8212;&#8212;&#8212;&#8212;&#8212;&#8212;&#8212;&#8212;&#8212;&#8212;&#8212;&#8212;&#8212;&#8212;<br \/>\nLa Concer\u00eda \/ CueroAm\u00e9rica<\/p>\n<p>&#8212;&#8212;&#8212;&#8212;&#8212;&#8212;&#8212;&#8212;&#8212;&#8212;&#8212;&#8212;&#8212;&#8212;&#8212;&#8211;<br \/>\nPara comunicarse con CueroAm\u00e9rica: <span style=\"color: #3366ff;\"><a style=\"color: #3366ff;\" href=\"mailto:contacto@cueroamerica.com\">contacto@cueroamerica.com<\/a><\/span><\/p>\n<table>\n<tbody>\n<tr>\n<td width=\"300\"><a href=\"https:\/\/www.leatherfair.aplf.com\/en-us\/?utm_source=cueroamerica&amp;utm_medium=banner&amp;utm_campaign=aplf22\" target=\"_blank\" rel=\"noopener noreferrer\"><img loading=\"lazy\" decoding=\"async\" src=\"\/img\/publicidad\/2021\/aplf_dubai_marz2022.png\" width=\"300\" height=\"200\" \/><\/a><\/td>\n<td width=\"171\"><a href=\"https:\/\/exporivaschuh.it\/en\" target=\"_blank\" rel=\"noopener noreferrer\"><img loading=\"lazy\" decoding=\"async\" src=\"\/img\/publicidad\/2021\/exporivaschuh15012022.jpg\" alt=\"\" width=\"300\" height=\"200\" \/><\/a><\/td>\n<\/tr>\n<\/tbody>\n<\/table>\n","protected":false},"excerpt":{"rendered":"<p>La regi\u00f3n italiana de Marche, un gran centro de producci\u00f3n de calzado y marroquiner\u00eda, est\u00e1n invirtiendo \u20ac 400.000 para entrenar recursos humanos en el distrito de Fermo-Macerata. Los cursos que se presentan son, entre otros, de modelado de calzado; dise\u00f1ador de marroquiner\u00eda y calzado; operador de art\u00edculos de cuero. Cada curso tiene una duraci\u00f3n de [&hellip;]<\/p>\n","protected":false},"author":4,"featured_media":0,"comment_status":"closed","ping_status":"closed","sticky":false,"template":"","format":"standard","meta":{"footnotes":""},"categories":[43,63],"tags":[],"class_list":["post-18633","post","type-post","status-publish","format-standard","hentry","category-industrias","category-noticias-de-europa","count-0","even alt","author-","last"],"_links":{"self":[{"href":"http:\/\/cueroamerica.info\/wpnews\/wp-json\/wp\/v2\/posts\/18633","targetHints":{"allow":["GET"]}}],"collection":[{"href":"http:\/\/cueroamerica.info\/wpnews\/wp-json\/wp\/v2\/posts"}],"about":[{"href":"http:\/\/cueroamerica.info\/wpnews\/wp-json\/wp\/v2\/types\/post"}],"author":[{"embeddable":true,"href":"http:\/\/cueroamerica.info\/wpnews\/wp-json\/wp\/v2\/users\/4"}],"replies":[{"embeddable":true,"href":"http:\/\/cueroamerica.info\/wpnews\/wp-json\/wp\/v2\/comments?post=18633"}],"version-history":[{"count":3,"href":"http:\/\/cueroamerica.info\/wpnews\/wp-json\/wp\/v2\/posts\/18633\/revisions"}],"predecessor-version":[{"id":18636,"href":"http:\/\/cueroamerica.info\/wpnews\/wp-json\/wp\/v2\/posts\/18633\/revisions\/18636"}],"wp:attachment":[{"href":"http:\/\/cueroamerica.info\/wpnews\/wp-json\/wp\/v2\/media?parent=18633"}],"wp:term":[{"taxonomy":"category","embeddable":true,"href":"http:\/\/cueroamerica.info\/wpnews\/wp-json\/wp\/v2\/categories?post=18633"},{"taxonomy":"post_tag","embeddable":true,"href":"http:\/\/cueroamerica.info\/wpnews\/wp-json\/wp\/v2\/tags?post=18633"}],"curies":[{"name":"wp","href":"https:\/\/api.w.org\/{rel}","templated":true}]}}