{"id":18933,"date":"2021-12-16T14:32:51","date_gmt":"2021-12-16T14:32:51","guid":{"rendered":"http:\/\/cueroamerica.info\/wpnews\/?p=18933"},"modified":"2021-12-16T14:33:07","modified_gmt":"2021-12-16T14:33:07","slug":"chanel-designo-como-ceo-a-leena-nair-una-ejecutiva-ajena-al-mundo-de-la-moda","status":"publish","type":"post","link":"http:\/\/cueroamerica.info\/wpnews\/2021\/12\/chanel-designo-como-ceo-a-leena-nair-una-ejecutiva-ajena-al-mundo-de-la-moda\/","title":{"rendered":"Chanel design\u00f3 como CEO a Leena Nair, una ejecutiva ajena al mundo de la moda"},"content":{"rendered":"<div id=\"attachment_18932\" style=\"width: 251px\" class=\"wp-caption alignleft\"><a href=\"http:\/\/cueroamerica.info\/wpnews\/wp-content\/uploads\/2021\/12\/Leena-Nair-nueva-directora-ejecutiva-de-Chanel1.jpg\"><img loading=\"lazy\" decoding=\"async\" aria-describedby=\"caption-attachment-18932\" class=\" wp-image-18932\" src=\"http:\/\/cueroamerica.info\/wpnews\/wp-content\/uploads\/2021\/12\/Leena-Nair-nueva-directora-ejecutiva-de-Chanel1-300x169.jpg\" alt=\"\" width=\"241\" height=\"136\" srcset=\"http:\/\/cueroamerica.info\/wpnews\/wp-content\/uploads\/2021\/12\/Leena-Nair-nueva-directora-ejecutiva-de-Chanel1-300x169.jpg 300w, http:\/\/cueroamerica.info\/wpnews\/wp-content\/uploads\/2021\/12\/Leena-Nair-nueva-directora-ejecutiva-de-Chanel1.jpg 624w\" sizes=\"auto, (max-width: 241px) 100vw, 241px\" \/><\/a><p id=\"caption-attachment-18932\" class=\"wp-caption-text\">Leena Nair, nueva directora ejecutiva de Chanel.<\/p><\/div>\n<p>El gigante franc\u00e9s del lujo Chanel ha designado a la ejecutiva de Unilever, Leena Nair, como su nueva directora ejecutiva, con sede en Londres. Nair actualmente se desempe\u00f1a como oficial de recursos humanos global de Unilever luego de una larga carrera trabajando en los temas de diversidad e inclusi\u00f3n y relaciones laborales en ese grupo empresario.<\/p>\n<p>Por su parte, Alain Wertheimer, copropietario de la marca con su hermano Gerard, asumir\u00e1 el cargo de presidente ejecutivo global. Se ha desempe\u00f1ado como CEO desde la partida de la ejecutiva de moda estadounidense Maureen Chiquet en 2016.<\/p>\n<p>La experiencia de Nair convierte el nombramiento en una elecci\u00f3n at\u00edpica para dirigir una casa de moda. Sin embargo se produce cuando Chanel se centra en cuestiones de responsabilidad corporativa como la trazabilidad de su cadena de suministro para evitar abusos ambientales y laborales.<\/p>\n<p><a href=\"http:\/\/cueroamerica.info\/wpnews\/wp-content\/uploads\/2021\/12\/Cartera-_2-.jpg\"><img loading=\"lazy\" decoding=\"async\" class=\" wp-image-18930 alignright\" src=\"http:\/\/cueroamerica.info\/wpnews\/wp-content\/uploads\/2021\/12\/Cartera-_2--300x279.jpg\" alt=\"\" width=\"238\" height=\"221\" srcset=\"http:\/\/cueroamerica.info\/wpnews\/wp-content\/uploads\/2021\/12\/Cartera-_2--300x279.jpg 300w, http:\/\/cueroamerica.info\/wpnews\/wp-content\/uploads\/2021\/12\/Cartera-_2-.jpg 450w\" sizes=\"auto, (max-width: 238px) 100vw, 238px\" \/><\/a>Adem\u00e1s, la marca est\u00e1 trabajando para controlar su cadena de suministro de manera m\u00e1s estricta, comprando siete fabricantes, incluida una f\u00e1brica de prendas de punto, una curtidur\u00eda y un fabricante de hilos en los \u00faltimos dos a\u00f1os.<\/p>\n<p>Adem\u00e1s, estas medidas siguen a varios cambios en la estructura de gobierno y financiera de la marca. Si bien el centro creativo de la marca permanece en Par\u00eds, donde se fund\u00f3 hace m\u00e1s de un siglo, la compa\u00f1\u00eda reagrup\u00f3 las operaciones financieras y legales en Londres en 2018.<\/p>\n<p>La casa de moda y belleza de propiedad cerrada tambi\u00e9n inform\u00f3 resultados financieros consolidados por primera vez ese a\u00f1o, revelando una marca que era incluso m\u00e1s grande en algunas medidas que Louis Vuitton, que durante mucho tiempo hab\u00eda sido considerada el nombre de lujo m\u00e1s grande. (Si bien los ingresos de Chanel son m\u00e1s bajos que las estimaciones para Vuitton, los analistas creen que su volumen de negocios general es mayor debido a los m\u00e1rgenes de los mayoristas en sus populares perfumes y maquillajes).<\/p>\n<p>Chanel sufri\u00f3 un duro golpe por la pandemia, que hizo que los ingresos anuales cayeran un 18% a US$ 10.100 millones el a\u00f1o pasado, ya que el colapso de la venta minorista de viajes castig\u00f3 a su divisi\u00f3n de belleza y su decisi\u00f3n de no vender moda y accesorios en l\u00ednea da\u00f1\u00f3 las ventas. Pero en la primera mitad de este a\u00f1o, la marca se recuper\u00f3, aumentando los ingresos en dos d\u00edgitos con respecto a los niveles de 2019.<\/p>\n<p><a href=\"http:\/\/cueroamerica.info\/wpnews\/wp-content\/uploads\/2021\/12\/Chanel_--e1639665133192.jpg\"><img loading=\"lazy\" decoding=\"async\" class=\"alignleft wp-image-18931 \" src=\"http:\/\/cueroamerica.info\/wpnews\/wp-content\/uploads\/2021\/12\/Chanel_--e1639665133192-202x300.jpg\" alt=\"\" width=\"155\" height=\"230\" srcset=\"http:\/\/cueroamerica.info\/wpnews\/wp-content\/uploads\/2021\/12\/Chanel_--e1639665133192-202x300.jpg 202w, http:\/\/cueroamerica.info\/wpnews\/wp-content\/uploads\/2021\/12\/Chanel_--e1639665133192.jpg 467w\" sizes=\"auto, (max-width: 155px) 100vw, 155px\" \/><\/a>Si bien Chanel ha negado repetidamente que est\u00e9 abriendo sus libros para allanar el camino hacia una futura venta o salida a bolsa, la elecci\u00f3n de Nair, un veterano de 30 a\u00f1os de la compa\u00f1\u00eda de bienes de consumo que cotiza en bolsa, Unilever, puede hacer poco para frenar las especulaciones de un acuerdo. En los trabajos.<\/p>\n<p>Nair actualmente se desempe\u00f1a como oficial de recursos humanos global de Unilever luego de una larga carrera trabajando en diversidad e inclusi\u00f3n, relaciones laborales en el grupo.<\/p>\n<p>Su experiencia la convierte en una elecci\u00f3n at\u00edpica para dirigir una casa de moda. Veteranos de bienes de consumo como el ex alumno de Henkel Pietro Beccari y Patrice Louvet de Proctor &amp; Gamble ascendieron a los puestos m\u00e1s altos en Dior y Ralph Lauren, respectivamente, en los \u00faltimos a\u00f1os. Pero los ejecutivos normalmente proceden de una carrera en marketing o finanzas.<\/p>\n<p>El nombramiento de Nair se produce cuando Chanel se centra en cuestiones de responsabilidad corporativa como la trazabilidad de su cadena de suministro para evitar abusos ambientales y laborales.<\/p>\n<p>La marca est\u00e1 trabajando para controlar su cadena de suministro de manera m\u00e1s estricta, comprando siete fabricantes, incluida una f\u00e1brica de prendas de punto, una curtidur\u00eda y un fabricante de hilos en los \u00faltimos dos a\u00f1os.<br \/>\n&#8212;&#8212;&#8212;&#8212;&#8212;&#8212;&#8212;&#8212;&#8212;&#8212;&#8212;&#8212;&#8212;&#8212;&#8212;&#8212;&#8212;<br \/>\nFashion Network \/ CueroAm\u00e9rica<\/p>\n<p>&#8212;&#8212;&#8212;&#8212;&#8212;&#8212;&#8212;&#8212;&#8212;&#8212;&#8212;&#8212;&#8212;&#8212;&#8212;&#8211;<br \/>\nPara comunicarse con CueroAm\u00e9rica: <span style=\"color: #3366ff;\"><a style=\"color: #3366ff;\" href=\"mailto:contacto@cueroamerica.com\">contacto@cueroamerica.com<\/a><\/span><\/p>\n<table>\n<tbody>\n<tr>\n<td width=\"300\">\n<div align=\"center\">\n<div align=\"center\"><img loading=\"lazy\" decoding=\"async\" src=\"\/img\/publicidad\/2021\/APLF22-marabr_dubai_FA_banner_300X200.gif\" alt=\"\" width=\"300\" height=\"200\" \/><\/div>\n<\/div>\n<\/td>\n<td width=\"171\">\n<div align=\"center\"><a href=\"https:\/\/www.leatherfair.aplf.com\/en-us\/?utm_source=cueroamerica&amp;utm_medium=banner&amp;utm_campaign=aplf22\" target=\"_blank\" rel=\"noopener noreferrer\"><img loading=\"lazy\" decoding=\"async\" src=\"\/img\/publicidad\/2021\/aplf_dubai_marz2022.png\" width=\"300\" height=\"200\" \/><\/a><\/div>\n<\/td>\n<\/tr>\n<\/tbody>\n<\/table>\n","protected":false},"excerpt":{"rendered":"<p>El gigante franc\u00e9s del lujo Chanel ha designado a la ejecutiva de Unilever, Leena Nair, como su nueva directora ejecutiva, con sede en Londres. Nair actualmente se desempe\u00f1a como oficial de recursos humanos global de Unilever luego de una larga carrera trabajando en los temas de diversidad e inclusi\u00f3n y relaciones laborales en ese grupo [&hellip;]<\/p>\n","protected":false},"author":4,"featured_media":0,"comment_status":"closed","ping_status":"closed","sticky":false,"template":"","format":"standard","meta":{"footnotes":""},"categories":[8],"tags":[],"class_list":["post-18933","post","type-post","status-publish","format-standard","hentry","category-empresas-y-negocios","count-0","even alt","author-","last"],"_links":{"self":[{"href":"http:\/\/cueroamerica.info\/wpnews\/wp-json\/wp\/v2\/posts\/18933","targetHints":{"allow":["GET"]}}],"collection":[{"href":"http:\/\/cueroamerica.info\/wpnews\/wp-json\/wp\/v2\/posts"}],"about":[{"href":"http:\/\/cueroamerica.info\/wpnews\/wp-json\/wp\/v2\/types\/post"}],"author":[{"embeddable":true,"href":"http:\/\/cueroamerica.info\/wpnews\/wp-json\/wp\/v2\/users\/4"}],"replies":[{"embeddable":true,"href":"http:\/\/cueroamerica.info\/wpnews\/wp-json\/wp\/v2\/comments?post=18933"}],"version-history":[{"count":2,"href":"http:\/\/cueroamerica.info\/wpnews\/wp-json\/wp\/v2\/posts\/18933\/revisions"}],"predecessor-version":[{"id":18935,"href":"http:\/\/cueroamerica.info\/wpnews\/wp-json\/wp\/v2\/posts\/18933\/revisions\/18935"}],"wp:attachment":[{"href":"http:\/\/cueroamerica.info\/wpnews\/wp-json\/wp\/v2\/media?parent=18933"}],"wp:term":[{"taxonomy":"category","embeddable":true,"href":"http:\/\/cueroamerica.info\/wpnews\/wp-json\/wp\/v2\/categories?post=18933"},{"taxonomy":"post_tag","embeddable":true,"href":"http:\/\/cueroamerica.info\/wpnews\/wp-json\/wp\/v2\/tags?post=18933"}],"curies":[{"name":"wp","href":"https:\/\/api.w.org\/{rel}","templated":true}]}}