{"id":19052,"date":"2022-01-11T13:34:22","date_gmt":"2022-01-11T13:34:22","guid":{"rendered":"http:\/\/cueroamerica.info\/wpnews\/?p=19052"},"modified":"2022-01-11T13:34:22","modified_gmt":"2022-01-11T13:34:22","slug":"el-sector-de-cuero-y-calzado-de-mexico-tuvo-un-aumento-del-56-en-exportaciones","status":"publish","type":"post","link":"http:\/\/cueroamerica.info\/wpnews\/2022\/01\/el-sector-de-cuero-y-calzado-de-mexico-tuvo-un-aumento-del-56-en-exportaciones\/","title":{"rendered":"El sector de cuero y calzado de M\u00e9xico tuvo un aumento del 56% en exportaciones"},"content":{"rendered":"<div id=\"attachment_19030\" style=\"width: 255px\" class=\"wp-caption alignleft\"><a href=\"http:\/\/cueroamerica.info\/wpnews\/wp-content\/uploads\/2022\/01\/Fabrica-de-calzado-en-Mexico-_7.jpg\"><img loading=\"lazy\" decoding=\"async\" aria-describedby=\"caption-attachment-19030\" class=\" wp-image-19030\" src=\"http:\/\/cueroamerica.info\/wpnews\/wp-content\/uploads\/2022\/01\/Fabrica-de-calzado-en-Mexico-_7.jpg\" alt=\"\" width=\"245\" height=\"204\" \/><\/a><p id=\"caption-attachment-19030\" class=\"wp-caption-text\">F\u00e1brica de calzado en M\u00e9xico.<\/p><\/div>\n<p>La C\u00e1mara de la Industria del Calzado del Estado de Guanajuato anunci\u00f3 que las exportaciones de calzado mexicano en los primeros 10 meses del a\u00f1o registraron un aumento del 56.75% con respecto al a\u00f1o pasado y un 28.38% con respecto al 2019, a\u00f1o previo a la pandemia.<\/p>\n<p>En lo que respecta a las ventas a Estados Unidos, su principal cliente, se registr\u00f3 un incremento del 27.25% en relaci\u00f3n a 2019 y un aumento de 4 millones en cantidad de zapatos vendidos. El 85% de las exportaciones de calzado mexicano tienen como destino ese pa\u00eds seguido de lejos por El Salvador y Guatemala con un modesto 3% cada uno.<\/p>\n<p>A pesar de esta situaci\u00f3n favorable, la industria arrastra todav\u00eda una p\u00e9rdida de ocho mil empleos formales desde que comenz\u00f3 la pandemia. Actualmente, est\u00e1 un 16% por debajo del nivel pre pand\u00e9mico.<\/p>\n<p><a href=\"http:\/\/cueroamerica.info\/wpnews\/wp-content\/uploads\/2022\/01\/Fabrica-de-calzado-en-Mexico-_6.jpg\"><img loading=\"lazy\" decoding=\"async\" class=\" wp-image-19029 alignright\" src=\"http:\/\/cueroamerica.info\/wpnews\/wp-content\/uploads\/2022\/01\/Fabrica-de-calzado-en-Mexico-_6-300x221.jpg\" alt=\"\" width=\"238\" height=\"175\" srcset=\"http:\/\/cueroamerica.info\/wpnews\/wp-content\/uploads\/2022\/01\/Fabrica-de-calzado-en-Mexico-_6-300x221.jpg 300w, http:\/\/cueroamerica.info\/wpnews\/wp-content\/uploads\/2022\/01\/Fabrica-de-calzado-en-Mexico-_6.jpg 400w\" sizes=\"auto, (max-width: 238px) 100vw, 238px\" \/><\/a>En relaci\u00f3n al mercado local, el presidente de la C\u00e1mara de la Industria del Calzado, Javier Padilla, declar\u00f3 que \u201cel calzado asi\u00e1tico contin\u00faa ganando espacios en el mercado mexicano, desplazando a los peque\u00f1os y medianos productores de calzado econ\u00f3mico para el consumo dom\u00e9stico\u201d.<br \/>\n&#8212;&#8212;&#8212;&#8212;&#8212;&#8212;&#8212;&#8212;&#8212;&#8212;&#8212;&#8212;<br \/>\nHeraldo \/ Cuero Am\u00e9rica<\/p>\n<p>&#8212;&#8212;&#8212;&#8212;&#8212;&#8212;&#8212;&#8212;&#8212;&#8212;&#8212;&#8212;&#8212;&#8212;&#8212;&#8211;<br \/>\nPara comunicarse con CueroAm\u00e9rica: <span style=\"color: #3366ff;\"><a style=\"color: #3366ff;\" href=\"mailto:contacto@cueroamerica.com\">contacto@cueroamerica.com<\/a><\/span><\/p>\n<table>\n<tbody>\n<tr>\n<td width=\"300\">\n<div align=\"center\"><a href=\"https:\/\/www.smitzoon.com\/en\/\" target=\"_blank\" rel=\"noopener\"><img loading=\"lazy\" decoding=\"async\" src=\"\/img\/publicidad\/21-06__smitzoon.gif\" alt=\"\" width=\"300\" height=\"200\" border=\"0\" \/><\/a><\/div>\n<\/td>\n<td width=\"171\">\n<div align=\"center\"><a href=\"https:\/\/exporivaschuh.it\/en\" target=\"_blank\" rel=\"noopener\"><img loading=\"lazy\" decoding=\"async\" src=\"\/img\/publicidad\/2021\/exporivaschuh15012022.jpg\" alt=\"\" width=\"300\" height=\"200\" \/><\/a><\/div>\n<\/td>\n<\/tr>\n<\/tbody>\n<\/table>\n","protected":false},"excerpt":{"rendered":"<p>La C\u00e1mara de la Industria del Calzado del Estado de Guanajuato anunci\u00f3 que las exportaciones de calzado mexicano en los primeros 10 meses del a\u00f1o registraron un aumento del 56.75% con respecto al a\u00f1o pasado y un 28.38% con respecto al 2019, a\u00f1o previo a la pandemia. En lo que respecta a las ventas a [&hellip;]<\/p>\n","protected":false},"author":4,"featured_media":0,"comment_status":"closed","ping_status":"closed","sticky":false,"template":"","format":"standard","meta":{"footnotes":""},"categories":[43,61],"tags":[],"class_list":["post-19052","post","type-post","status-publish","format-standard","hentry","category-industrias","category-noticias-de-america-latina","count-0","even alt","author-","last"],"_links":{"self":[{"href":"http:\/\/cueroamerica.info\/wpnews\/wp-json\/wp\/v2\/posts\/19052","targetHints":{"allow":["GET"]}}],"collection":[{"href":"http:\/\/cueroamerica.info\/wpnews\/wp-json\/wp\/v2\/posts"}],"about":[{"href":"http:\/\/cueroamerica.info\/wpnews\/wp-json\/wp\/v2\/types\/post"}],"author":[{"embeddable":true,"href":"http:\/\/cueroamerica.info\/wpnews\/wp-json\/wp\/v2\/users\/4"}],"replies":[{"embeddable":true,"href":"http:\/\/cueroamerica.info\/wpnews\/wp-json\/wp\/v2\/comments?post=19052"}],"version-history":[{"count":4,"href":"http:\/\/cueroamerica.info\/wpnews\/wp-json\/wp\/v2\/posts\/19052\/revisions"}],"predecessor-version":[{"id":19056,"href":"http:\/\/cueroamerica.info\/wpnews\/wp-json\/wp\/v2\/posts\/19052\/revisions\/19056"}],"wp:attachment":[{"href":"http:\/\/cueroamerica.info\/wpnews\/wp-json\/wp\/v2\/media?parent=19052"}],"wp:term":[{"taxonomy":"category","embeddable":true,"href":"http:\/\/cueroamerica.info\/wpnews\/wp-json\/wp\/v2\/categories?post=19052"},{"taxonomy":"post_tag","embeddable":true,"href":"http:\/\/cueroamerica.info\/wpnews\/wp-json\/wp\/v2\/tags?post=19052"}],"curies":[{"name":"wp","href":"https:\/\/api.w.org\/{rel}","templated":true}]}}