{"id":19057,"date":"2022-01-11T13:40:14","date_gmt":"2022-01-11T13:40:14","guid":{"rendered":"http:\/\/cueroamerica.info\/wpnews\/?p=19057"},"modified":"2022-01-11T13:40:14","modified_gmt":"2022-01-11T13:40:14","slug":"sapica-realizara-una-nueva-edicion-de-su-feria-del-8-al-10-de-marzo-de-modo-presencial","status":"publish","type":"post","link":"http:\/\/cueroamerica.info\/wpnews\/2022\/01\/sapica-realizara-una-nueva-edicion-de-su-feria-del-8-al-10-de-marzo-de-modo-presencial\/","title":{"rendered":"SAPICA realizar\u00e1 una nueva edici\u00f3n de su feria del 8 al 10 de marzo de modo presencial"},"content":{"rendered":"<p>CICEG, la C\u00e1mara de la Industria del Calzado del Estado de Guanajuato, M\u00e9xico, confirm\u00f3 la realizaci\u00f3n de SAPICA, el Sal\u00f3n del calzado y la marroquiner\u00eda m\u00e1s importante del pa\u00eds. La exposici\u00f3n tendr\u00e1 lugar del 8 al 10 de marzo en el predio Poliforum Le\u00f3n.<\/p>\n<table>\n<tbody>\n<tr>\n<td><a href=\"http:\/\/cueroamerica.info\/wpnews\/wp-content\/uploads\/2022\/01\/SAPICA-2021-_10-.jpg\"><img loading=\"lazy\" decoding=\"async\" class=\"size-medium wp-image-19034 aligncenter\" src=\"http:\/\/cueroamerica.info\/wpnews\/wp-content\/uploads\/2022\/01\/SAPICA-2021-_10--300x155.jpg\" alt=\"\" width=\"300\" height=\"155\" srcset=\"http:\/\/cueroamerica.info\/wpnews\/wp-content\/uploads\/2022\/01\/SAPICA-2021-_10--300x155.jpg 300w, http:\/\/cueroamerica.info\/wpnews\/wp-content\/uploads\/2022\/01\/SAPICA-2021-_10--768x397.jpg 768w, http:\/\/cueroamerica.info\/wpnews\/wp-content\/uploads\/2022\/01\/SAPICA-2021-_10-.jpg 900w\" sizes=\"auto, (max-width: 300px) 100vw, 300px\" \/><\/a><\/td>\n<td><a href=\"http:\/\/cueroamerica.info\/wpnews\/wp-content\/uploads\/2022\/01\/SAPICA-2021-.jpg\"><img decoding=\"async\" class=\"size-full wp-image-19032 aligncenter\" src=\"http:\/\/cueroamerica.info\/wpnews\/wp-content\/uploads\/2022\/01\/SAPICA-2021-.jpg\" alt=\"\" width=\"auto\" height=\"155\" srcset=\"http:\/\/cueroamerica.info\/wpnews\/wp-content\/uploads\/2022\/01\/SAPICA-2021-.jpg 225w, http:\/\/cueroamerica.info\/wpnews\/wp-content\/uploads\/2022\/01\/SAPICA-2021--150x150.jpg 150w, http:\/\/cueroamerica.info\/wpnews\/wp-content\/uploads\/2022\/01\/SAPICA-2021--90x90.jpg 90w\" sizes=\"(max-width: 225px) 100vw, 225px\" \/><\/a><\/td>\n<\/tr>\n<\/tbody>\n<\/table>\n<p>La organizaci\u00f3n estima que esta nueva edici\u00f3n contar\u00e1 con unos 350 expositores y 2.500 compradores \u00fanicos. Entre las actividades paralelas programadas se encuentra el Pabell\u00f3n del Conocimiento donde se brindar\u00e1n cinco conferencias sobre marketing digital, ecommerce, moda, negocios e inspiraci\u00f3n.<\/p>\n<p>Para fortalecer las ventas al exterior habr\u00e1 un Centro de Negocios \u201cShoes From Mexico\u201d que atender\u00e1 las necesidades de compradores internacionales y los conectar\u00e1 con el fabricante ideal para las necesidades del comprador. Recordemos que las exportaciones de calzado mexicano en los primeros 10 meses del a\u00f1o pasado registraron un aumento del 56.75% con respecto al 2020 y un 28.38% comparado con 2019, a\u00f1o previo a la pandemia.<\/p>\n<table>\n<tbody>\n<tr>\n<td><a href=\"http:\/\/cueroamerica.info\/wpnews\/wp-content\/uploads\/2022\/01\/SAPICA-2021-_5-.jpg\"><img decoding=\"async\" class=\"size-medium wp-image-19033 aligncenter\" src=\"http:\/\/cueroamerica.info\/wpnews\/wp-content\/uploads\/2022\/01\/SAPICA-2021-_5--300x200.jpg\" alt=\"\" width=\"auto\" height=\"149\" srcset=\"http:\/\/cueroamerica.info\/wpnews\/wp-content\/uploads\/2022\/01\/SAPICA-2021-_5--300x200.jpg 300w, http:\/\/cueroamerica.info\/wpnews\/wp-content\/uploads\/2022\/01\/SAPICA-2021-_5--768x512.jpg 768w, http:\/\/cueroamerica.info\/wpnews\/wp-content\/uploads\/2022\/01\/SAPICA-2021-_5-.jpg 900w\" sizes=\"(max-width: 300px) 100vw, 300px\" \/><\/a><\/td>\n<td><a href=\"http:\/\/cueroamerica.info\/wpnews\/wp-content\/uploads\/2022\/01\/Stand-de-Lobo-Solo_Sapica-marzo-2021-.jpg\"><img loading=\"lazy\" decoding=\"async\" class=\"size-medium wp-image-19035 aligncenter\" src=\"http:\/\/cueroamerica.info\/wpnews\/wp-content\/uploads\/2022\/01\/Stand-de-Lobo-Solo_Sapica-marzo-2021--300x149.jpg\" alt=\"\" width=\"300\" height=\"149\" srcset=\"http:\/\/cueroamerica.info\/wpnews\/wp-content\/uploads\/2022\/01\/Stand-de-Lobo-Solo_Sapica-marzo-2021--300x149.jpg 300w, http:\/\/cueroamerica.info\/wpnews\/wp-content\/uploads\/2022\/01\/Stand-de-Lobo-Solo_Sapica-marzo-2021--768x380.jpg 768w, http:\/\/cueroamerica.info\/wpnews\/wp-content\/uploads\/2022\/01\/Stand-de-Lobo-Solo_Sapica-marzo-2021-.jpg 1024w\" sizes=\"auto, (max-width: 300px) 100vw, 300px\" \/><\/a><\/td>\n<\/tr>\n<\/tbody>\n<\/table>\n<p>Tambi\u00e9n se entregar\u00e1n reconocimientos a los trabajadores de amplia trayectoria en la industria del calzado y la marroquiner\u00eda. Por otra parte, todos los visitantes podr\u00e1n asistir a los desfiles de moda y al c\u00f3ctel que ofrecer\u00e1 la organizaci\u00f3n del evento.<br \/>\n&#8212;&#8212;&#8212;&#8212;&#8212;&#8212;&#8212;&#8212;&#8212;&#8212;&#8212;&#8211;<br \/>\nCICEG \/ CueroAm\u00e9rica<\/p>\n<p>&#8212;&#8212;&#8212;&#8212;&#8212;&#8212;&#8212;&#8212;&#8212;&#8212;&#8212;&#8212;&#8212;&#8212;&#8212;&#8211;<br \/>\nPara comunicarse con CueroAm\u00e9rica: <span style=\"color: #3366ff;\"><a style=\"color: #3366ff;\" href=\"mailto:contacto@cueroamerica.com\">contacto@cueroamerica.com<\/a><\/span><\/p>\n<table>\n<tbody>\n<tr>\n<td width=\"300\">\n<div align=\"center\"><a href=\"https:\/\/www.leatherfair.aplf.com\/en-us\/?utm_source=cueroamerica&amp;utm_medium=banner&amp;utm_campaign=aplf22\" target=\"_blank\" rel=\"noopener\"><img loading=\"lazy\" decoding=\"async\" src=\"\/img\/publicidad\/2021\/mat-plus_dubai_marz2022.png\" alt=\"\" width=\"300\" height=\"200\" \/><\/a><\/div>\n<\/td>\n<td width=\"171\">\n<div align=\"center\"><a href=\"http:\/\/www.algoselanflandria.com.ar\/\" target=\"_blank\" rel=\"noopener noreferrer\"><img loading=\"lazy\" decoding=\"async\" src=\"http:\/\/comunidadtextil.com\/publicidad\/af-2020-300x200px.gif\" alt=\"\" width=\"300\" height=\"200\" border=\"0\" \/><\/a><\/div>\n<\/td>\n<\/tr>\n<\/tbody>\n<\/table>\n","protected":false},"excerpt":{"rendered":"<p>CICEG, la C\u00e1mara de la Industria del Calzado del Estado de Guanajuato, M\u00e9xico, confirm\u00f3 la realizaci\u00f3n de SAPICA, el Sal\u00f3n del calzado y la marroquiner\u00eda m\u00e1s importante del pa\u00eds. La exposici\u00f3n tendr\u00e1 lugar del 8 al 10 de marzo en el predio Poliforum Le\u00f3n. La organizaci\u00f3n estima que esta nueva edici\u00f3n contar\u00e1 con unos 350 [&hellip;]<\/p>\n","protected":false},"author":4,"featured_media":0,"comment_status":"closed","ping_status":"closed","sticky":false,"template":"","format":"standard","meta":{"footnotes":""},"categories":[65,60],"tags":[],"class_list":["post-19057","post","type-post","status-publish","format-standard","hentry","category-ferias-proximas","category-ferias","count-0","even alt","author-","last"],"_links":{"self":[{"href":"http:\/\/cueroamerica.info\/wpnews\/wp-json\/wp\/v2\/posts\/19057","targetHints":{"allow":["GET"]}}],"collection":[{"href":"http:\/\/cueroamerica.info\/wpnews\/wp-json\/wp\/v2\/posts"}],"about":[{"href":"http:\/\/cueroamerica.info\/wpnews\/wp-json\/wp\/v2\/types\/post"}],"author":[{"embeddable":true,"href":"http:\/\/cueroamerica.info\/wpnews\/wp-json\/wp\/v2\/users\/4"}],"replies":[{"embeddable":true,"href":"http:\/\/cueroamerica.info\/wpnews\/wp-json\/wp\/v2\/comments?post=19057"}],"version-history":[{"count":5,"href":"http:\/\/cueroamerica.info\/wpnews\/wp-json\/wp\/v2\/posts\/19057\/revisions"}],"predecessor-version":[{"id":19062,"href":"http:\/\/cueroamerica.info\/wpnews\/wp-json\/wp\/v2\/posts\/19057\/revisions\/19062"}],"wp:attachment":[{"href":"http:\/\/cueroamerica.info\/wpnews\/wp-json\/wp\/v2\/media?parent=19057"}],"wp:term":[{"taxonomy":"category","embeddable":true,"href":"http:\/\/cueroamerica.info\/wpnews\/wp-json\/wp\/v2\/categories?post=19057"},{"taxonomy":"post_tag","embeddable":true,"href":"http:\/\/cueroamerica.info\/wpnews\/wp-json\/wp\/v2\/tags?post=19057"}],"curies":[{"name":"wp","href":"https:\/\/api.w.org\/{rel}","templated":true}]}}