{"id":19072,"date":"2022-01-11T13:57:16","date_gmt":"2022-01-11T13:57:16","guid":{"rendered":"http:\/\/cueroamerica.info\/wpnews\/?p=19072"},"modified":"2022-01-11T16:15:46","modified_gmt":"2022-01-11T16:15:46","slug":"el-calzado-italiano-marco-una-recuperacion-del-20-en-los-primeros-nueve-meses-del-2021","status":"publish","type":"post","link":"http:\/\/cueroamerica.info\/wpnews\/2022\/01\/el-calzado-italiano-marco-una-recuperacion-del-20-en-los-primeros-nueve-meses-del-2021\/","title":{"rendered":"El calzado italiano marc\u00f3 una recuperaci\u00f3n del 20% en los primeros nueve meses del 2021"},"content":{"rendered":"<div id=\"attachment_19041\" style=\"width: 186px\" class=\"wp-caption alignleft\"><a href=\"http:\/\/cueroamerica.info\/wpnews\/wp-content\/uploads\/2022\/01\/Fabrica-de-Italia-.jpg\"><img loading=\"lazy\" decoding=\"async\" aria-describedby=\"caption-attachment-19041\" class=\" wp-image-19041\" src=\"http:\/\/cueroamerica.info\/wpnews\/wp-content\/uploads\/2022\/01\/Fabrica-de-Italia--264x300.jpg\" alt=\"\" width=\"176\" height=\"200\" srcset=\"http:\/\/cueroamerica.info\/wpnews\/wp-content\/uploads\/2022\/01\/Fabrica-de-Italia--264x300.jpg 264w, http:\/\/cueroamerica.info\/wpnews\/wp-content\/uploads\/2022\/01\/Fabrica-de-Italia-.jpg 334w\" sizes=\"auto, (max-width: 176px) 100vw, 176px\" \/><\/a><p id=\"caption-attachment-19041\" class=\"wp-caption-text\">F\u00e1brica de calzado en Italia.<\/p><\/div>\n<p>El Centro Studi de Confindustria Moda para Asus Calzaturifici inform\u00f3 que la recuperaci\u00f3n del sector calzado fue del 19.5% entre enero y septiembre del a\u00f1o pasado. A pesar de este repunte, solo un tercio de las empresas superaron o igualaron sus niveles de facturaci\u00f3n en comparaci\u00f3n con el mismo periodo de 2019.<\/p>\n<p>En base a estos datos, el organismo estima que el 2021 cerrar\u00eda con un aumento del 16% con respecto al a\u00f1o anterior pero que registrar\u00e1 una ca\u00edda entre el 10 y 15% comparado con 2019, a\u00f1o anterior a la pandemia.<\/p>\n<p>Siro Badon, presidente de Asus Calzaturifici, declar\u00f3 que \u201c\u00bbAunque registramos recuperaciones de dos d\u00edgitos en las principales variables econ\u00f3micas, todav\u00eda tenemos que cerrar la brecha con la situaci\u00f3n pre-Covid\u00bb. \u201cLos mejores resultados provienen de las exportaciones, impulsadas por las marcas de lujo internacionales que ya est\u00e1n cercanas a los niveles pre pand\u00e9micos de 2019\u201d agreg\u00f3.<\/p>\n<p><a href=\"http:\/\/cueroamerica.info\/wpnews\/wp-content\/uploads\/2022\/01\/industria-italiana_3-.jpg\"><img loading=\"lazy\" decoding=\"async\" class=\" wp-image-19042 alignright\" src=\"http:\/\/cueroamerica.info\/wpnews\/wp-content\/uploads\/2022\/01\/industria-italiana_3--300x140.jpg\" alt=\"\" width=\"244\" height=\"114\" srcset=\"http:\/\/cueroamerica.info\/wpnews\/wp-content\/uploads\/2022\/01\/industria-italiana_3--300x140.jpg 300w, http:\/\/cueroamerica.info\/wpnews\/wp-content\/uploads\/2022\/01\/industria-italiana_3--1024x478.jpg 1024w, http:\/\/cueroamerica.info\/wpnews\/wp-content\/uploads\/2022\/01\/industria-italiana_3--768x358.jpg 768w, http:\/\/cueroamerica.info\/wpnews\/wp-content\/uploads\/2022\/01\/industria-italiana_3-.jpg 1500w\" sizes=\"auto, (max-width: 244px) 100vw, 244px\" \/><\/a>Esta recuperaci\u00f3n se observa tambi\u00e9n en otros mercados europeos como Francia y Suiza que registraron un crecimiento similar en sus exportaciones durante el mismo periodo.<\/p>\n<p>Con respecto al mercado interno, tambi\u00e9n se ha visto una mejora de alrededor del 10% aunque se mantiene un 15% por debajo de los registros del a\u00f1o 2019.<br \/>\n&#8212;&#8212;&#8212;&#8212;&#8212;&#8212;&#8212;&#8212;&#8212;&#8212;&#8212;&#8212;&#8212;&#8212;&#8212;&#8211;<br \/>\nLeatherInsiders \/ Cuero Am\u00e9rica<\/p>\n<p>&#8212;&#8212;&#8212;&#8212;&#8212;&#8212;&#8212;&#8212;&#8212;&#8212;&#8212;&#8212;&#8212;&#8212;&#8212;&#8211;<br \/>\nPara comunicarse con CueroAm\u00e9rica: <span style=\"color: #3366ff;\"><a style=\"color: #3366ff;\" href=\"mailto:contacto@cueroamerica.com\">contacto@cueroamerica.com<\/a><\/span><\/p>\n<table>\n<tbody>\n<tr>\n<td width=\"300\">\n<div align=\"center\"><a href=\"https:\/\/www.inspiramais.com.br\/\" target=\"_blank\" rel=\"noopener\"><img loading=\"lazy\" decoding=\"async\" src=\"\/img\/publicidad\/2021\/inspiramais2022_vca.png\" alt=\"\" width=\"300\" height=\"200\" \/><\/a><\/div>\n<\/td>\n<td width=\"171\">\n<div align=\"center\"><a href=\"https:\/\/epson.com.ar\/Para-el-trabajo\/Impresoras\/Gran-Formato\/Impresora-Epson-SureColor-F10070\/p\/C11CF84202\" target=\"_blank\" rel=\"noopener\"><img loading=\"lazy\" decoding=\"async\" src=\"http:\/\/comunidadtextil.com\/publicidad\/epson\/2021\/21-11-banner-F10070H-300x200.jpg\" alt=\"\" width=\"300\" height=\"200\" border=\"0\" \/><\/a><\/div>\n<\/td>\n<\/tr>\n<\/tbody>\n<\/table>\n","protected":false},"excerpt":{"rendered":"<p>El Centro Studi de Confindustria Moda para Asus Calzaturifici inform\u00f3 que la recuperaci\u00f3n del sector calzado fue del 19.5% entre enero y septiembre del a\u00f1o pasado. A pesar de este repunte, solo un tercio de las empresas superaron o igualaron sus niveles de facturaci\u00f3n en comparaci\u00f3n con el mismo periodo de 2019. En base a [&hellip;]<\/p>\n","protected":false},"author":4,"featured_media":0,"comment_status":"closed","ping_status":"closed","sticky":false,"template":"","format":"standard","meta":{"footnotes":""},"categories":[43],"tags":[],"class_list":["post-19072","post","type-post","status-publish","format-standard","hentry","category-industrias","count-0","even alt","author-","last"],"_links":{"self":[{"href":"http:\/\/cueroamerica.info\/wpnews\/wp-json\/wp\/v2\/posts\/19072","targetHints":{"allow":["GET"]}}],"collection":[{"href":"http:\/\/cueroamerica.info\/wpnews\/wp-json\/wp\/v2\/posts"}],"about":[{"href":"http:\/\/cueroamerica.info\/wpnews\/wp-json\/wp\/v2\/types\/post"}],"author":[{"embeddable":true,"href":"http:\/\/cueroamerica.info\/wpnews\/wp-json\/wp\/v2\/users\/4"}],"replies":[{"embeddable":true,"href":"http:\/\/cueroamerica.info\/wpnews\/wp-json\/wp\/v2\/comments?post=19072"}],"version-history":[{"count":3,"href":"http:\/\/cueroamerica.info\/wpnews\/wp-json\/wp\/v2\/posts\/19072\/revisions"}],"predecessor-version":[{"id":19078,"href":"http:\/\/cueroamerica.info\/wpnews\/wp-json\/wp\/v2\/posts\/19072\/revisions\/19078"}],"wp:attachment":[{"href":"http:\/\/cueroamerica.info\/wpnews\/wp-json\/wp\/v2\/media?parent=19072"}],"wp:term":[{"taxonomy":"category","embeddable":true,"href":"http:\/\/cueroamerica.info\/wpnews\/wp-json\/wp\/v2\/categories?post=19072"},{"taxonomy":"post_tag","embeddable":true,"href":"http:\/\/cueroamerica.info\/wpnews\/wp-json\/wp\/v2\/tags?post=19072"}],"curies":[{"name":"wp","href":"https:\/\/api.w.org\/{rel}","templated":true}]}}