{"id":19116,"date":"2022-01-18T13:29:46","date_gmt":"2022-01-18T13:29:46","guid":{"rendered":"http:\/\/cueroamerica.info\/wpnews\/?p=19116"},"modified":"2022-01-18T16:15:18","modified_gmt":"2022-01-18T16:15:18","slug":"con-gran-expectativa-regreso-efica-en-version-presencial-luego-de-dos-anos-de-ausencia","status":"publish","type":"post","link":"http:\/\/cueroamerica.info\/wpnews\/2022\/01\/con-gran-expectativa-regreso-efica-en-version-presencial-luego-de-dos-anos-de-ausencia\/","title":{"rendered":"Con gran expectativa regres\u00f3 EFICA en versi\u00f3n presencial, luego de dos a\u00f1os de ausencia"},"content":{"rendered":"<p><a href=\"http:\/\/cueroamerica.info\/wpnews\/wp-content\/uploads\/2022\/01\/Efica-105-foto-_2-.jpg\"><img loading=\"lazy\" decoding=\"async\" class=\"alignleft wp-image-19091 \" src=\"http:\/\/cueroamerica.info\/wpnews\/wp-content\/uploads\/2022\/01\/Efica-105-foto-_2--300x225.jpg\" alt=\"\" width=\"249\" height=\"187\" srcset=\"http:\/\/cueroamerica.info\/wpnews\/wp-content\/uploads\/2022\/01\/Efica-105-foto-_2--300x225.jpg 300w, http:\/\/cueroamerica.info\/wpnews\/wp-content\/uploads\/2022\/01\/Efica-105-foto-_2--768x576.jpg 768w, http:\/\/cueroamerica.info\/wpnews\/wp-content\/uploads\/2022\/01\/Efica-105-foto-_2-.jpg 1024w\" sizes=\"auto, (max-width: 249px) 100vw, 249px\" \/><\/a>Luego de dos a\u00f1os en que la pandemia de Covid-19 no permiti\u00f3 la realizaci\u00f3n de esta importante feria de calzado y marroquiner\u00eda; EFICA volvi\u00f3 al tradicional predio de Costa Salguero en Buenos Aires y present\u00f3 las novedades para la temporada oto\u00f1o \/ invierno 2022. El evento se llev\u00f3 a cabo entre el 9 y 11 de enero, convocando a un importante n\u00famero de compradores nacionales y extranjeros.<\/p>\n<p>La exposici\u00f3n ocup\u00f3 5.000m2 de superficie donde se ubicaron unos 200 stands que mostraron la producci\u00f3n de 150 marcas de producci\u00f3n local. Alberto Sellaro, Presidente de la C\u00e1mara de la Industria del Calzado, mostr\u00f3 su optimismo al declarar que \u201crecibimos visitantes de toda Argentina y compradores de Chile, Uruguay, Brasil, Australia y Paraguay, en un ambiente de trabajo auspicioso de la temporada venidera\u201d.<\/p>\n<div id=\"attachment_19090\" style=\"width: 255px\" class=\"wp-caption alignright\"><a href=\"http:\/\/cueroamerica.info\/wpnews\/wp-content\/uploads\/2022\/01\/El-ministro-Matias-Kulfas-el-presidente-de-CIC-Alberto-Sellaro-y-otros-dirigentes-visitaron-diversos-stand-de-la-feria.-.jpg.jpeg\"><img loading=\"lazy\" decoding=\"async\" aria-describedby=\"caption-attachment-19090\" class=\"wp-image-19090 \" src=\"http:\/\/cueroamerica.info\/wpnews\/wp-content\/uploads\/2022\/01\/El-ministro-Matias-Kulfas-el-presidente-de-CIC-Alberto-Sellaro-y-otros-dirigentes-visitaron-diversos-stand-de-la-feria.-.jpg-300x225.jpeg\" alt=\"\" width=\"245\" height=\"184\" srcset=\"http:\/\/cueroamerica.info\/wpnews\/wp-content\/uploads\/2022\/01\/El-ministro-Matias-Kulfas-el-presidente-de-CIC-Alberto-Sellaro-y-otros-dirigentes-visitaron-diversos-stand-de-la-feria.-.jpg-300x225.jpeg 300w, http:\/\/cueroamerica.info\/wpnews\/wp-content\/uploads\/2022\/01\/El-ministro-Matias-Kulfas-el-presidente-de-CIC-Alberto-Sellaro-y-otros-dirigentes-visitaron-diversos-stand-de-la-feria.-.jpg-1024x768.jpeg 1024w, http:\/\/cueroamerica.info\/wpnews\/wp-content\/uploads\/2022\/01\/El-ministro-Matias-Kulfas-el-presidente-de-CIC-Alberto-Sellaro-y-otros-dirigentes-visitaron-diversos-stand-de-la-feria.-.jpg-768x576.jpeg 768w, http:\/\/cueroamerica.info\/wpnews\/wp-content\/uploads\/2022\/01\/El-ministro-Matias-Kulfas-el-presidente-de-CIC-Alberto-Sellaro-y-otros-dirigentes-visitaron-diversos-stand-de-la-feria.-.jpg-1536x1152.jpeg 1536w, http:\/\/cueroamerica.info\/wpnews\/wp-content\/uploads\/2022\/01\/El-ministro-Matias-Kulfas-el-presidente-de-CIC-Alberto-Sellaro-y-otros-dirigentes-visitaron-diversos-stand-de-la-feria.-.jpg.jpeg 1600w\" sizes=\"auto, (max-width: 245px) 100vw, 245px\" \/><\/a><p id=\"caption-attachment-19090\" class=\"wp-caption-text\">El ministro Mat\u00edas Kulfas, el presidente de CIC, Alberto Sellaro y otros dirigentes visitaron diversos stand de la feria.<\/p><\/div>\n<p>Con respecto a la situaci\u00f3n de la industria, Sellaro se\u00f1al\u00f3 que \u201cdurante el 2021, se registr\u00f3<br \/>\nuna fuerte reactivaci\u00f3n de la producci\u00f3n superando los 100 millones de pares\u201d. Tambi\u00e9n inform\u00f3 que \u201cen el \u00faltimo a\u00f1o y medio, se sumaron inversiones en nuevas l\u00edneas de producci\u00f3n, robotizaci\u00f3n de procesos, incorporaci\u00f3n de nueva tecnolog\u00eda y reapertura de<br \/>\nvarias empresas que manufacturaban para marcas internacionales y volvieron a producir en el pa\u00eds\u201d.<\/p>\n<p>Efica es un referente en la industria del calzado y en su regreso a la versi\u00f3n f\u00edsica recibi\u00f3 la visita de importantes figuras del gobierno. El martes 11 recorrieron los pasillos de la feria el Ministro de Desarrollo Productivo Mat\u00edas Kulfas, el Secretario de la Peque\u00f1a y Mediana Empresa y los Emprendedores Guillermo Mered\u00edz y la Subsecretaria de Financiamiento y Competitividad PyME Laura Tuero.<br \/>\n&#8212;&#8212;&#8212;&#8212;&#8212;&#8212;&#8212;&#8212;&#8212;&#8212;&#8212;<br \/>\nCIC \/ Cuero Am\u00e9rica<\/p>\n<p>&#8212;&#8212;&#8212;&#8212;&#8212;&#8212;&#8212;&#8212;&#8212;&#8212;&#8212;&#8212;&#8212;&#8212;&#8212;&#8211;<br \/>\nPara comunicarse con CueroAm\u00e9rica: <span style=\"color: #3366ff;\"><a style=\"color: #3366ff;\" href=\"mailto:contacto@cueroamerica.com\">contacto@cueroamerica.com<\/a><\/span><\/p>\n<table>\n<tbody>\n<tr>\n<td width=\"300\">\n<div align=\"center\">\n<div align=\"center\"><img loading=\"lazy\" decoding=\"async\" class=\"aligncenter\" src=\"\/img\/publicidad\/2021\/APLF22-marabr_dubai_FA_banner_300X200.gif\" alt=\"\" width=\"300\" height=\"200\" \/><\/div>\n<\/div>\n<\/td>\n<td width=\"171\">\n<div align=\"center\"><a href=\"https:\/\/www.inspiramais.com.br\/\" target=\"_blank\" rel=\"noopener\"><img loading=\"lazy\" decoding=\"async\" class=\"aligncenter\" src=\"\/img\/publicidad\/2021\/inspiramais2022_vca.png\" alt=\"\" width=\"300\" height=\"200\" \/><\/a><\/div>\n<\/td>\n<\/tr>\n<\/tbody>\n<\/table>\n","protected":false},"excerpt":{"rendered":"<p>Luego de dos a\u00f1os en que la pandemia de Covid-19 no permiti\u00f3 la realizaci\u00f3n de esta importante feria de calzado y marroquiner\u00eda; EFICA volvi\u00f3 al tradicional predio de Costa Salguero en Buenos Aires y present\u00f3 las novedades para la temporada oto\u00f1o \/ invierno 2022. El evento se llev\u00f3 a cabo entre el 9 y 11 [&hellip;]<\/p>\n","protected":false},"author":4,"featured_media":0,"comment_status":"closed","ping_status":"closed","sticky":false,"template":"","format":"standard","meta":{"footnotes":""},"categories":[66,60],"tags":[],"class_list":["post-19116","post","type-post","status-publish","format-standard","hentry","category-ferias-realizadas","category-ferias","count-0","even alt","author-","last"],"_links":{"self":[{"href":"http:\/\/cueroamerica.info\/wpnews\/wp-json\/wp\/v2\/posts\/19116","targetHints":{"allow":["GET"]}}],"collection":[{"href":"http:\/\/cueroamerica.info\/wpnews\/wp-json\/wp\/v2\/posts"}],"about":[{"href":"http:\/\/cueroamerica.info\/wpnews\/wp-json\/wp\/v2\/types\/post"}],"author":[{"embeddable":true,"href":"http:\/\/cueroamerica.info\/wpnews\/wp-json\/wp\/v2\/users\/4"}],"replies":[{"embeddable":true,"href":"http:\/\/cueroamerica.info\/wpnews\/wp-json\/wp\/v2\/comments?post=19116"}],"version-history":[{"count":4,"href":"http:\/\/cueroamerica.info\/wpnews\/wp-json\/wp\/v2\/posts\/19116\/revisions"}],"predecessor-version":[{"id":19135,"href":"http:\/\/cueroamerica.info\/wpnews\/wp-json\/wp\/v2\/posts\/19116\/revisions\/19135"}],"wp:attachment":[{"href":"http:\/\/cueroamerica.info\/wpnews\/wp-json\/wp\/v2\/media?parent=19116"}],"wp:term":[{"taxonomy":"category","embeddable":true,"href":"http:\/\/cueroamerica.info\/wpnews\/wp-json\/wp\/v2\/categories?post=19116"},{"taxonomy":"post_tag","embeddable":true,"href":"http:\/\/cueroamerica.info\/wpnews\/wp-json\/wp\/v2\/tags?post=19116"}],"curies":[{"name":"wp","href":"https:\/\/api.w.org\/{rel}","templated":true}]}}