{"id":19154,"date":"2022-01-25T15:02:09","date_gmt":"2022-01-25T15:02:09","guid":{"rendered":"http:\/\/cueroamerica.info\/wpnews\/?p=19154"},"modified":"2022-01-25T15:03:41","modified_gmt":"2022-01-25T15:03:41","slug":"micam-y-otras-ferias-de-moda-se-postergan-y-se-realizaran-de-11-al-15-de-marzo-proximo","status":"publish","type":"post","link":"http:\/\/cueroamerica.info\/wpnews\/2022\/01\/micam-y-otras-ferias-de-moda-se-postergan-y-se-realizaran-de-11-al-15-de-marzo-proximo\/","title":{"rendered":"MICAM y otras ferias de moda se postergan y se realizar\u00e1n de 11 al 15 de marzo pr\u00f3ximo"},"content":{"rendered":"<p>Por la ola de contagios del Covid, fue postergado el mega evento de la moda que re\u00fane a un grupo de importantes salones como MICAM Milano, MIPEL, The One Milano y HOMI Fashion &amp; Jewels. Las ferias se realizar\u00e1n simult\u00e1neamente pero del 11 y 15 de marzo pr\u00f3ximo en su tradicional espacio del centro de exposiciones Fiera Milano.<\/p>\n<table>\n<tbody>\n<tr>\n<td><a href=\"http:\/\/cueroamerica.info\/wpnews\/wp-content\/uploads\/2022\/01\/MICAM-2021-_-baja.jpg\"><img decoding=\"async\" class=\"size-medium wp-image-19139 aligncenter\" src=\"http:\/\/cueroamerica.info\/wpnews\/wp-content\/uploads\/2022\/01\/MICAM-2021-_-baja-300x200.jpg\" alt=\"\" width=\"auto\" height=\"150\" srcset=\"http:\/\/cueroamerica.info\/wpnews\/wp-content\/uploads\/2022\/01\/MICAM-2021-_-baja-300x200.jpg 300w, http:\/\/cueroamerica.info\/wpnews\/wp-content\/uploads\/2022\/01\/MICAM-2021-_-baja-768x512.jpg 768w, http:\/\/cueroamerica.info\/wpnews\/wp-content\/uploads\/2022\/01\/MICAM-2021-_-baja.jpg 1000w\" sizes=\"(max-width: 300px) 100vw, 300px\" \/><\/a><\/td>\n<td><a href=\"http:\/\/cueroamerica.info\/wpnews\/wp-content\/uploads\/2022\/01\/micam93_ADV-Img-Orizzontale_-2__a.jpg\"><img decoding=\"async\" class=\"size-medium wp-image-19141 aligncenter\" src=\"http:\/\/cueroamerica.info\/wpnews\/wp-content\/uploads\/2022\/01\/micam93_ADV-Img-Orizzontale_-2__a-245x300.jpg\" alt=\"\" width=\"auto\" height=\"150\" srcset=\"http:\/\/cueroamerica.info\/wpnews\/wp-content\/uploads\/2022\/01\/micam93_ADV-Img-Orizzontale_-2__a-245x300.jpg 245w, http:\/\/cueroamerica.info\/wpnews\/wp-content\/uploads\/2022\/01\/micam93_ADV-Img-Orizzontale_-2__a.jpg 450w\" sizes=\"(max-width: 245px) 100vw, 245px\" \/><\/a><\/td>\n<td><a href=\"http:\/\/cueroamerica.info\/wpnews\/wp-content\/uploads\/2022\/01\/014-_baja-.jpg\"><img decoding=\"async\" class=\"size-medium wp-image-19140 aligncenter\" src=\"http:\/\/cueroamerica.info\/wpnews\/wp-content\/uploads\/2022\/01\/014-_baja--300x200.jpg\" alt=\"\" width=\"auto\" height=\"150\" srcset=\"http:\/\/cueroamerica.info\/wpnews\/wp-content\/uploads\/2022\/01\/014-_baja--300x200.jpg 300w, http:\/\/cueroamerica.info\/wpnews\/wp-content\/uploads\/2022\/01\/014-_baja--768x512.jpg 768w, http:\/\/cueroamerica.info\/wpnews\/wp-content\/uploads\/2022\/01\/014-_baja-.jpg 1000w\" sizes=\"(max-width: 300px) 100vw, 300px\" \/><\/a><\/td>\n<\/tr>\n<\/tbody>\n<\/table>\n<p>La feria de calzado, la de marroquiner\u00eda y la de haut-\u00e0-porter, inicialmente programadas para febrero, se realizar\u00e1n del 13 al 15 marzo y HOMI Fashion &amp; Jewels del 11 y 14. De este modo, coincidir\u00e1 durante dos jornadas con las dem\u00e1s exposiciones.<\/p>\n<div id=\"attachment_19149\" style=\"width: 150px\" class=\"wp-caption alignright\"><a href=\"http:\/\/cueroamerica.info\/wpnews\/wp-content\/uploads\/2022\/01\/Siro-Badon-presidente-de-Assocalzaturifici-y-de-Micam1.jpg\"><img loading=\"lazy\" decoding=\"async\" aria-describedby=\"caption-attachment-19149\" class=\" wp-image-19149\" src=\"http:\/\/cueroamerica.info\/wpnews\/wp-content\/uploads\/2022\/01\/Siro-Badon-presidente-de-Assocalzaturifici-y-de-Micam1-212x300.jpg\" alt=\"\" width=\"140\" height=\"198\" srcset=\"http:\/\/cueroamerica.info\/wpnews\/wp-content\/uploads\/2022\/01\/Siro-Badon-presidente-de-Assocalzaturifici-y-de-Micam1-212x300.jpg 212w, http:\/\/cueroamerica.info\/wpnews\/wp-content\/uploads\/2022\/01\/Siro-Badon-presidente-de-Assocalzaturifici-y-de-Micam1-724x1024.jpg 724w, http:\/\/cueroamerica.info\/wpnews\/wp-content\/uploads\/2022\/01\/Siro-Badon-presidente-de-Assocalzaturifici-y-de-Micam1-768x1086.jpg 768w, http:\/\/cueroamerica.info\/wpnews\/wp-content\/uploads\/2022\/01\/Siro-Badon-presidente-de-Assocalzaturifici-y-de-Micam1-1086x1536.jpg 1086w, http:\/\/cueroamerica.info\/wpnews\/wp-content\/uploads\/2022\/01\/Siro-Badon-presidente-de-Assocalzaturifici-y-de-Micam1.jpg 1200w\" sizes=\"auto, (max-width: 140px) 100vw, 140px\" \/><\/a><p id=\"caption-attachment-19149\" class=\"wp-caption-text\">Siro Badon presidente de Assocalzaturifici y de Micam.<\/p><\/div>\n<p>Esta reorganizaci\u00f3n del cronograma de ferias busca -se espera- que los eventos se alejen del momento de pico de contagios por Covid que est\u00e1 ocurriendo actualmente en Italia.<\/p>\n<p>La serie de salones, que brinda la posibilidad de reunir a todos los operadores de moda en un solo lugar, en febrero de 2020 vivi\u00f3 el complejo rol. Se convirti\u00f3 en un gran difusor del Covid en momentos en que no estaba definido como pandemia y s\u00f3lo era un problema de China y unos pocos pa\u00edses de Asia.<br \/>\n&#8212;&#8212;&#8212;&#8212;&#8212;&#8212;&#8212;&#8212;&#8212;&#8212;&#8212;&#8212;<br \/>\nMICAM \/ CueroAm\u00e9rica<\/p>\n<p>&#8212;&#8212;&#8212;&#8212;&#8212;&#8212;&#8212;&#8212;&#8212;&#8212;&#8212;&#8212;&#8212;&#8212;&#8212;&#8211;<br \/>\nPara comunicarse con CueroAm\u00e9rica: <span style=\"color: #3366ff;\"><a style=\"color: #3366ff;\" href=\"mailto:contacto@cueroamerica.com\">contacto@cueroamerica.com<\/a><\/span><\/p>\n<table>\n<tbody>\n<tr>\n<td width=\"300\">\n<div align=\"center\"><a href=\"https:\/\/milano.themicam.com\/en\/visitors-registration\/\" target=\"_blank\" rel=\"noopener\"><img loading=\"lazy\" decoding=\"async\" src=\"\/img\/publicidad\/2022\/micam2022_300x200-80k.gif\" alt=\"\" width=\"300\" height=\"200\" \/><\/a><\/div>\n<\/td>\n<td width=\"171\">\n<div align=\"center\"><a href=\"https:\/\/www.leatherfair.aplf.com\/en-us\/?utm_source=cueroamerica&amp;utm_medium=banner&amp;utm_campaign=aplf22\" target=\"_blank\" rel=\"noopener\"><img loading=\"lazy\" decoding=\"async\" src=\"\/img\/publicidad\/2021\/mat-plus_dubai_marz2022.png\" alt=\"\" width=\"300\" height=\"200\" \/><\/a><\/div>\n<\/td>\n<\/tr>\n<\/tbody>\n<\/table>\n","protected":false},"excerpt":{"rendered":"<p>Por la ola de contagios del Covid, fue postergado el mega evento de la moda que re\u00fane a un grupo de importantes salones como MICAM Milano, MIPEL, The One Milano y HOMI Fashion &amp; Jewels. Las ferias se realizar\u00e1n simult\u00e1neamente pero del 11 y 15 de marzo pr\u00f3ximo en su tradicional espacio del centro de [&hellip;]<\/p>\n","protected":false},"author":4,"featured_media":0,"comment_status":"closed","ping_status":"closed","sticky":false,"template":"","format":"standard","meta":{"footnotes":""},"categories":[65,60],"tags":[],"class_list":["post-19154","post","type-post","status-publish","format-standard","hentry","category-ferias-proximas","category-ferias","count-0","even alt","author-","last"],"_links":{"self":[{"href":"http:\/\/cueroamerica.info\/wpnews\/wp-json\/wp\/v2\/posts\/19154","targetHints":{"allow":["GET"]}}],"collection":[{"href":"http:\/\/cueroamerica.info\/wpnews\/wp-json\/wp\/v2\/posts"}],"about":[{"href":"http:\/\/cueroamerica.info\/wpnews\/wp-json\/wp\/v2\/types\/post"}],"author":[{"embeddable":true,"href":"http:\/\/cueroamerica.info\/wpnews\/wp-json\/wp\/v2\/users\/4"}],"replies":[{"embeddable":true,"href":"http:\/\/cueroamerica.info\/wpnews\/wp-json\/wp\/v2\/comments?post=19154"}],"version-history":[{"count":8,"href":"http:\/\/cueroamerica.info\/wpnews\/wp-json\/wp\/v2\/posts\/19154\/revisions"}],"predecessor-version":[{"id":19162,"href":"http:\/\/cueroamerica.info\/wpnews\/wp-json\/wp\/v2\/posts\/19154\/revisions\/19162"}],"wp:attachment":[{"href":"http:\/\/cueroamerica.info\/wpnews\/wp-json\/wp\/v2\/media?parent=19154"}],"wp:term":[{"taxonomy":"category","embeddable":true,"href":"http:\/\/cueroamerica.info\/wpnews\/wp-json\/wp\/v2\/categories?post=19154"},{"taxonomy":"post_tag","embeddable":true,"href":"http:\/\/cueroamerica.info\/wpnews\/wp-json\/wp\/v2\/tags?post=19154"}],"curies":[{"name":"wp","href":"https:\/\/api.w.org\/{rel}","templated":true}]}}