{"id":19266,"date":"2022-02-04T13:57:03","date_gmt":"2022-02-04T13:57:03","guid":{"rendered":"http:\/\/cueroamerica.info\/wpnews\/?p=19266"},"modified":"2022-04-21T12:53:32","modified_gmt":"2022-04-21T12:53:32","slug":"gran-expectativa-en-el-sector-por-edicion-especial-de-aplf-en-marzo-que-sera-en-dubai","status":"publish","type":"post","link":"http:\/\/cueroamerica.info\/wpnews\/2022\/02\/gran-expectativa-en-el-sector-por-edicion-especial-de-aplf-en-marzo-que-sera-en-dubai\/","title":{"rendered":"Gran expectativa en el sector por edici\u00f3n especial de APLF en marzo que ser\u00e1 en Dub\u00e1i"},"content":{"rendered":"<div id=\"attachment_19265\" style=\"width: 254px\" class=\"wp-caption alignleft\"><a href=\"http:\/\/cueroamerica.info\/wpnews\/wp-content\/uploads\/2022\/02\/Dubai-World-Trade-Center-_3a.jpg\"><img loading=\"lazy\" decoding=\"async\" aria-describedby=\"caption-attachment-19265\" class=\" wp-image-19265\" src=\"http:\/\/cueroamerica.info\/wpnews\/wp-content\/uploads\/2022\/02\/Dubai-World-Trade-Center-_3a-300x225.jpg\" alt=\"\" width=\"244\" height=\"183\" srcset=\"http:\/\/cueroamerica.info\/wpnews\/wp-content\/uploads\/2022\/02\/Dubai-World-Trade-Center-_3a-300x225.jpg 300w, http:\/\/cueroamerica.info\/wpnews\/wp-content\/uploads\/2022\/02\/Dubai-World-Trade-Center-_3a-1024x768.jpg 1024w, http:\/\/cueroamerica.info\/wpnews\/wp-content\/uploads\/2022\/02\/Dubai-World-Trade-Center-_3a-768x576.jpg 768w, http:\/\/cueroamerica.info\/wpnews\/wp-content\/uploads\/2022\/02\/Dubai-World-Trade-Center-_3a.jpg 1400w\" sizes=\"auto, (max-width: 244px) 100vw, 244px\" \/><\/a><p id=\"caption-attachment-19265\" class=\"wp-caption-text\">Dubai World Trade Center.<\/p><\/div>\n<p>Tres a\u00f1os despu\u00e9s de su \u00faltima edici\u00f3n en Hong Kong, la feria comercial m\u00e1s importante de la industria del cuero regresar\u00e1 30 de marzo al 1 de abril de 2022, con una edici\u00f3n especial en la ciudad de Dub\u00e1i, Emiratos \u00c1rabes.<\/p>\n<p>Los pabellones 1 a 5 del Dubai World Trade Center (DWTC) albergar\u00e1n las tres ferias APLF (Leather, Materials+ y Fashion Access) y todas ellas \u2013como es habitual- se celebrar\u00e1n simult\u00e1neamente y cubrir\u00e1n toda la cadena de suministro global de la industria del cuero, el curtido, la manufacturaci\u00f3n y los productos terminados.<\/p>\n<p>Los organizadores estiman que participar\u00e1n aproximadamente 500 empresas expositoras; ocupando unos 20.000 metros cuadrados con 15 pabellones nacionales de Brasil, Egipto, Francia, India, Italia, Jap\u00f3n, Corea, Pakist\u00e1n, Espa\u00f1a, Taiw\u00e1n, Turqu\u00eda y Estados Unidos.<\/p>\n<p><a href=\"http:\/\/cueroamerica.info\/wpnews\/wp-content\/uploads\/2022\/02\/fair-traffic-10.jpg\"><img loading=\"lazy\" decoding=\"async\" class=\" wp-image-19260 alignright\" src=\"http:\/\/cueroamerica.info\/wpnews\/wp-content\/uploads\/2022\/02\/fair-traffic-10-300x200.jpg\" alt=\"\" width=\"245\" height=\"163\" srcset=\"http:\/\/cueroamerica.info\/wpnews\/wp-content\/uploads\/2022\/02\/fair-traffic-10-300x200.jpg 300w, http:\/\/cueroamerica.info\/wpnews\/wp-content\/uploads\/2022\/02\/fair-traffic-10.jpg 640w\" sizes=\"auto, (max-width: 245px) 100vw, 245px\" \/><\/a>APLF estima que esta enorme oferta atraer\u00e1 a unos 8.000 compradores internacionales, incluidos compradores invitados de Rusia, India, Francia, Portugal, Alemania, Italia, Espa\u00f1a y Turqu\u00eda. Esta gran diversidad de nacionalidades demuestra que la combinaci\u00f3n de compradores de Dub\u00e1i ser\u00e1 m\u00e1s amplia que la de los eventos habituales en Hong Kong. Adem\u00e1s, abrir\u00e1 nuevas oportunidades en relaci\u00f3n con los pa\u00edses vecinos de \u00c1frica y Medio Oriente.<\/p>\n<p>Con el fin de fortalecer su campa\u00f1a de promoci\u00f3n de visitantes, el equipo de APLF est\u00e1 trabajando en estrecha colaboraci\u00f3n con las asociaciones nacionales de cuero, calzado y retail de India, Pakist\u00e1n, Bangladesh, Turqu\u00eda, Rumania, Rusia; as\u00ed como con las de Europa y \u00c1frica para organizar grupos de compra para APLF Dub\u00e1i.<\/p>\n<p><a href=\"http:\/\/cueroamerica.info\/wpnews\/wp-content\/uploads\/2022\/02\/D1B_0008a.jpg\"><img loading=\"lazy\" decoding=\"async\" class=\"alignleft wp-image-19264\" src=\"http:\/\/cueroamerica.info\/wpnews\/wp-content\/uploads\/2022\/02\/D1B_0008a-300x200.jpg\" alt=\"\" width=\"246\" height=\"164\" srcset=\"http:\/\/cueroamerica.info\/wpnews\/wp-content\/uploads\/2022\/02\/D1B_0008a-300x200.jpg 300w, http:\/\/cueroamerica.info\/wpnews\/wp-content\/uploads\/2022\/02\/D1B_0008a-1024x682.jpg 1024w, http:\/\/cueroamerica.info\/wpnews\/wp-content\/uploads\/2022\/02\/D1B_0008a-768x512.jpg 768w, http:\/\/cueroamerica.info\/wpnews\/wp-content\/uploads\/2022\/02\/D1B_0008a.jpg 1400w\" sizes=\"auto, (max-width: 246px) 100vw, 246px\" \/><\/a>Adem\u00e1s, APLF trabaja con la C\u00e1mara de Dub\u00e1i para promover Dubai Expo 2020 y APLF Dubai. Su programa VIP brindar\u00e1 a los compradores y expositores del sal\u00f3n un incentivo para visitar la Exposici\u00f3n Universal y asistir a reuniones comerciales durante la feria.<\/p>\n<p>Para mantener el car\u00e1cter de APLF como un evento integral (combinaci\u00f3n de conferencias, seminarios y ferias comerciales) los organizadores han programado una serie de eventos que se realizar\u00e1n en el marco del sal\u00f3n<\/p>\n<p>El d\u00eda 29 de marzo se celebrar\u00e1 una sesi\u00f3n de tendencia coorganizada por APLF e International Leather Maker. Los temas clave incluir\u00e1n el curtido con productos qu\u00edmicos de base biol\u00f3gica, la deforestaci\u00f3n, la biodegradabilidad del cuero, la imagen del cuero pro parte del consumidor, el bienestar animal y la reducci\u00f3n de la huella de carbono del cuero.<\/p>\n<p><a href=\"http:\/\/cueroamerica.info\/wpnews\/wp-content\/uploads\/2022\/02\/business-discussion-9.jpg\"><img loading=\"lazy\" decoding=\"async\" class=\" wp-image-19259 alignright\" src=\"http:\/\/cueroamerica.info\/wpnews\/wp-content\/uploads\/2022\/02\/business-discussion-9-300x200.jpg\" alt=\"\" width=\"245\" height=\"163\" srcset=\"http:\/\/cueroamerica.info\/wpnews\/wp-content\/uploads\/2022\/02\/business-discussion-9-300x200.jpg 300w, http:\/\/cueroamerica.info\/wpnews\/wp-content\/uploads\/2022\/02\/business-discussion-9.jpg 572w\" sizes=\"auto, (max-width: 245px) 100vw, 245px\" \/><\/a>Asimismo, el 31 de marzo se realizar\u00e1s una reuni\u00f3n de desayuno Leather Naturally, donde la organizaci\u00f3n ofrecer\u00e1 una actualizaci\u00f3n sobre LN y Metcha Campaign. Tambi\u00e9n ese d\u00eda, con el apoyo de APPICAPS, el Global Footwear Executive Summit abordar\u00e1 varias cuestiones clave. Entre estas: c\u00f3mo la tecnolog\u00eda digital afectar\u00e1 el dise\u00f1o, la fabricaci\u00f3n, la log\u00edstica y las ventas de calzado. Y por qu\u00e9 los precios del calzado han aumentado durante la pandemia. Tambi\u00e9n se hablar\u00e1 de la sostenibilidad, un tema que preocupa a todas las principales marcas, marketing y consumidores en el siglo XXI.<\/p>\n<p>La zona Espacio Materiales y Tendencias de Moda recibir\u00e1 una muestra de los materiales y tendencias de color m\u00e1s actualizados Primavera-Verano 2023. El mismo espacio ofrecer\u00e1 el gr\u00e1fico de las tendencias de moda Oto\u00f1o-Invierno 2022-23 m\u00e1s actualizadas.<\/p>\n<p>Quienes deseen obtener informaci\u00f3n podr\u00e1n visitar la p\u00e1gina <a href=\"https:\/\/www.aplf.com\" target=\"_blank\" rel=\"noopener\">www.aplf.com<\/a><br \/>\n&#8212;&#8212;&#8212;&#8212;&#8212;&#8212;&#8212;&#8212;&#8212;&#8212;&#8212;<br \/>\nAPLF \/ CueroAm\u00e9rica<\/p>\n<p>&#8212;&#8212;&#8212;&#8212;&#8212;&#8212;&#8212;&#8212;&#8212;&#8212;&#8212;&#8212;&#8212;&#8212;&#8212;&#8211;<br \/>\nPara comunicarse con CueroAm\u00e9rica: <span style=\"color: #3366ff;\"><a style=\"color: #3366ff;\" href=\"mailto:contacto@cueroamerica.com\">contacto@cueroamerica.com<\/a><\/span><\/p>\n<table>\n<tbody>\n<tr>\n<td width=\"300\">\n<div align=\"center\"><a href=\"https:\/\/www.leatherfair.aplf.com\/en-us\/?utm_source=cueroamerica&amp;utm_medium=banner&amp;utm_campaign=aplf22\" target=\"_blank\" rel=\"noopener\"><img loading=\"lazy\" decoding=\"async\" src=\"\/img\/publicidad\/2021\/aplf_dubai_marz2022.png\" width=\"300\" height=\"200\" \/><\/a><\/div>\n<\/td>\n<td width=\"171\">\n<div align=\"center\"><a href=\"https:\/\/www.leatherfair.aplf.com\/en-us\/?utm_source=cueroamerica&amp;utm_medium=banner&amp;utm_campaign=aplf22\" target=\"_blank\" rel=\"noopener\"><img loading=\"lazy\" decoding=\"async\" src=\"\/img\/publicidad\/2021\/mat-plus_dubai_marz2022.png\" alt=\"\" width=\"300\" height=\"200\" \/><\/a><\/div>\n<\/td>\n<\/tr>\n<\/tbody>\n<\/table>\n","protected":false},"excerpt":{"rendered":"<p>Tres a\u00f1os despu\u00e9s de su \u00faltima edici\u00f3n en Hong Kong, la feria comercial m\u00e1s importante de la industria del cuero regresar\u00e1 30 de marzo al 1 de abril de 2022, con una edici\u00f3n especial en la ciudad de Dub\u00e1i, Emiratos \u00c1rabes. Los pabellones 1 a 5 del Dubai World Trade Center (DWTC) albergar\u00e1n las tres [&hellip;]<\/p>\n","protected":false},"author":4,"featured_media":0,"comment_status":"closed","ping_status":"closed","sticky":false,"template":"","format":"standard","meta":{"footnotes":""},"categories":[60],"tags":[],"class_list":["post-19266","post","type-post","status-publish","format-standard","hentry","category-ferias","count-0","even alt","author-","last"],"_links":{"self":[{"href":"http:\/\/cueroamerica.info\/wpnews\/wp-json\/wp\/v2\/posts\/19266","targetHints":{"allow":["GET"]}}],"collection":[{"href":"http:\/\/cueroamerica.info\/wpnews\/wp-json\/wp\/v2\/posts"}],"about":[{"href":"http:\/\/cueroamerica.info\/wpnews\/wp-json\/wp\/v2\/types\/post"}],"author":[{"embeddable":true,"href":"http:\/\/cueroamerica.info\/wpnews\/wp-json\/wp\/v2\/users\/4"}],"replies":[{"embeddable":true,"href":"http:\/\/cueroamerica.info\/wpnews\/wp-json\/wp\/v2\/comments?post=19266"}],"version-history":[{"count":4,"href":"http:\/\/cueroamerica.info\/wpnews\/wp-json\/wp\/v2\/posts\/19266\/revisions"}],"predecessor-version":[{"id":19384,"href":"http:\/\/cueroamerica.info\/wpnews\/wp-json\/wp\/v2\/posts\/19266\/revisions\/19384"}],"wp:attachment":[{"href":"http:\/\/cueroamerica.info\/wpnews\/wp-json\/wp\/v2\/media?parent=19266"}],"wp:term":[{"taxonomy":"category","embeddable":true,"href":"http:\/\/cueroamerica.info\/wpnews\/wp-json\/wp\/v2\/categories?post=19266"},{"taxonomy":"post_tag","embeddable":true,"href":"http:\/\/cueroamerica.info\/wpnews\/wp-json\/wp\/v2\/tags?post=19266"}],"curies":[{"name":"wp","href":"https:\/\/api.w.org\/{rel}","templated":true}]}}