{"id":19371,"date":"2022-03-10T14:24:31","date_gmt":"2022-03-10T14:24:31","guid":{"rendered":"http:\/\/cueroamerica.info\/wpnews\/?p=19371"},"modified":"2022-03-10T14:24:31","modified_gmt":"2022-03-10T14:24:31","slug":"el-reciente-salon-colombiano-ifls-eici-genero-negocios-por-mas-de-us-3-2-millones","status":"publish","type":"post","link":"http:\/\/cueroamerica.info\/wpnews\/2022\/03\/el-reciente-salon-colombiano-ifls-eici-genero-negocios-por-mas-de-us-3-2-millones\/","title":{"rendered":"El reciente sal\u00f3n colombiano IFLS + EICI gener\u00f3 negocios por m\u00e1s de US$ 3.2 millones"},"content":{"rendered":"<p><a href=\"http:\/\/cueroamerica.info\/wpnews\/wp-content\/uploads\/2022\/03\/1.jpg\"><img loading=\"lazy\" decoding=\"async\" class=\"wp-image-19351 alignright\" src=\"http:\/\/cueroamerica.info\/wpnews\/wp-content\/uploads\/2022\/03\/1-300x197.jpg\" alt=\"\" width=\"241\" height=\"158\" srcset=\"http:\/\/cueroamerica.info\/wpnews\/wp-content\/uploads\/2022\/03\/1-300x197.jpg 300w, http:\/\/cueroamerica.info\/wpnews\/wp-content\/uploads\/2022\/03\/1-768x503.jpg 768w, http:\/\/cueroamerica.info\/wpnews\/wp-content\/uploads\/2022\/03\/1.jpg 1000w\" sizes=\"auto, (max-width: 241px) 100vw, 241px\" \/><\/a>ProColombia, la agencia gubernamental que promueve las exportaciones, inform\u00f3 los resultados de la edici\u00f3n 43\u00b0 del International Footwear and Leather Show y de la 25\u00b0 edici\u00f3n de la EICI, Exhibici\u00f3n Internacional de Cuero e Insumos. Seg\u00fan el organismo, la feria gener\u00f3 negocios por US$3,2 millones entre ventas inmediatas y potenciales a corto plazo.<\/p>\n<p>La exposici\u00f3n, organizada por Acicam, se realiz\u00f3 entre el 8 y 11 de febrero en el predio Corferias. La convocatoria reuni\u00f3 a 200 expositores colombianos y compradores de 35 pa\u00edses entre los que sobresalieron los provenientes de Ecuador y Costa Rica.<\/p>\n<p><a href=\"http:\/\/cueroamerica.info\/wpnews\/wp-content\/uploads\/2022\/03\/5a.jpg\"><img loading=\"lazy\" decoding=\"async\" class=\"wp-image-19366 alignleft\" src=\"http:\/\/cueroamerica.info\/wpnews\/wp-content\/uploads\/2022\/03\/5a-300x200.jpg\" alt=\"\" width=\"245\" height=\"163\" srcset=\"http:\/\/cueroamerica.info\/wpnews\/wp-content\/uploads\/2022\/03\/5a-300x200.jpg 300w, http:\/\/cueroamerica.info\/wpnews\/wp-content\/uploads\/2022\/03\/5a-1024x682.jpg 1024w, http:\/\/cueroamerica.info\/wpnews\/wp-content\/uploads\/2022\/03\/5a-768x512.jpg 768w, http:\/\/cueroamerica.info\/wpnews\/wp-content\/uploads\/2022\/03\/5a.jpg 1400w\" sizes=\"auto, (max-width: 245px) 100vw, 245px\" \/><\/a>Flavia Santoro, presidenta de ProColombia, se\u00f1al\u00f3 que la entidad identific\u00f3 \u201coportunidades para el sector en m\u00e1s de 20 mercados, donde se destacan islas del Caribe, Chile, Costa Rica, Tri\u00e1ngulo Norte, Ecuador y Estados Unidos\u201d.<\/p>\n<p>Con respecto al momento que vive la industria, Santoro afirm\u00f3 que \u201clos sectores de cuero, calzado y manufacturas de cuero nos demuestran que las exportaciones no mineras del pa\u00eds est\u00e1n pasando de la reactivaci\u00f3n al crecimiento\u201d Seg\u00fan el an\u00e1lisis de la funcionaria \u201cla regi\u00f3n est\u00e1 \u00e1vida por conocer la oferta que tiene Colombia en estos productos gracias a su calidad, innovaci\u00f3n y flexibilidad en vol\u00famenes de pedidos\u201d.<\/p>\n<p><a href=\"http:\/\/cueroamerica.info\/wpnews\/wp-content\/uploads\/2022\/03\/7a.jpg\"><img loading=\"lazy\" decoding=\"async\" class=\" wp-image-19367 alignright\" src=\"http:\/\/cueroamerica.info\/wpnews\/wp-content\/uploads\/2022\/03\/7a-300x198.jpg\" alt=\"\" width=\"236\" height=\"156\" srcset=\"http:\/\/cueroamerica.info\/wpnews\/wp-content\/uploads\/2022\/03\/7a-300x198.jpg 300w, http:\/\/cueroamerica.info\/wpnews\/wp-content\/uploads\/2022\/03\/7a-1024x677.jpg 1024w, http:\/\/cueroamerica.info\/wpnews\/wp-content\/uploads\/2022\/03\/7a-768x507.jpg 768w, http:\/\/cueroamerica.info\/wpnews\/wp-content\/uploads\/2022\/03\/7a.jpg 1400w\" sizes=\"auto, (max-width: 236px) 100vw, 236px\" \/><\/a>El sector de manufactura de cuero aporta el 16% del total de exportaciones del pa\u00eds y llegan a US$ 167 millones anuales. Seg\u00fan inform\u00f3 ProColombia la industria del cuero y de la moda se encuentran en una \u201cnueva normalidad\u201d y est\u00e1n llegando a los niveles previos a la pandemia.<br \/>\n&#8212;&#8212;&#8212;&#8212;&#8212;&#8212;&#8212;&#8212;&#8212;&#8212;&#8212;&#8212;<br \/>\nInfobae \/ Cuero Am\u00e9rica<\/p>\n<p>&#8212;&#8212;&#8212;&#8212;&#8212;&#8212;&#8212;&#8212;&#8212;&#8212;&#8212;&#8212;&#8212;&#8212;&#8212;&#8211;<br \/>\nPara comunicarse con CueroAm\u00e9rica: <span style=\"color: #3366ff;\"><a style=\"color: #3366ff;\" href=\"mailto:contacto@cueroamerica.com\">contacto@cueroamerica.com<\/a><\/span><\/p>\n<table>\n<tbody>\n<tr>\n<td width=\"300\">\n<div align=\"center\"><a href=\"https:\/\/www.smitzoon.com\/en\/\" target=\"_blank\" rel=\"noopener\"><img loading=\"lazy\" decoding=\"async\" src=\"\/img\/publicidad\/21-06__smitzoon.gif\" alt=\"\" width=\"300\" height=\"200\" border=\"0\" \/><\/a><\/div>\n<\/td>\n<td width=\"171\">\n<div align=\"center\"><a href=\"http:\/\/bit.ly\/2q2HjkA\" target=\"_blank\" rel=\"noopener\"><img loading=\"lazy\" decoding=\"async\" src=\"\/img\/publicidad\/banner_jn-082016.gif\" width=\"300\" height=\"200\" \/><\/a><\/div>\n<\/td>\n<\/tr>\n<\/tbody>\n<\/table>\n","protected":false},"excerpt":{"rendered":"<p>ProColombia, la agencia gubernamental que promueve las exportaciones, inform\u00f3 los resultados de la edici\u00f3n 43\u00b0 del International Footwear and Leather Show y de la 25\u00b0 edici\u00f3n de la EICI, Exhibici\u00f3n Internacional de Cuero e Insumos. Seg\u00fan el organismo, la feria gener\u00f3 negocios por US$3,2 millones entre ventas inmediatas y potenciales a corto plazo. La exposici\u00f3n, [&hellip;]<\/p>\n","protected":false},"author":4,"featured_media":0,"comment_status":"closed","ping_status":"closed","sticky":false,"template":"","format":"standard","meta":{"footnotes":""},"categories":[66,60],"tags":[],"class_list":["post-19371","post","type-post","status-publish","format-standard","hentry","category-ferias-realizadas","category-ferias","count-0","even alt","author-","last"],"_links":{"self":[{"href":"http:\/\/cueroamerica.info\/wpnews\/wp-json\/wp\/v2\/posts\/19371","targetHints":{"allow":["GET"]}}],"collection":[{"href":"http:\/\/cueroamerica.info\/wpnews\/wp-json\/wp\/v2\/posts"}],"about":[{"href":"http:\/\/cueroamerica.info\/wpnews\/wp-json\/wp\/v2\/types\/post"}],"author":[{"embeddable":true,"href":"http:\/\/cueroamerica.info\/wpnews\/wp-json\/wp\/v2\/users\/4"}],"replies":[{"embeddable":true,"href":"http:\/\/cueroamerica.info\/wpnews\/wp-json\/wp\/v2\/comments?post=19371"}],"version-history":[{"count":1,"href":"http:\/\/cueroamerica.info\/wpnews\/wp-json\/wp\/v2\/posts\/19371\/revisions"}],"predecessor-version":[{"id":19372,"href":"http:\/\/cueroamerica.info\/wpnews\/wp-json\/wp\/v2\/posts\/19371\/revisions\/19372"}],"wp:attachment":[{"href":"http:\/\/cueroamerica.info\/wpnews\/wp-json\/wp\/v2\/media?parent=19371"}],"wp:term":[{"taxonomy":"category","embeddable":true,"href":"http:\/\/cueroamerica.info\/wpnews\/wp-json\/wp\/v2\/categories?post=19371"},{"taxonomy":"post_tag","embeddable":true,"href":"http:\/\/cueroamerica.info\/wpnews\/wp-json\/wp\/v2\/tags?post=19371"}],"curies":[{"name":"wp","href":"https:\/\/api.w.org\/{rel}","templated":true}]}}