{"id":19373,"date":"2022-03-10T14:54:32","date_gmt":"2022-03-10T14:54:32","guid":{"rendered":"http:\/\/cueroamerica.info\/wpnews\/?p=19373"},"modified":"2022-03-10T14:54:32","modified_gmt":"2022-03-10T14:54:32","slug":"el-premio-mario-hernandez-2022-de-moda-y-estetica-da-lugar-a-estilistas-de-colombia","status":"publish","type":"post","link":"http:\/\/cueroamerica.info\/wpnews\/2022\/03\/el-premio-mario-hernandez-2022-de-moda-y-estetica-da-lugar-a-estilistas-de-colombia\/","title":{"rendered":"El Premio Mario Hern\u00e1ndez 2022 de moda y est\u00e9tica da lugar a estilistas de Colombia"},"content":{"rendered":"<p><a href=\"http:\/\/cueroamerica.info\/wpnews\/wp-content\/uploads\/2022\/03\/1-.jpg\"><img loading=\"lazy\" decoding=\"async\" class=\"wp-image-19354 alignleft\" src=\"http:\/\/cueroamerica.info\/wpnews\/wp-content\/uploads\/2022\/03\/1--300x291.jpg\" alt=\"\" width=\"186\" height=\"180\" srcset=\"http:\/\/cueroamerica.info\/wpnews\/wp-content\/uploads\/2022\/03\/1--300x291.jpg 300w, http:\/\/cueroamerica.info\/wpnews\/wp-content\/uploads\/2022\/03\/1-.jpg 450w\" sizes=\"auto, (max-width: 186px) 100vw, 186px\" \/><\/a>El Premio Mario Hern\u00e1ndez, de la tradicional marca de marroquiner\u00eda, celebrar\u00e1 su edici\u00f3n n\u00famero 16 en Colombia. El certamen que encabeza este destacado empresario busca reconocer, premiar e impulsar lo mejor del talento en moda y est\u00e9tica en Colombia. Este a\u00f1o el certamen anexa nuevas categor\u00edas y tres potenciales ganadores con m\u00e1s de 150 millones de pesos colombianos en premios (unos US$ 40.000).<\/p>\n<p>La organizaci\u00f3n del Premio anunci\u00f3 que su prop\u00f3sito es cultivar un semillero de talento joven y formar una poderosa conexi\u00f3n entre academia e industria. \u201cEn esta edici\u00f3n tendremos 5 categor\u00edas: Producto, Dise\u00f1o Gr\u00e1fico, Audiovisual, Dise\u00f1o de Espacios y Experiencia. Todas las Inscripciones a la competencia se procesar\u00e1n a trav\u00e9s de nuestro sistema de competencia en l\u00ednea\u201d, informaron.<\/p>\n<p>El ganador se har\u00e1 con un premio de 100 millones de pesos, unos 25 000 d\u00f3lares, representados en una beca para un curso de verano en el IED en Espa\u00f1a, con todo incluido; y financiaci\u00f3n, mentor\u00eda y exposici\u00f3n en la creaci\u00f3n de su emprendimiento creativo. El segundo y tercer puesto cuenta igualmente con premios interesantes, en especie y remuneraci\u00f3n.<\/p>\n<p><a href=\"http:\/\/cueroamerica.info\/wpnews\/wp-content\/uploads\/2022\/03\/Flyer.png\"><img loading=\"lazy\" decoding=\"async\" class=\" wp-image-19352 alignright\" src=\"http:\/\/cueroamerica.info\/wpnews\/wp-content\/uploads\/2022\/03\/Flyer-300x157.png\" alt=\"\" width=\"245\" height=\"128\" srcset=\"http:\/\/cueroamerica.info\/wpnews\/wp-content\/uploads\/2022\/03\/Flyer-300x157.png 300w, http:\/\/cueroamerica.info\/wpnews\/wp-content\/uploads\/2022\/03\/Flyer-768x402.png 768w, http:\/\/cueroamerica.info\/wpnews\/wp-content\/uploads\/2022\/03\/Flyer.png 1000w\" sizes=\"auto, (max-width: 245px) 100vw, 245px\" \/><\/a>Las inscripciones se encuentran abiertas hasta el 1 de abril de 2022 en la p\u00e1gina web del evento PMH2022. Mario Hern\u00e1ndez es uno de los empresarios colombianos m\u00e1s destacados en el sector de la moda, no solo por su trayectoria, sino por si calidad humana y la directiva de su empresa que busca mejorar la calidad de vida de sus empleados. Asimismo, apuesta por los nuevos talentos del pa\u00eds y a la generaci\u00f3n de empleo. Mario Hern\u00e1ndez gener\u00f3 y mantiene su empresa en Colombia y fue la primera marca latinoamericana de marroquiner\u00eda que se internacionaliz\u00f3, instalando puntos de venta en los EE.UU. y en varios pa\u00edses latinoamericanos.<br \/>\n&#8212;&#8212;&#8212;&#8212;&#8212;&#8212;&#8212;&#8212;&#8212;&#8212;&#8212;&#8212;&#8212;&#8212;&#8212;&#8212;-<br \/>\nFashion Network \/ CueroAm\u00e9rica<\/p>\n<p><a href=\"https:\/\/pe.fashionnetwork.com\/news\/El-premio-mario-hernandez-confirma-su-edicion-2022,1381152.html\" target=\"_blank\" rel=\"noopener\">https:\/\/pe.fashionnetwork.com\/news\/El-premio-mario-hernandez-confirma-su-edicion-2022,1381152.html<\/a><\/p>\n<p>&#8212;&#8212;&#8212;&#8212;&#8212;&#8212;&#8212;&#8212;&#8212;&#8212;&#8212;&#8212;&#8212;&#8212;&#8212;&#8211;<br \/>\nPara comunicarse con CueroAm\u00e9rica: <span style=\"color: #3366ff;\"><a style=\"color: #3366ff;\" href=\"mailto:contacto@cueroamerica.com\">contacto@cueroamerica.com<\/a><\/span><\/p>\n<table>\n<tbody>\n<tr>\n<td width=\"300\">\n<div align=\"center\">\n<p>&nbsp;<\/p>\n<div align=\"center\"><img loading=\"lazy\" decoding=\"async\" src=\"\/img\/publicidad\/2021\/APLF22-marabr_dubai_FA_banner_300X200.gif\" alt=\"\" width=\"300\" height=\"200\" \/><\/div>\n<p>&nbsp;<\/p>\n<\/div>\n<\/td>\n<td width=\"171\">\n<div align=\"center\"><a href=\"https:\/\/milano.themicam.com\/en\/visitors-registration\/\" target=\"_blank\" rel=\"noopener\"><img loading=\"lazy\" decoding=\"async\" src=\"\/img\/publicidad\/2022\/micam2022_300x200-80k.gif\" alt=\"\" width=\"300\" height=\"200\" \/><\/a><\/div>\n<\/td>\n<\/tr>\n<\/tbody>\n<\/table>\n","protected":false},"excerpt":{"rendered":"<p>El Premio Mario Hern\u00e1ndez, de la tradicional marca de marroquiner\u00eda, celebrar\u00e1 su edici\u00f3n n\u00famero 16 en Colombia. El certamen que encabeza este destacado empresario busca reconocer, premiar e impulsar lo mejor del talento en moda y est\u00e9tica en Colombia. Este a\u00f1o el certamen anexa nuevas categor\u00edas y tres potenciales ganadores con m\u00e1s de 150 millones [&hellip;]<\/p>\n","protected":false},"author":4,"featured_media":0,"comment_status":"closed","ping_status":"closed","sticky":false,"template":"","format":"standard","meta":{"footnotes":""},"categories":[69],"tags":[],"class_list":["post-19373","post","type-post","status-publish","format-standard","hentry","category-tendencias-y-moda","count-0","even alt","author-","last"],"_links":{"self":[{"href":"http:\/\/cueroamerica.info\/wpnews\/wp-json\/wp\/v2\/posts\/19373","targetHints":{"allow":["GET"]}}],"collection":[{"href":"http:\/\/cueroamerica.info\/wpnews\/wp-json\/wp\/v2\/posts"}],"about":[{"href":"http:\/\/cueroamerica.info\/wpnews\/wp-json\/wp\/v2\/types\/post"}],"author":[{"embeddable":true,"href":"http:\/\/cueroamerica.info\/wpnews\/wp-json\/wp\/v2\/users\/4"}],"replies":[{"embeddable":true,"href":"http:\/\/cueroamerica.info\/wpnews\/wp-json\/wp\/v2\/comments?post=19373"}],"version-history":[{"count":1,"href":"http:\/\/cueroamerica.info\/wpnews\/wp-json\/wp\/v2\/posts\/19373\/revisions"}],"predecessor-version":[{"id":19374,"href":"http:\/\/cueroamerica.info\/wpnews\/wp-json\/wp\/v2\/posts\/19373\/revisions\/19374"}],"wp:attachment":[{"href":"http:\/\/cueroamerica.info\/wpnews\/wp-json\/wp\/v2\/media?parent=19373"}],"wp:term":[{"taxonomy":"category","embeddable":true,"href":"http:\/\/cueroamerica.info\/wpnews\/wp-json\/wp\/v2\/categories?post=19373"},{"taxonomy":"post_tag","embeddable":true,"href":"http:\/\/cueroamerica.info\/wpnews\/wp-json\/wp\/v2\/tags?post=19373"}],"curies":[{"name":"wp","href":"https:\/\/api.w.org\/{rel}","templated":true}]}}