{"id":19424,"date":"2022-03-22T14:07:21","date_gmt":"2022-03-22T14:07:21","guid":{"rendered":"http:\/\/cueroamerica.info\/wpnews\/?p=19424"},"modified":"2022-03-22T14:07:21","modified_gmt":"2022-03-22T14:07:21","slug":"piden-a-las-autoridades-que-europa-frene-la-exportacion-de-pieles-crudas-o-wet-blue","status":"publish","type":"post","link":"http:\/\/cueroamerica.info\/wpnews\/2022\/03\/piden-a-las-autoridades-que-europa-frene-la-exportacion-de-pieles-crudas-o-wet-blue\/","title":{"rendered":"Piden a las autoridades que Europa frene la exportaci\u00f3n de pieles crudas o wet blue"},"content":{"rendered":"<p><a href=\"http:\/\/cueroamerica.info\/wpnews\/wp-content\/uploads\/2022\/03\/WETBLUE-702x336-1.jpg\"><img loading=\"lazy\" decoding=\"async\" class=\" wp-image-19412 alignright\" src=\"http:\/\/cueroamerica.info\/wpnews\/wp-content\/uploads\/2022\/03\/WETBLUE-702x336-1-300x144.jpg\" alt=\"\" width=\"244\" height=\"117\" srcset=\"http:\/\/cueroamerica.info\/wpnews\/wp-content\/uploads\/2022\/03\/WETBLUE-702x336-1-300x144.jpg 300w, http:\/\/cueroamerica.info\/wpnews\/wp-content\/uploads\/2022\/03\/WETBLUE-702x336-1.jpg 702w\" sizes=\"auto, (max-width: 244px) 100vw, 244px\" \/><\/a>Deben limitarse las exportaciones de materias primas -pieles crudas y semiacabadas- de la Uni\u00f3n Europea a pa\u00edses por fuera de las fronteras de ese Continente, reclaman las entidades empresarias de esa regi\u00f3n. UNIC, la asociaci\u00f3n de curtidur\u00edas italianas y Cotance (la confederaci\u00f3n europea de asociaciones de curtidores) preparan una solicitud formal a la Comisi\u00f3n Europea para reclamar la prohibici\u00f3n.<\/p>\n<p><a href=\"http:\/\/cueroamerica.info\/wpnews\/wp-content\/uploads\/2022\/03\/Salado-de-pieles-.jpg\"><img loading=\"lazy\" decoding=\"async\" class=\"alignleft wp-image-19411\" src=\"http:\/\/cueroamerica.info\/wpnews\/wp-content\/uploads\/2022\/03\/Salado-de-pieles--300x200.jpg\" alt=\"\" width=\"245\" height=\"163\" srcset=\"http:\/\/cueroamerica.info\/wpnews\/wp-content\/uploads\/2022\/03\/Salado-de-pieles--300x200.jpg 300w, http:\/\/cueroamerica.info\/wpnews\/wp-content\/uploads\/2022\/03\/Salado-de-pieles--1024x683.jpg 1024w, http:\/\/cueroamerica.info\/wpnews\/wp-content\/uploads\/2022\/03\/Salado-de-pieles--768x512.jpg 768w, http:\/\/cueroamerica.info\/wpnews\/wp-content\/uploads\/2022\/03\/Salado-de-pieles--1536x1025.jpg 1536w, http:\/\/cueroamerica.info\/wpnews\/wp-content\/uploads\/2022\/03\/Salado-de-pieles-.jpg 2000w\" sizes=\"auto, (max-width: 245px) 100vw, 245px\" \/><\/a>Las asociaciones empresarias consideran que, ante la crisis b\u00e9lica de Ucrania, ser\u00eda \u201cuna iniciativa fundamental de apoyo a las tener\u00edas europeas\u201d. \u00abA la luz de todos los problemas relacionados con la adquisici\u00f3n de materias primas -se\u00f1ala un comunicado de UNIC-, establecer limitaciones a la exportaci\u00f3n europea de cueros en bruto \/ semielaborados nos permitir\u00eda enfrentar una situaci\u00f3n extremadamente cr\u00edtica en el frente de compras. \u00abEsto -explica UNIC-, porque \u201clos principales competidores no europeos, asi\u00e1ticos y sudamericanos tienen mayor disponibilidad de materia prima\u201d, por lo tanto creen que \u201caprovechar\u00e1n comercialmente las consecuencias econ\u00f3micas del conflicto entre Rusia y Ucrania\u201d, explican los curtidores italianos.<\/p>\n<p>Dicen que la relaci\u00f3n comercial entre Italia y Ucrania, Rusia y Bielorrusia muestra una din\u00e1mica particular, principalmente relacionada con la compra de crudo y, sobre todo, de wet blue. \u00abEsta \u00e1rea -subraya UNIC- representa alrededor del 3,5% de las compras italianas de materias primas extranjeras\u00bb. En este contexto, \u201cUcrania ocupa el d\u00e9cimo lugar como pa\u00eds proveedor\u201d.<\/p>\n<p><a href=\"http:\/\/cueroamerica.info\/wpnews\/wp-content\/uploads\/2022\/03\/2.-Curtiembre.jpg\"><img loading=\"lazy\" decoding=\"async\" class=\" wp-image-19410 alignright\" src=\"http:\/\/cueroamerica.info\/wpnews\/wp-content\/uploads\/2022\/03\/2.-Curtiembre-300x200.jpg\" alt=\"\" width=\"245\" height=\"163\" srcset=\"http:\/\/cueroamerica.info\/wpnews\/wp-content\/uploads\/2022\/03\/2.-Curtiembre-300x200.jpg 300w, http:\/\/cueroamerica.info\/wpnews\/wp-content\/uploads\/2022\/03\/2.-Curtiembre.jpg 400w\" sizes=\"auto, (max-width: 245px) 100vw, 245px\" \/><\/a>La exportaci\u00f3n de pieles curtidas italianas a ese mercado, en cambio, \u00abno tiene una importancia primordial porque representa el 1% del total\u00bb. Pero consideran que las consecuencias de esta crisis, para los curtidores de Italia, pueden ser incalculables.<\/p>\n<p>Piensan que el estr\u00e9s comercial que actualmente ya est\u00e1n experimentando los fabricantes italianos del sector del cuero, por el hecho de haber perdido su salida a estos mercados, repercute en la actividad de las curtiembres italianas.<\/p>\n<p>El documento de UNIC dice que esto contribuye a que \u201cla evoluci\u00f3n de los precios internacionales sea a\u00fan m\u00e1s compleja, fr\u00e1gil y vol\u00e1til, provocando nuevas presiones alcistas\u201d.<br \/>\n&#8212;&#8212;&#8212;&#8212;&#8212;&#8212;&#8212;&#8212;&#8212;&#8212;&#8212;&#8212;&#8212;&#8212;<br \/>\nLa Conceria \/ CueroAm\u00e9rica<\/p>\n<p>&#8212;&#8212;&#8212;&#8212;&#8212;&#8212;&#8212;&#8212;&#8212;&#8212;&#8212;&#8212;&#8212;&#8212;&#8212;&#8211;<br \/>\nPara comunicarse con CueroAm\u00e9rica: <span style=\"color: #3366ff;\"><a style=\"color: #3366ff;\" href=\"mailto:contacto@cueroamerica.com\">contacto@cueroamerica.com<\/a><\/span><\/p>\n<table>\n<tbody>\n<tr>\n<td width=\"300\">\n<div align=\"center\"><a href=\"http:\/\/bit.ly\/2q2HjkA\" target=\"_blank\" rel=\"noopener\"><img loading=\"lazy\" decoding=\"async\" src=\"\/img\/publicidad\/banner_jn-082016.gif\" width=\"300\" height=\"200\" \/><\/a><\/div>\n<\/td>\n<td width=\"171\">\n<div align=\"center\"><a href=\"https:\/\/www.leatherfair.aplf.com\/en-us\/?utm_source=cueroamerica&amp;utm_medium=banner&amp;utm_campaign=aplf22\" target=\"_blank\" rel=\"noopener\"><img loading=\"lazy\" decoding=\"async\" src=\"\/img\/publicidad\/2021\/mat-plus_dubai_marz2022.png\" alt=\"\" width=\"300\" height=\"200\" \/><\/a><\/div>\n<\/td>\n<\/tr>\n<\/tbody>\n<\/table>\n","protected":false},"excerpt":{"rendered":"<p>Deben limitarse las exportaciones de materias primas -pieles crudas y semiacabadas- de la Uni\u00f3n Europea a pa\u00edses por fuera de las fronteras de ese Continente, reclaman las entidades empresarias de esa regi\u00f3n. UNIC, la asociaci\u00f3n de curtidur\u00edas italianas y Cotance (la confederaci\u00f3n europea de asociaciones de curtidores) preparan una solicitud formal a la Comisi\u00f3n Europea [&hellip;]<\/p>\n","protected":false},"author":4,"featured_media":0,"comment_status":"closed","ping_status":"closed","sticky":false,"template":"","format":"standard","meta":{"footnotes":""},"categories":[7,85,63],"tags":[],"class_list":["post-19424","post","type-post","status-publish","format-standard","hentry","category-cuero-y-pieles","category-materias-primas","category-noticias-de-europa","count-0","even alt","author-","last"],"_links":{"self":[{"href":"http:\/\/cueroamerica.info\/wpnews\/wp-json\/wp\/v2\/posts\/19424","targetHints":{"allow":["GET"]}}],"collection":[{"href":"http:\/\/cueroamerica.info\/wpnews\/wp-json\/wp\/v2\/posts"}],"about":[{"href":"http:\/\/cueroamerica.info\/wpnews\/wp-json\/wp\/v2\/types\/post"}],"author":[{"embeddable":true,"href":"http:\/\/cueroamerica.info\/wpnews\/wp-json\/wp\/v2\/users\/4"}],"replies":[{"embeddable":true,"href":"http:\/\/cueroamerica.info\/wpnews\/wp-json\/wp\/v2\/comments?post=19424"}],"version-history":[{"count":2,"href":"http:\/\/cueroamerica.info\/wpnews\/wp-json\/wp\/v2\/posts\/19424\/revisions"}],"predecessor-version":[{"id":19460,"href":"http:\/\/cueroamerica.info\/wpnews\/wp-json\/wp\/v2\/posts\/19424\/revisions\/19460"}],"wp:attachment":[{"href":"http:\/\/cueroamerica.info\/wpnews\/wp-json\/wp\/v2\/media?parent=19424"}],"wp:term":[{"taxonomy":"category","embeddable":true,"href":"http:\/\/cueroamerica.info\/wpnews\/wp-json\/wp\/v2\/categories?post=19424"},{"taxonomy":"post_tag","embeddable":true,"href":"http:\/\/cueroamerica.info\/wpnews\/wp-json\/wp\/v2\/tags?post=19424"}],"curies":[{"name":"wp","href":"https:\/\/api.w.org\/{rel}","templated":true}]}}