{"id":19426,"date":"2022-03-22T14:14:51","date_gmt":"2022-03-22T14:14:51","guid":{"rendered":"http:\/\/cueroamerica.info\/wpnews\/?p=19426"},"modified":"2022-03-22T14:15:24","modified_gmt":"2022-03-22T14:15:24","slug":"los-negocios-generados-en-fimec-marcan-la-reactivacion-del-sector-calzado-de-brasil","status":"publish","type":"post","link":"http:\/\/cueroamerica.info\/wpnews\/2022\/03\/los-negocios-generados-en-fimec-marcan-la-reactivacion-del-sector-calzado-de-brasil\/","title":{"rendered":"Los negocios generados en Fimec marcan la reactivaci\u00f3n del sector calzado de Brasil"},"content":{"rendered":"<p><a href=\"http:\/\/cueroamerica.info\/wpnews\/wp-content\/uploads\/2022\/03\/Fimec-2022-Credito-Diego-Soares-Talenttare-1.jpg\"><img loading=\"lazy\" decoding=\"async\" class=\"alignleft wp-image-19413\" src=\"http:\/\/cueroamerica.info\/wpnews\/wp-content\/uploads\/2022\/03\/Fimec-2022-Credito-Diego-Soares-Talenttare-1-300x200.jpg\" alt=\"\" width=\"249\" height=\"166\" srcset=\"http:\/\/cueroamerica.info\/wpnews\/wp-content\/uploads\/2022\/03\/Fimec-2022-Credito-Diego-Soares-Talenttare-1-300x200.jpg 300w, http:\/\/cueroamerica.info\/wpnews\/wp-content\/uploads\/2022\/03\/Fimec-2022-Credito-Diego-Soares-Talenttare-1-1024x683.jpg 1024w, http:\/\/cueroamerica.info\/wpnews\/wp-content\/uploads\/2022\/03\/Fimec-2022-Credito-Diego-Soares-Talenttare-1-768x512.jpg 768w, http:\/\/cueroamerica.info\/wpnews\/wp-content\/uploads\/2022\/03\/Fimec-2022-Credito-Diego-Soares-Talenttare-1.jpg 1100w\" sizes=\"auto, (max-width: 249px) 100vw, 249px\" \/><\/a>Durante tres d\u00edas, la 45\u00aa Fimec, la Feria Internacional de Cueros, Productos Qu\u00edmicos, Componentes, M\u00e1quinas y Equipos para Calzados y Curtiembres, reuni\u00f3 al cl\u00faster del sector para presentar lanzamientos de materias primas, tecnolog\u00eda y servicios, en la Fenac, en Novo Hamburgo\/RS, al sur de Brasil. El evento produjo un buen ambiente para que un calificado p\u00fablico de profesionales hiciera contactos, construyera v\u00ednculos y cerrara de negocios.<\/p>\n<p>Fimec 2022 reuni\u00f3 a cerca de 280 expositores que presentaron novedades en cueros, productos qu\u00edmicos, componentes, insumos, m\u00e1quinas, equipos y tecnolog\u00edas para calzados y curtiembres. Al cierre del sal\u00f3n, la opini\u00f3n de los expositores fue de una recuperaci\u00f3n del optimismo en el sector, tras casi dos a\u00f1os sin eventos.<\/p>\n<p><a href=\"http:\/\/cueroamerica.info\/wpnews\/wp-content\/uploads\/2022\/03\/Fimec-2022-Credito-Diego-Soares-Talenttare-2.jpg\"><img loading=\"lazy\" decoding=\"async\" class=\" wp-image-19414 alignright\" src=\"http:\/\/cueroamerica.info\/wpnews\/wp-content\/uploads\/2022\/03\/Fimec-2022-Credito-Diego-Soares-Talenttare-2-300x200.jpg\" alt=\"\" width=\"248\" height=\"165\" srcset=\"http:\/\/cueroamerica.info\/wpnews\/wp-content\/uploads\/2022\/03\/Fimec-2022-Credito-Diego-Soares-Talenttare-2-300x200.jpg 300w, http:\/\/cueroamerica.info\/wpnews\/wp-content\/uploads\/2022\/03\/Fimec-2022-Credito-Diego-Soares-Talenttare-2-1024x683.jpg 1024w, http:\/\/cueroamerica.info\/wpnews\/wp-content\/uploads\/2022\/03\/Fimec-2022-Credito-Diego-Soares-Talenttare-2-768x512.jpg 768w, http:\/\/cueroamerica.info\/wpnews\/wp-content\/uploads\/2022\/03\/Fimec-2022-Credito-Diego-Soares-Talenttare-2-1536x1024.jpg 1536w, http:\/\/cueroamerica.info\/wpnews\/wp-content\/uploads\/2022\/03\/Fimec-2022-Credito-Diego-Soares-Talenttare-2.jpg 1584w\" sizes=\"auto, (max-width: 248px) 100vw, 248px\" \/><\/a>La feria reflej\u00f3 la recuperaci\u00f3n de la industria del calzado brasilera en el \u00e1mbito local y especialmente en sus exportaciones. La gran industria de Brasil esta aprovechando las dificultades en el abastecimiento de productos asi\u00e1ticos tanto en productos terminados como en materias primas y componentes. En el primero caso, las compras de calzado por parte del mercado de los Estados Unidos y otros pa\u00edses de la regi\u00f3n, est\u00e1n generando gran actividad. La situaci\u00f3n se repite en el caso de los insumos, componentes y materiales, por lo que la industria latinoamericana encontr\u00f3 en Fimec respuesta a sus necesidades.<\/p>\n<p><a href=\"http:\/\/cueroamerica.info\/wpnews\/wp-content\/uploads\/2022\/03\/Fimec-2022-Credito-Diego-Soares-Talenttare-5.jpg\"><img loading=\"lazy\" decoding=\"async\" class=\"alignleft wp-image-19416\" src=\"http:\/\/cueroamerica.info\/wpnews\/wp-content\/uploads\/2022\/03\/Fimec-2022-Credito-Diego-Soares-Talenttare-5-300x200.jpg\" alt=\"\" width=\"239\" height=\"159\" srcset=\"http:\/\/cueroamerica.info\/wpnews\/wp-content\/uploads\/2022\/03\/Fimec-2022-Credito-Diego-Soares-Talenttare-5-300x200.jpg 300w, http:\/\/cueroamerica.info\/wpnews\/wp-content\/uploads\/2022\/03\/Fimec-2022-Credito-Diego-Soares-Talenttare-5-1024x684.jpg 1024w, http:\/\/cueroamerica.info\/wpnews\/wp-content\/uploads\/2022\/03\/Fimec-2022-Credito-Diego-Soares-Talenttare-5-768x513.jpg 768w, http:\/\/cueroamerica.info\/wpnews\/wp-content\/uploads\/2022\/03\/Fimec-2022-Credito-Diego-Soares-Talenttare-5.jpg 1200w\" sizes=\"auto, (max-width: 239px) 100vw, 239px\" \/><\/a>El titular de la feria, Marcio Jung, asegur\u00f3 que el saldo de esta edici\u00f3n fue positivo. \u201cFue una Fimec pujante y con calidad, que congreg\u00f3 a visitantes con capacidad de tomar decisiones -destac\u00f3-. \u201cEsta es la Fimec m\u00e1s sorprendente de todos los tiempos, tanto para expositores como para los visitantes de la cadena del calzado en Latinoam\u00e9rica\u201d, relat\u00f3 el directivo. Y agreg\u00f3: \u201cpara 2023, esperamos una feria a\u00fan mayor\u201d.<\/p>\n<p>Los organizadores resaltaron que esta edici\u00f3n de Fimec se destac\u00f3 por la presencia de un calificado nivel de visitantes, incluyendo a 96 compradores internacionales especialmente invitados. Los empresarios y profesionales brasileros y extranjeros -especialmente latianoamericanos- ponderaron las novedades expuestas y muy especialmente la posibilidad de ver equipos y productos en acci\u00f3n a trav\u00e9s de la f\u00e1brica modelo que funcion\u00f3 los tres d\u00edas de la feria.<\/p>\n<p>La 46\u00aa Fimec (Feria Internacional de Cueros, Productos Qu\u00edmicos, Componentes, M\u00e1quinas y Equipos para Calzados y Curtiembres), est\u00e1 programada para los d\u00edas 7 a 9 de marzo de 2023, en su tradicional espacio de los pabellones de la Fenac, en la ciudad de Novo Hamburgo.<br \/>\n&#8212;&#8212;&#8212;&#8212;&#8212;&#8212;&#8212;&#8212;&#8212;&#8212;&#8212;&#8212;&#8211;<br \/>\nFENAC \/ CueroAm\u00e9rica<\/p>\n<p>&#8212;&#8212;&#8212;&#8212;&#8212;&#8212;&#8212;&#8212;&#8212;&#8212;&#8212;&#8212;&#8212;&#8212;&#8212;&#8211;<br \/>\nPara comunicarse con CueroAm\u00e9rica: <span style=\"color: #3366ff;\"><a style=\"color: #3366ff;\" href=\"mailto:contacto@cueroamerica.com\">contacto@cueroamerica.com<\/a><\/span><\/p>\n<table>\n<tbody>\n<tr>\n<td width=\"300\">\n<div align=\"center\">\n<div align=\"center\"><img loading=\"lazy\" decoding=\"async\" class=\"aligncenter\" src=\"\/img\/publicidad\/2021\/APLF22-marabr_dubai_FA_banner_300X200.gif\" alt=\"\" width=\"300\" height=\"200\" \/><\/div>\n<\/div>\n<\/td>\n<td width=\"171\">\n<div align=\"center\"><a href=\"https:\/\/www.leatherfair.aplf.com\/en-us\/?utm_source=cueroamerica&amp;utm_medium=banner&amp;utm_campaign=aplf22\" target=\"_blank\" rel=\"noopener\"><img loading=\"lazy\" decoding=\"async\" class=\"aligncenter\" src=\"\/img\/publicidad\/2021\/aplf_dubai_marz2022.png\" width=\"300\" height=\"200\" \/><\/a><\/div>\n<\/td>\n<\/tr>\n<\/tbody>\n<\/table>\n","protected":false},"excerpt":{"rendered":"<p>Durante tres d\u00edas, la 45\u00aa Fimec, la Feria Internacional de Cueros, Productos Qu\u00edmicos, Componentes, M\u00e1quinas y Equipos para Calzados y Curtiembres, reuni\u00f3 al cl\u00faster del sector para presentar lanzamientos de materias primas, tecnolog\u00eda y servicios, en la Fenac, en Novo Hamburgo\/RS, al sur de Brasil. El evento produjo un buen ambiente para que un calificado [&hellip;]<\/p>\n","protected":false},"author":4,"featured_media":0,"comment_status":"closed","ping_status":"closed","sticky":false,"template":"","format":"standard","meta":{"footnotes":""},"categories":[66,60],"tags":[],"class_list":["post-19426","post","type-post","status-publish","format-standard","hentry","category-ferias-realizadas","category-ferias","count-0","even alt","author-","last"],"_links":{"self":[{"href":"http:\/\/cueroamerica.info\/wpnews\/wp-json\/wp\/v2\/posts\/19426","targetHints":{"allow":["GET"]}}],"collection":[{"href":"http:\/\/cueroamerica.info\/wpnews\/wp-json\/wp\/v2\/posts"}],"about":[{"href":"http:\/\/cueroamerica.info\/wpnews\/wp-json\/wp\/v2\/types\/post"}],"author":[{"embeddable":true,"href":"http:\/\/cueroamerica.info\/wpnews\/wp-json\/wp\/v2\/users\/4"}],"replies":[{"embeddable":true,"href":"http:\/\/cueroamerica.info\/wpnews\/wp-json\/wp\/v2\/comments?post=19426"}],"version-history":[{"count":5,"href":"http:\/\/cueroamerica.info\/wpnews\/wp-json\/wp\/v2\/posts\/19426\/revisions"}],"predecessor-version":[{"id":19431,"href":"http:\/\/cueroamerica.info\/wpnews\/wp-json\/wp\/v2\/posts\/19426\/revisions\/19431"}],"wp:attachment":[{"href":"http:\/\/cueroamerica.info\/wpnews\/wp-json\/wp\/v2\/media?parent=19426"}],"wp:term":[{"taxonomy":"category","embeddable":true,"href":"http:\/\/cueroamerica.info\/wpnews\/wp-json\/wp\/v2\/categories?post=19426"},{"taxonomy":"post_tag","embeddable":true,"href":"http:\/\/cueroamerica.info\/wpnews\/wp-json\/wp\/v2\/tags?post=19426"}],"curies":[{"name":"wp","href":"https:\/\/api.w.org\/{rel}","templated":true}]}}