{"id":19473,"date":"2022-03-29T14:18:52","date_gmt":"2022-03-29T14:18:52","guid":{"rendered":"http:\/\/cueroamerica.info\/wpnews\/?p=19473"},"modified":"2022-03-29T14:18:52","modified_gmt":"2022-03-29T14:18:52","slug":"la-feria-simac-tanning-tech-anuncio-la-nueva-edicion-que-sera-en-el-mes-de-septiembre","status":"publish","type":"post","link":"http:\/\/cueroamerica.info\/wpnews\/2022\/03\/la-feria-simac-tanning-tech-anuncio-la-nueva-edicion-que-sera-en-el-mes-de-septiembre\/","title":{"rendered":"La feria Simac-Tanning Tech anunci\u00f3 la nueva edici\u00f3n que ser\u00e1 en el mes de septiembre"},"content":{"rendered":"<p><a href=\"http:\/\/cueroamerica.info\/wpnews\/wp-content\/uploads\/2022\/03\/1a.jpg\"><img loading=\"lazy\" decoding=\"async\" class=\"alignleft wp-image-19458\" src=\"http:\/\/cueroamerica.info\/wpnews\/wp-content\/uploads\/2022\/03\/1a-300x200.jpg\" alt=\"\" width=\"245\" height=\"163\" srcset=\"http:\/\/cueroamerica.info\/wpnews\/wp-content\/uploads\/2022\/03\/1a-300x200.jpg 300w, http:\/\/cueroamerica.info\/wpnews\/wp-content\/uploads\/2022\/03\/1a-1024x683.jpg 1024w, http:\/\/cueroamerica.info\/wpnews\/wp-content\/uploads\/2022\/03\/1a-768x512.jpg 768w, http:\/\/cueroamerica.info\/wpnews\/wp-content\/uploads\/2022\/03\/1a.jpg 1400w\" sizes=\"auto, (max-width: 245px) 100vw, 245px\" \/><\/a>La nueva edici\u00f3n de Simac-Tanning Tech, la feria de m\u00e1quinas y tecnolog\u00eda para las industrias del calzado, marroquiner\u00eda y cuero, se realizar\u00e1 en Milano, del 20 al 22 de septiembre pr\u00f3ximo. Tendr\u00e1 lugar en simult\u00e1neo con los salones Lineapelle, Micam, Mipel y The One Milano, eventos del sector que son complementarios.<\/p>\n<p>Seg\u00fan el \u00faltimo comunicado de prensa emitido por ASSOMAC, la asociaci\u00f3n italiana de fabricantes de maquinarias, que es el organizador de la feria, inform\u00f3 que \u201cla conjunci\u00f3n de exposiciones del sector manufacturero representa un elemento estrat\u00e9gico para toda la cadena de suministro\u201d.<\/p>\n<p><a href=\"http:\/\/cueroamerica.info\/wpnews\/wp-content\/uploads\/2022\/03\/2a-1.jpg\"><img loading=\"lazy\" decoding=\"async\" class=\" wp-image-19457 alignright\" src=\"http:\/\/cueroamerica.info\/wpnews\/wp-content\/uploads\/2022\/03\/2a-1-300x200.jpg\" alt=\"\" width=\"246\" height=\"164\" srcset=\"http:\/\/cueroamerica.info\/wpnews\/wp-content\/uploads\/2022\/03\/2a-1-300x200.jpg 300w, http:\/\/cueroamerica.info\/wpnews\/wp-content\/uploads\/2022\/03\/2a-1-1024x683.jpg 1024w, http:\/\/cueroamerica.info\/wpnews\/wp-content\/uploads\/2022\/03\/2a-1-768x512.jpg 768w, http:\/\/cueroamerica.info\/wpnews\/wp-content\/uploads\/2022\/03\/2a-1.jpg 1400w\" sizes=\"auto, (max-width: 246px) 100vw, 246px\" \/><\/a>\u201cEs por ello que la Secretar\u00eda de Organizaci\u00f3n desea anunciar que la pr\u00f3xima edici\u00f3n de SIMAC-TANNING TECH, la exposici\u00f3n internacional de m\u00e1quinas y tecnolog\u00edas para la industria del calzado, marroquiner\u00eda y curtidos, se llevar\u00e1 a cabo del martes 20 al jueves 22 de septiembre de 2022\u201d, destaca ASSOMAC.<\/p>\n<p>\u201cLa coordinaci\u00f3n de las fechas fue necesaria para asegurar la simultaneidad con LINEAPELLE 100 y la combinaci\u00f3n parcial con MICAM, MIPEL y THE ONE MILANO\u201d.<\/p>\n<p>La entidad empresaria italiana asegura que \u201cse trata de alinear a todos los eventos complementarios y sectoriales dentro de una misma semana, para que los visitantes puedan acceder, en un mismo lugar, a un panorama integral y general de la cadena materiales-productos terminados-moda y tecnolog\u00eda\u201d.<br \/>\n&#8212;&#8212;&#8212;&#8212;&#8212;&#8212;&#8212;&#8212;&#8212;&#8212;&#8212;&#8212;&#8212;-<br \/>\nASOMAC \/ CueroAm\u00e9rica<\/p>\n<p>&#8212;&#8212;&#8212;&#8212;&#8212;&#8212;&#8212;&#8212;&#8212;&#8212;&#8212;&#8212;&#8212;&#8212;&#8212;&#8211;<br \/>\nPara comunicarse con CueroAm\u00e9rica: <span style=\"color: #3366ff;\"><a style=\"color: #3366ff;\" href=\"mailto:contacto@cueroamerica.com\">contacto@cueroamerica.com<\/a><\/span><\/p>\n<table>\n<tbody>\n<tr>\n<td width=\"300\">\n<div align=\"center\"><a href=\"http:\/\/bit.ly\/2qWKHwZ\" target=\"_blank\" rel=\"noopener\"><img loading=\"lazy\" decoding=\"async\" src=\"\/img\/publicidad\/aaqtic-banner.gif\" alt=\"\" width=\"300\" height=\"200\" border=\"0\" \/><\/a><\/div>\n<\/td>\n<td width=\"171\">\n<div align=\"center\"><a href=\"https:\/\/www.aclechina.com\/en-us\/\" target=\"_blank\" rel=\"noopener\"><img loading=\"lazy\" decoding=\"async\" src=\"\/img\/publicidad\/2021\/ACLE22_banner_300x200_3.jpg\" width=\"300\" height=\"201\" \/><\/a><\/div>\n<\/td>\n<\/tr>\n<\/tbody>\n<\/table>\n","protected":false},"excerpt":{"rendered":"<p>La nueva edici\u00f3n de Simac-Tanning Tech, la feria de m\u00e1quinas y tecnolog\u00eda para las industrias del calzado, marroquiner\u00eda y cuero, se realizar\u00e1 en Milano, del 20 al 22 de septiembre pr\u00f3ximo. Tendr\u00e1 lugar en simult\u00e1neo con los salones Lineapelle, Micam, Mipel y The One Milano, eventos del sector que son complementarios. Seg\u00fan el \u00faltimo comunicado [&hellip;]<\/p>\n","protected":false},"author":4,"featured_media":0,"comment_status":"closed","ping_status":"closed","sticky":false,"template":"","format":"standard","meta":{"footnotes":""},"categories":[65,60],"tags":[],"class_list":["post-19473","post","type-post","status-publish","format-standard","hentry","category-ferias-proximas","category-ferias","count-0","even alt","author-","last"],"_links":{"self":[{"href":"http:\/\/cueroamerica.info\/wpnews\/wp-json\/wp\/v2\/posts\/19473","targetHints":{"allow":["GET"]}}],"collection":[{"href":"http:\/\/cueroamerica.info\/wpnews\/wp-json\/wp\/v2\/posts"}],"about":[{"href":"http:\/\/cueroamerica.info\/wpnews\/wp-json\/wp\/v2\/types\/post"}],"author":[{"embeddable":true,"href":"http:\/\/cueroamerica.info\/wpnews\/wp-json\/wp\/v2\/users\/4"}],"replies":[{"embeddable":true,"href":"http:\/\/cueroamerica.info\/wpnews\/wp-json\/wp\/v2\/comments?post=19473"}],"version-history":[{"count":1,"href":"http:\/\/cueroamerica.info\/wpnews\/wp-json\/wp\/v2\/posts\/19473\/revisions"}],"predecessor-version":[{"id":19474,"href":"http:\/\/cueroamerica.info\/wpnews\/wp-json\/wp\/v2\/posts\/19473\/revisions\/19474"}],"wp:attachment":[{"href":"http:\/\/cueroamerica.info\/wpnews\/wp-json\/wp\/v2\/media?parent=19473"}],"wp:term":[{"taxonomy":"category","embeddable":true,"href":"http:\/\/cueroamerica.info\/wpnews\/wp-json\/wp\/v2\/categories?post=19473"},{"taxonomy":"post_tag","embeddable":true,"href":"http:\/\/cueroamerica.info\/wpnews\/wp-json\/wp\/v2\/tags?post=19473"}],"curies":[{"name":"wp","href":"https:\/\/api.w.org\/{rel}","templated":true}]}}