{"id":19582,"date":"2022-04-21T13:21:45","date_gmt":"2022-04-21T13:21:45","guid":{"rendered":"http:\/\/cueroamerica.info\/wpnews\/?p=19582"},"modified":"2022-04-21T13:21:45","modified_gmt":"2022-04-21T13:21:45","slug":"el-grupo-dass-anuncio-mas-inversiones-y-producira-una-nueva-linea-de-calzado-fila","status":"publish","type":"post","link":"http:\/\/cueroamerica.info\/wpnews\/2022\/04\/el-grupo-dass-anuncio-mas-inversiones-y-producira-una-nueva-linea-de-calzado-fila\/","title":{"rendered":"El Grupo Dass anunci\u00f3 m\u00e1s inversiones y producir\u00e1 una nueva l\u00ednea de calzado Fila"},"content":{"rendered":"<div id=\"attachment_19570\" style=\"width: 259px\" class=\"wp-caption alignleft\"><a href=\"http:\/\/cueroamerica.info\/wpnews\/wp-content\/uploads\/2022\/04\/Planta-Coronel-Suarez-del-Grupo-Dass-_2-.jpg\"><img loading=\"lazy\" decoding=\"async\" aria-describedby=\"caption-attachment-19570\" class=\" wp-image-19570\" src=\"http:\/\/cueroamerica.info\/wpnews\/wp-content\/uploads\/2022\/04\/Planta-Coronel-Suarez-del-Grupo-Dass-_2--300x169.jpg\" alt=\"\" width=\"249\" height=\"140\" srcset=\"http:\/\/cueroamerica.info\/wpnews\/wp-content\/uploads\/2022\/04\/Planta-Coronel-Suarez-del-Grupo-Dass-_2--300x169.jpg 300w, http:\/\/cueroamerica.info\/wpnews\/wp-content\/uploads\/2022\/04\/Planta-Coronel-Suarez-del-Grupo-Dass-_2--1024x575.jpg 1024w, http:\/\/cueroamerica.info\/wpnews\/wp-content\/uploads\/2022\/04\/Planta-Coronel-Suarez-del-Grupo-Dass-_2--768x432.jpg 768w, http:\/\/cueroamerica.info\/wpnews\/wp-content\/uploads\/2022\/04\/Planta-Coronel-Suarez-del-Grupo-Dass-_2-.jpg 1500w\" sizes=\"auto, (max-width: 249px) 100vw, 249px\" \/><\/a><p id=\"caption-attachment-19570\" class=\"wp-caption-text\">Planta Coronel Su\u00e1rez del Grupo Dass.<\/p><\/div>\n<p>El Grupo Dass -la compa\u00f1\u00eda de origen brasilero radicada en Argentina, que produce calzado deportivo, anunci\u00f3 que comenzar\u00e1 a fabricar la marca FILA. Lo har\u00e1 en la planta que posee en Coronel Su\u00e1rez, provincia de Buenos Aires, donde incorporar\u00e1 2 l\u00edneas de producci\u00f3n y sumar\u00e1 100 nuevos puestos de trabajo.<\/p>\n<p>Dass elabora en Argentina las marcas Adidas y Reebok, y ahora sumar\u00e1 los productos de FILA. En su otra planta en la provincia de Misiones, tambi\u00e9n fabrican las marcas Nike, Umbro, Asics y Under Armour. En la actualidad, la empresa cuenta con una plantilla total de m\u00e1s de 1.500 trabajadores.<\/p>\n<p><a href=\"http:\/\/cueroamerica.info\/wpnews\/wp-content\/uploads\/2022\/04\/Planta-Coronel-Suarez-del-Grupo-Dass-_a-.jpg\"><img loading=\"lazy\" decoding=\"async\" class=\" wp-image-19571 alignright\" src=\"http:\/\/cueroamerica.info\/wpnews\/wp-content\/uploads\/2022\/04\/Planta-Coronel-Suarez-del-Grupo-Dass-_a--300x300.jpg\" alt=\"\" width=\"220\" height=\"220\" srcset=\"http:\/\/cueroamerica.info\/wpnews\/wp-content\/uploads\/2022\/04\/Planta-Coronel-Suarez-del-Grupo-Dass-_a--300x300.jpg 300w, http:\/\/cueroamerica.info\/wpnews\/wp-content\/uploads\/2022\/04\/Planta-Coronel-Suarez-del-Grupo-Dass-_a--150x150.jpg 150w, http:\/\/cueroamerica.info\/wpnews\/wp-content\/uploads\/2022\/04\/Planta-Coronel-Suarez-del-Grupo-Dass-_a--90x90.jpg 90w, http:\/\/cueroamerica.info\/wpnews\/wp-content\/uploads\/2022\/04\/Planta-Coronel-Suarez-del-Grupo-Dass-_a-.jpg 451w\" sizes=\"auto, (max-width: 220px) 100vw, 220px\" \/><\/a>En un comunicado, la empresa destac\u00f3 que \u00abGrupo Dass, que desembarc\u00f3 en Argentina en 2007 y lleva invertido m\u00e1s de US$ 185 millones en el pa\u00eds, vuelve a impulsar su crecimiento local\u00bb.<\/p>\n<p>El anuncio fue realizado por el director de Grupo Dass para Am\u00e9rica Latina y presidente de Grupo Dass en Argentina, H. Brian Handley, durante una reciente visita a la planta del secretario de Industria de la Naci\u00f3n, Ariel Schale, y del intendente de Coronel Su\u00e1rez, Ricardo Moccero.<\/p>\n<p>Con una producci\u00f3n promedio de 304.000 pares por mes, DASS planea alcanzar los 3.3 millones de pares para fin de a\u00f1o incrementando 20% su volumen de producci\u00f3n local, en el marco de una pol\u00edtica de sustituci\u00f3n de importaciones impulsada por el gobierno argentino.<br \/>\n&#8212;&#8212;&#8212;&#8212;&#8212;&#8212;&#8212;&#8212;&#8212;&#8212;&#8212;&#8211;<br \/>\nTelam \/ CueroAm\u00e9rica<\/p>\n<p>&#8212;&#8212;&#8212;&#8212;&#8212;&#8212;&#8212;&#8212;&#8212;&#8212;&#8212;&#8212;&#8212;&#8212;&#8212;&#8211;<br \/>\nPara comunicarse con CueroAm\u00e9rica: <span style=\"color: #3366ff;\"><a style=\"color: #3366ff;\" href=\"mailto:contacto@cueroamerica.com\">contacto@cueroamerica.com<\/a><\/span><\/p>\n<table>\n<tbody>\n<tr>\n<td width=\"300\">\n<div align=\"center\"><a href=\"https:\/\/www.smitzoon.com\/en\/\" target=\"_blank\" rel=\"noopener\"><img loading=\"lazy\" decoding=\"async\" src=\"\/img\/publicidad\/21-06__smitzoon.gif\" alt=\"\" width=\"300\" height=\"200\" border=\"0\" \/><\/a><\/div>\n<\/td>\n<td width=\"171\">\n<div align=\"center\"><a href=\"http:\/\/bit.ly\/2pK7Osm\" target=\"_blank\" rel=\"noopener\"><img loading=\"lazy\" decoding=\"async\" src=\"\/img\/publicidad\/aviso-units2020.gif\" alt=\"\" width=\"300\" height=\"201\" border=\"0\" \/><\/a><\/div>\n<\/td>\n<\/tr>\n<\/tbody>\n<\/table>\n","protected":false},"excerpt":{"rendered":"<p>El Grupo Dass -la compa\u00f1\u00eda de origen brasilero radicada en Argentina, que produce calzado deportivo, anunci\u00f3 que comenzar\u00e1 a fabricar la marca FILA. Lo har\u00e1 en la planta que posee en Coronel Su\u00e1rez, provincia de Buenos Aires, donde incorporar\u00e1 2 l\u00edneas de producci\u00f3n y sumar\u00e1 100 nuevos puestos de trabajo. Dass elabora en Argentina las [&hellip;]<\/p>\n","protected":false},"author":4,"featured_media":0,"comment_status":"closed","ping_status":"closed","sticky":false,"template":"","format":"standard","meta":{"footnotes":""},"categories":[9,8],"tags":[],"class_list":["post-19582","post","type-post","status-publish","format-standard","hentry","category-deportivo","category-empresas-y-negocios","count-0","even alt","author-","last"],"_links":{"self":[{"href":"http:\/\/cueroamerica.info\/wpnews\/wp-json\/wp\/v2\/posts\/19582","targetHints":{"allow":["GET"]}}],"collection":[{"href":"http:\/\/cueroamerica.info\/wpnews\/wp-json\/wp\/v2\/posts"}],"about":[{"href":"http:\/\/cueroamerica.info\/wpnews\/wp-json\/wp\/v2\/types\/post"}],"author":[{"embeddable":true,"href":"http:\/\/cueroamerica.info\/wpnews\/wp-json\/wp\/v2\/users\/4"}],"replies":[{"embeddable":true,"href":"http:\/\/cueroamerica.info\/wpnews\/wp-json\/wp\/v2\/comments?post=19582"}],"version-history":[{"count":1,"href":"http:\/\/cueroamerica.info\/wpnews\/wp-json\/wp\/v2\/posts\/19582\/revisions"}],"predecessor-version":[{"id":19583,"href":"http:\/\/cueroamerica.info\/wpnews\/wp-json\/wp\/v2\/posts\/19582\/revisions\/19583"}],"wp:attachment":[{"href":"http:\/\/cueroamerica.info\/wpnews\/wp-json\/wp\/v2\/media?parent=19582"}],"wp:term":[{"taxonomy":"category","embeddable":true,"href":"http:\/\/cueroamerica.info\/wpnews\/wp-json\/wp\/v2\/categories?post=19582"},{"taxonomy":"post_tag","embeddable":true,"href":"http:\/\/cueroamerica.info\/wpnews\/wp-json\/wp\/v2\/tags?post=19582"}],"curies":[{"name":"wp","href":"https:\/\/api.w.org\/{rel}","templated":true}]}}