{"id":19897,"date":"2022-06-30T14:18:35","date_gmt":"2022-06-30T14:18:35","guid":{"rendered":"http:\/\/cueroamerica.info\/wpnews\/?p=19897"},"modified":"2022-06-30T16:33:24","modified_gmt":"2022-06-30T16:33:24","slug":"la-sustentabilidad-estara-en-el-centro-del-debate-del-foro-latinoamericano-del-calzado","status":"publish","type":"post","link":"http:\/\/cueroamerica.info\/wpnews\/2022\/06\/la-sustentabilidad-estara-en-el-centro-del-debate-del-foro-latinoamericano-del-calzado\/","title":{"rendered":"La sustentabilidad estar\u00e1 en el centro del debate del Foro Latinoamericano del Calzado"},"content":{"rendered":"<div id=\"attachment_19896\" style=\"width: 145px\" class=\"wp-caption alignright\"><a href=\"http:\/\/cueroamerica.info\/wpnews\/wp-content\/uploads\/2022\/06\/Grecalza-la-asociacion-de-la-industria-de-Guatemala-sera-la-anfitriona-del-encuentro-Latinoamericano..jpg\"><img loading=\"lazy\" decoding=\"async\" aria-describedby=\"caption-attachment-19896\" class=\" wp-image-19896\" src=\"http:\/\/cueroamerica.info\/wpnews\/wp-content\/uploads\/2022\/06\/Grecalza-la-asociacion-de-la-industria-de-Guatemala-sera-la-anfitriona-del-encuentro-Latinoamericano.-254x300.jpg\" alt=\"\" width=\"135\" height=\"159\" srcset=\"http:\/\/cueroamerica.info\/wpnews\/wp-content\/uploads\/2022\/06\/Grecalza-la-asociacion-de-la-industria-de-Guatemala-sera-la-anfitriona-del-encuentro-Latinoamericano.-254x300.jpg 254w, http:\/\/cueroamerica.info\/wpnews\/wp-content\/uploads\/2022\/06\/Grecalza-la-asociacion-de-la-industria-de-Guatemala-sera-la-anfitriona-del-encuentro-Latinoamericano..jpg 300w\" sizes=\"auto, (max-width: 135px) 100vw, 135px\" \/><\/a><p id=\"caption-attachment-19896\" class=\"wp-caption-text\">Grecalza, la asociaci\u00f3n de la industria de Guatemala ser\u00e1 la anfitriona del encuentro Latinoamericano.<\/p><\/div>\n<p>El pr\u00f3ximo 8 y 9 de agosto se llevar\u00e1 a cabo en el centro Grand Tikal de la ciudad de Guatemala, el XXIV Foro latinoamericano de calzado. El anuncio fue realizado por ACCAL, la Agrupaci\u00f3n de C\u00e1maras de Calzado de Am\u00e9rica Latina. El evento contar\u00e1 con la presencia de c\u00e1maras y asociaciones de toda la regi\u00f3n y el tema convocante ser\u00e1 la sustentabilidad en la industria del calzado.<\/p>\n<p>Adem\u00e1s, cada pa\u00eds expondr\u00e1 la realidad de su sector y se compartir\u00e1n experiencias para buscar posibles soluciones. Tambi\u00e9n habr\u00e1 paneles sobre temas de mercado, tecnolog\u00eda, sanidad y debida diligencia. Durante el foro se tratar\u00e1n cuestiones comunes a las industrias de la regi\u00f3n en relaci\u00f3n a las nuevas condiciones que presenta el mercado.<\/p>\n<p>Sobre el tema ambiental, la convocatoria de ACCAL se\u00f1ala que \u201ccada a\u00f1o se producen m\u00e1s de 24 mil millones de calzados en todo el mundo La producci\u00f3n tiene un gran impacto sobre el ecosistema, y son reemplazados r\u00e1pidamente por las modas\u201d.<\/p>\n<p>En relaci\u00f3n a la industria del calzado, destaca que \u201cse utilizan gran variedad de insumos para su fabricaci\u00f3n, como es el caso de cuero, caucho, telas, pl\u00e1stico entre otros, sin embargo, dicho sector no ha sido la excepci\u00f3n ante soluciones en materiales sustentables e innovadores que buscan mejorar la vida \u00fatil del producto, as\u00ed como el desempe\u00f1o del calzado, e incluso ya se utilizan nuevas materias primas generadas a partir de biomasa que en el futuro permitir\u00e1n obtener productos con cierto grado de degradabilidad\u201d.<\/p>\n<div id=\"attachment_19895\" style=\"width: 253px\" class=\"wp-caption alignleft\"><a href=\"http:\/\/cueroamerica.info\/wpnews\/wp-content\/uploads\/2022\/06\/El-XXIV-Foro-Latinoamericano-2022-se-realizxara-el-8-y-9-de-agosto-en-Guatemala..jpg\"><img loading=\"lazy\" decoding=\"async\" aria-describedby=\"caption-attachment-19895\" class=\" wp-image-19895\" src=\"http:\/\/cueroamerica.info\/wpnews\/wp-content\/uploads\/2022\/06\/El-XXIV-Foro-Latinoamericano-2022-se-realizxara-el-8-y-9-de-agosto-en-Guatemala.-300x214.jpg\" alt=\"\" width=\"243\" height=\"173\" srcset=\"http:\/\/cueroamerica.info\/wpnews\/wp-content\/uploads\/2022\/06\/El-XXIV-Foro-Latinoamericano-2022-se-realizxara-el-8-y-9-de-agosto-en-Guatemala.-300x214.jpg 300w, http:\/\/cueroamerica.info\/wpnews\/wp-content\/uploads\/2022\/06\/El-XXIV-Foro-Latinoamericano-2022-se-realizxara-el-8-y-9-de-agosto-en-Guatemala.-1024x731.jpg 1024w, http:\/\/cueroamerica.info\/wpnews\/wp-content\/uploads\/2022\/06\/El-XXIV-Foro-Latinoamericano-2022-se-realizxara-el-8-y-9-de-agosto-en-Guatemala.-768x548.jpg 768w, http:\/\/cueroamerica.info\/wpnews\/wp-content\/uploads\/2022\/06\/El-XXIV-Foro-Latinoamericano-2022-se-realizxara-el-8-y-9-de-agosto-en-Guatemala..jpg 1067w\" sizes=\"auto, (max-width: 243px) 100vw, 243px\" \/><\/a><p id=\"caption-attachment-19895\" class=\"wp-caption-text\">El XXIV Foro Latinoamericano 2022 se realizxar\u00e1 el 8 y 9 de agosto en Guatemala.<\/p><\/div>\n<p>El evento est\u00e1 organizado en esta oportunidad por Grecalza, la Gremial de Fabricantes de Calzados y Productos Afines de Guatemala y junto a ella participaran la siguientes entidades: CIC, C\u00e1mara de la Industria del Calzado de Argentina; ABICALCADOS, Associa\u00e7\u00e3o Brasileira das Ind\u00fastrias de Cal\u00e7adosl; FEDECCAL, C\u00e1mara de Industriales del Cuero, Calzado y Afines de Chile; ACICAM, Asociaci\u00f3n Colombiana de Industriales del Calzado, el cuero y sus manufacturas de Colombia; CALTU, C\u00e1mara Nacional del Calzado de Ecuador; ASPCA Asociaci\u00f3n Salvadore\u00f1a de productores de Calzado y afines de El Salvador; CICEG, C\u00e1mara de la Industria del Calzado del Estado de Guanajuato y la C\u00e1mara Nacional de la Industria del Calzado (CANAICAL) ambas de M\u00e9xico; CAMCUNIC, C\u00e1mara de Cuero y Calzado de Nicaragua; CICPAR, C\u00e1mara de la Industria del Calzado de Paraguay; CCCyAP, Corporaci\u00f3n del Cuero Calzado y Afines de Per\u00fa; CICU, C\u00e1mara de la Industria del Calzado del Uruguay y CAVECAL, C\u00e1mara Venezolana del Calzado y Componentes de Venezuela.<\/p>\n<p>Guatemala, pa\u00eds anfitri\u00f3n, presentar\u00e1 un panel especial donde se desarrollar\u00e1n temas de \u00edndole local y contar\u00e1 con la participaci\u00f3n de funcionarios gubernamentales y referentes nacionales del sector calzado.<br \/>\n&#8212;&#8212;&#8212;&#8212;&#8212;&#8212;&#8212;&#8212;&#8212;&#8212;&#8212;<br \/>\nACCAL \/ CueroAm\u00e9rica<\/p>\n<p>&#8212;&#8212;&#8212;&#8212;&#8212;&#8212;&#8212;&#8212;&#8212;&#8212;&#8212;&#8212;&#8212;&#8212;&#8212;&#8211;<br \/>\nPara comunicarse con CueroAm\u00e9rica: <span style=\"color: #3366ff;\"><a style=\"color: #3366ff;\" href=\"mailto:contacto@cueroamerica.com\">contacto@cueroamerica.com<\/a><\/span><\/p>\n<table>\n<tbody>\n<tr>\n<td width=\"300\">\n<div align=\"center\"><a href=\"http:\/\/www.units.com.ar\/\" target=\"_blank\" rel=\"noopener\"><img loading=\"lazy\" decoding=\"async\" src=\"\/img\/publicidad\/aviso-units2020.gif\" alt=\"\" width=\"300\" height=\"200\" border=\"0\" \/><\/a><\/div>\n<\/td>\n<td width=\"171\">\n<div align=\"center\"><a class=\"__web-inspector-hide-shortcut__\" href=\"https:\/\/www.aplf.com\/aplf-dubai-2023\/\" target=\"_blank\" rel=\"noopener\"><img loading=\"lazy\" decoding=\"async\" src=\"\/img\/publicidad\/2022\/Materials+2023_banner_300x200px.png\" alt=\"\" width=\"300\" height=\"200\" \/><\/a><\/div>\n<\/td>\n<\/tr>\n<\/tbody>\n<\/table>\n","protected":false},"excerpt":{"rendered":"<p>El pr\u00f3ximo 8 y 9 de agosto se llevar\u00e1 a cabo en el centro Grand Tikal de la ciudad de Guatemala, el XXIV Foro latinoamericano de calzado. El anuncio fue realizado por ACCAL, la Agrupaci\u00f3n de C\u00e1maras de Calzado de Am\u00e9rica Latina. El evento contar\u00e1 con la presencia de c\u00e1maras y asociaciones de toda la [&hellip;]<\/p>\n","protected":false},"author":4,"featured_media":0,"comment_status":"closed","ping_status":"closed","sticky":false,"template":"","format":"standard","meta":{"footnotes":""},"categories":[43,61],"tags":[],"class_list":["post-19897","post","type-post","status-publish","format-standard","hentry","category-industrias","category-noticias-de-america-latina","count-0","even alt","author-","last"],"_links":{"self":[{"href":"http:\/\/cueroamerica.info\/wpnews\/wp-json\/wp\/v2\/posts\/19897","targetHints":{"allow":["GET"]}}],"collection":[{"href":"http:\/\/cueroamerica.info\/wpnews\/wp-json\/wp\/v2\/posts"}],"about":[{"href":"http:\/\/cueroamerica.info\/wpnews\/wp-json\/wp\/v2\/types\/post"}],"author":[{"embeddable":true,"href":"http:\/\/cueroamerica.info\/wpnews\/wp-json\/wp\/v2\/users\/4"}],"replies":[{"embeddable":true,"href":"http:\/\/cueroamerica.info\/wpnews\/wp-json\/wp\/v2\/comments?post=19897"}],"version-history":[{"count":6,"href":"http:\/\/cueroamerica.info\/wpnews\/wp-json\/wp\/v2\/posts\/19897\/revisions"}],"predecessor-version":[{"id":19913,"href":"http:\/\/cueroamerica.info\/wpnews\/wp-json\/wp\/v2\/posts\/19897\/revisions\/19913"}],"wp:attachment":[{"href":"http:\/\/cueroamerica.info\/wpnews\/wp-json\/wp\/v2\/media?parent=19897"}],"wp:term":[{"taxonomy":"category","embeddable":true,"href":"http:\/\/cueroamerica.info\/wpnews\/wp-json\/wp\/v2\/categories?post=19897"},{"taxonomy":"post_tag","embeddable":true,"href":"http:\/\/cueroamerica.info\/wpnews\/wp-json\/wp\/v2\/tags?post=19897"}],"curies":[{"name":"wp","href":"https:\/\/api.w.org\/{rel}","templated":true}]}}