{"id":19938,"date":"2022-07-07T13:08:47","date_gmt":"2022-07-07T13:08:47","guid":{"rendered":"http:\/\/cueroamerica.info\/wpnews\/?p=19938"},"modified":"2022-07-07T13:08:47","modified_gmt":"2022-07-07T13:08:47","slug":"las-micro-y-pymes-del-peru-reclaman-la-asistencia-estatal-por-la-crisis-post-pandemica","status":"publish","type":"post","link":"http:\/\/cueroamerica.info\/wpnews\/2022\/07\/las-micro-y-pymes-del-peru-reclaman-la-asistencia-estatal-por-la-crisis-post-pandemica\/","title":{"rendered":"Las micro y PYMEs del Per\u00fa reclaman la asistencia estatal por la crisis post pand\u00e9mica"},"content":{"rendered":"<div id=\"attachment_19918\" style=\"width: 257px\" class=\"wp-caption alignright\"><a href=\"http:\/\/cueroamerica.info\/wpnews\/wp-content\/uploads\/2022\/07\/Fabrica-de-calzado-en-Peru_7-.jpg\"><img loading=\"lazy\" decoding=\"async\" aria-describedby=\"caption-attachment-19918\" class=\" wp-image-19918\" src=\"http:\/\/cueroamerica.info\/wpnews\/wp-content\/uploads\/2022\/07\/Fabrica-de-calzado-en-Peru_7--300x194.jpg\" alt=\"\" width=\"247\" height=\"160\" srcset=\"http:\/\/cueroamerica.info\/wpnews\/wp-content\/uploads\/2022\/07\/Fabrica-de-calzado-en-Peru_7--300x194.jpg 300w, http:\/\/cueroamerica.info\/wpnews\/wp-content\/uploads\/2022\/07\/Fabrica-de-calzado-en-Peru_7-.jpg 768w\" sizes=\"auto, (max-width: 247px) 100vw, 247px\" \/><\/a><p id=\"caption-attachment-19918\" class=\"wp-caption-text\">Fabrica de calzado en Per\u00fa.<\/p><\/div>\n<p>Los fabricantes de calzado de Trujillo (en La Libertad, departamento ubicado en el noroeste de Per\u00fa), solicitaron la intervenci\u00f3n inmediata del Ministerio de la Producci\u00f3n parta asistir al sector. Vladimir de la Roca, presidente de la C\u00e1mara de Producci\u00f3n de Cuero y Calzado de La Libertad, reclam\u00f3 que declararan el estado de emergencia. Seg\u00fan el empresario es urgente reactivar el sector y recuperar los puestos de trabajo perdidos.<\/p>\n<p>Seg\u00fan inform\u00f3 la entidad, durante la crisis del Covid, 2.000 emprendimientos vinculados a la fabricaci\u00f3n de calzado cayeron en la quiebra en el departamento de La Libertad. Esto dej\u00f3 sin trabajo a unos 6.000 operarios que, con las f\u00e1bricas trabajando al 20% de su capacidad, no han podido ser reincorporados.<\/p>\n<p><a href=\"http:\/\/cueroamerica.info\/wpnews\/wp-content\/uploads\/2022\/07\/Fabrica-de-calzado-en-Peru_6a.jpg\"><img loading=\"lazy\" decoding=\"async\" class=\"alignleft wp-image-19934\" src=\"http:\/\/cueroamerica.info\/wpnews\/wp-content\/uploads\/2022\/07\/Fabrica-de-calzado-en-Peru_6a-300x200.jpg\" alt=\"\" width=\"249\" height=\"166\" srcset=\"http:\/\/cueroamerica.info\/wpnews\/wp-content\/uploads\/2022\/07\/Fabrica-de-calzado-en-Peru_6a-300x200.jpg 300w, http:\/\/cueroamerica.info\/wpnews\/wp-content\/uploads\/2022\/07\/Fabrica-de-calzado-en-Peru_6a-1024x684.jpg 1024w, http:\/\/cueroamerica.info\/wpnews\/wp-content\/uploads\/2022\/07\/Fabrica-de-calzado-en-Peru_6a-768x513.jpg 768w, http:\/\/cueroamerica.info\/wpnews\/wp-content\/uploads\/2022\/07\/Fabrica-de-calzado-en-Peru_6a.jpg 1400w\" sizes=\"auto, (max-width: 249px) 100vw, 249px\" \/><\/a>De la Roca lament\u00f3 que el gobierno haya asistido solamente al sector textil cuando el rubro calzado est\u00e1 en peores condiciones. \u201cAl sector textil y confecciones, con quienes nos solidarizamos y apoyamos, les sali\u00f3 un decreto supremo que declara en emergencia este sector y otro decreto de urgencia que crea el fondo de apoyo empresarial para el sector textil y confecci\u00f3n. Tranquilamente, pudieron haberlo hecho para el sector de cuero y calzado que estamos quiz\u00e1 igual o peor que ellos\u201d afirm\u00f3 el dirigente.<\/p>\n<p>Otra de las quejas que plante\u00f3 el presidente de la C\u00e1mara se relaciona con las promesas incumplidas por parte de las autoridades. El sector hab\u00eda llegado a un acuerdo para que el gobierno concrete la adquisici\u00f3n de cuatro millones de pares para el inicio de la \u00e9poca escolar. De la Roca lament\u00f3 que la compra no se haya realizado \u201cporque las autoridades no tomaron las medidas a tiempo\u201d y afirm\u00f3 que eso hubiera \u201cayudado a reactivar el rubro\u201d.<br \/>\n&#8212;&#8212;&#8212;&#8212;&#8212;&#8212;&#8212;&#8212;&#8212;&#8212;&#8212;&#8212;&#8212;&#8212;&#8212;&#8211;<br \/>\nDiario Correo \/ Cuero Am\u00e9rica<\/p>\n<p>&#8212;&#8212;&#8212;&#8212;&#8212;&#8212;&#8212;&#8212;&#8212;&#8212;&#8212;&#8212;&#8212;&#8212;&#8212;&#8211;<br \/>\nPara comunicarse con CueroAm\u00e9rica: <span style=\"color: #3366ff;\"><a style=\"color: #3366ff;\" href=\"mailto:contacto@cueroamerica.com\">contacto@cueroamerica.com<\/a><\/span><\/p>\n<table>\n<tbody>\n<tr>\n<td width=\"300\">\n<div align=\"center\"><a href=\"http:\/\/bit.ly\/2pK7Osm\" target=\"_blank\" rel=\"noopener\"><img loading=\"lazy\" decoding=\"async\" src=\"\/img\/publicidad\/aviso-units2020.gif\" alt=\"\" width=\"300\" height=\"201\" border=\"0\" \/><\/a><\/div>\n<\/td>\n<td width=\"171\">\n<div align=\"center\"><a href=\"http:\/\/bit.ly\/2pK0gG1\" target=\"_blank\" rel=\"noopener\"><img loading=\"lazy\" decoding=\"async\" src=\"\/img\/publicidad\/2022\/df-300x200px-2022_marzo.gif\" alt=\"\" width=\"300\" height=\"200\" border=\"0\" \/><\/a><\/div>\n<\/td>\n<\/tr>\n<\/tbody>\n<\/table>\n","protected":false},"excerpt":{"rendered":"<p>Los fabricantes de calzado de Trujillo (en La Libertad, departamento ubicado en el noroeste de Per\u00fa), solicitaron la intervenci\u00f3n inmediata del Ministerio de la Producci\u00f3n parta asistir al sector. Vladimir de la Roca, presidente de la C\u00e1mara de Producci\u00f3n de Cuero y Calzado de La Libertad, reclam\u00f3 que declararan el estado de emergencia. Seg\u00fan el [&hellip;]<\/p>\n","protected":false},"author":4,"featured_media":0,"comment_status":"closed","ping_status":"closed","sticky":false,"template":"","format":"standard","meta":{"footnotes":""},"categories":[43,61],"tags":[],"class_list":["post-19938","post","type-post","status-publish","format-standard","hentry","category-industrias","category-noticias-de-america-latina","count-0","even alt","author-","last"],"_links":{"self":[{"href":"http:\/\/cueroamerica.info\/wpnews\/wp-json\/wp\/v2\/posts\/19938","targetHints":{"allow":["GET"]}}],"collection":[{"href":"http:\/\/cueroamerica.info\/wpnews\/wp-json\/wp\/v2\/posts"}],"about":[{"href":"http:\/\/cueroamerica.info\/wpnews\/wp-json\/wp\/v2\/types\/post"}],"author":[{"embeddable":true,"href":"http:\/\/cueroamerica.info\/wpnews\/wp-json\/wp\/v2\/users\/4"}],"replies":[{"embeddable":true,"href":"http:\/\/cueroamerica.info\/wpnews\/wp-json\/wp\/v2\/comments?post=19938"}],"version-history":[{"count":2,"href":"http:\/\/cueroamerica.info\/wpnews\/wp-json\/wp\/v2\/posts\/19938\/revisions"}],"predecessor-version":[{"id":19940,"href":"http:\/\/cueroamerica.info\/wpnews\/wp-json\/wp\/v2\/posts\/19938\/revisions\/19940"}],"wp:attachment":[{"href":"http:\/\/cueroamerica.info\/wpnews\/wp-json\/wp\/v2\/media?parent=19938"}],"wp:term":[{"taxonomy":"category","embeddable":true,"href":"http:\/\/cueroamerica.info\/wpnews\/wp-json\/wp\/v2\/categories?post=19938"},{"taxonomy":"post_tag","embeddable":true,"href":"http:\/\/cueroamerica.info\/wpnews\/wp-json\/wp\/v2\/tags?post=19938"}],"curies":[{"name":"wp","href":"https:\/\/api.w.org\/{rel}","templated":true}]}}