{"id":20431,"date":"2022-09-27T14:39:25","date_gmt":"2022-09-27T14:39:25","guid":{"rendered":"http:\/\/cueroamerica.info\/wpnews\/?p=20431"},"modified":"2022-10-04T12:47:41","modified_gmt":"2022-10-04T12:47:41","slug":"micam-milano-mostro-lo-mejor-del-calzado-italiano-y-mundial-y-logro-un-record-de-visitantes","status":"publish","type":"post","link":"http:\/\/cueroamerica.info\/wpnews\/2022\/09\/micam-milano-mostro-lo-mejor-del-calzado-italiano-y-mundial-y-logro-un-record-de-visitantes\/","title":{"rendered":"Micam Milano mostr\u00f3 lo mejor del calzado italiano y mundial y logr\u00f3 un r\u00e9cord de visitantes"},"content":{"rendered":"<p><a href=\"http:\/\/cueroamerica.info\/wpnews\/wp-content\/uploads\/2022\/09\/Vita-del-ingreso-.jpg\"><img loading=\"lazy\" decoding=\"async\" class=\" wp-image-20421 alignright\" src=\"http:\/\/cueroamerica.info\/wpnews\/wp-content\/uploads\/2022\/09\/Vita-del-ingreso--300x200.jpg\" alt=\"\" width=\"248\" height=\"165\" srcset=\"http:\/\/cueroamerica.info\/wpnews\/wp-content\/uploads\/2022\/09\/Vita-del-ingreso--300x200.jpg 300w, http:\/\/cueroamerica.info\/wpnews\/wp-content\/uploads\/2022\/09\/Vita-del-ingreso--1024x683.jpg 1024w, http:\/\/cueroamerica.info\/wpnews\/wp-content\/uploads\/2022\/09\/Vita-del-ingreso--768x512.jpg 768w, http:\/\/cueroamerica.info\/wpnews\/wp-content\/uploads\/2022\/09\/Vita-del-ingreso-.jpg 1500w\" sizes=\"auto, (max-width: 248px) 100vw, 248px\" \/><\/a>En un clima de optimismo y absoluta normalidad post pandemia, se llev\u00f3 a cabo la feria m\u00e1s importante para la industria del calzado internacional. El evento tuvo lugar en el Predio Fiera Milano entre el 18 y el 20 de septiembre y convoc\u00f3 a m\u00e1s de 35.000 compradores. Esta nueva edici\u00f3n de Micam tuvo un 20% m\u00e1s de visitantes que su edici\u00f3n de marzo. Ese aumento se vio reflejado en los anchos pasillos de la feria y en los amplios stands que recib\u00edan consultas de manera constante.<\/p>\n<p><a href=\"http:\/\/cueroamerica.info\/wpnews\/wp-content\/uploads\/2022\/09\/019-52-.jpg\"><img loading=\"lazy\" decoding=\"async\" class=\"alignleft wp-image-20416\" src=\"http:\/\/cueroamerica.info\/wpnews\/wp-content\/uploads\/2022\/09\/019-52--300x200.jpg\" alt=\"\" width=\"246\" height=\"164\" srcset=\"http:\/\/cueroamerica.info\/wpnews\/wp-content\/uploads\/2022\/09\/019-52--300x200.jpg 300w, http:\/\/cueroamerica.info\/wpnews\/wp-content\/uploads\/2022\/09\/019-52--1024x683.jpg 1024w, http:\/\/cueroamerica.info\/wpnews\/wp-content\/uploads\/2022\/09\/019-52--768x512.jpg 768w, http:\/\/cueroamerica.info\/wpnews\/wp-content\/uploads\/2022\/09\/019-52-.jpg 1500w\" sizes=\"auto, (max-width: 246px) 100vw, 246px\" \/><\/a>En sus seis pabellones divididos en \u201cLuxury\u201d, \u201cContemporany\u201d y \u201cEveryday\u201d, m\u00e1s de 800 expositores tanto italianos como extranjeros dieron a conocer las tendencias de la pr\u00f3xima temporada. La moda para la primavera \/ verano 2023 se presenta colmada de colores. El fucsia, amarillo, azul y verde en versiones potentes dieron color a los stands de la feria. Adem\u00e1s de la l\u00ednea cl\u00e1sica y elegante, Micam present\u00f3 un estilo barroco y sofisticado con piedras, flores de cuero, tiras y hebillas adornando el calzado. Esta colorida tendencia se vio tambi\u00e9n en el calzado deportivo. Las capelladas tejidas con estampados rabiosos van a ser protagonistas en la pr\u00f3xima temporada.<\/p>\n<p><a href=\"http:\/\/cueroamerica.info\/wpnews\/wp-content\/uploads\/2022\/09\/036-34-.jpg\"><img loading=\"lazy\" decoding=\"async\" class=\" wp-image-20418 alignright\" src=\"http:\/\/cueroamerica.info\/wpnews\/wp-content\/uploads\/2022\/09\/036-34--300x200.jpg\" alt=\"\" width=\"245\" height=\"163\" srcset=\"http:\/\/cueroamerica.info\/wpnews\/wp-content\/uploads\/2022\/09\/036-34--300x200.jpg 300w, http:\/\/cueroamerica.info\/wpnews\/wp-content\/uploads\/2022\/09\/036-34--1024x683.jpg 1024w, http:\/\/cueroamerica.info\/wpnews\/wp-content\/uploads\/2022\/09\/036-34--768x513.jpg 768w, http:\/\/cueroamerica.info\/wpnews\/wp-content\/uploads\/2022\/09\/036-34-.jpg 1500w\" sizes=\"auto, (max-width: 245px) 100vw, 245px\" \/><\/a>En la feria participaron varios pa\u00edses pero destac\u00f3 la presencia de Espa\u00f1a, Portugal y Turqu\u00eda que apostaron fuertemente a dar a conocer su producci\u00f3n a los compradores de Micam. Al respecto, Imanol Martinez G\u00f3mez, director de marketing de la Federaci\u00f3n de Industrias del Calzado Espa\u00f1ol, destac\u00f3 la importancia de estar en contacto con compradores de todo el mundo \u201cporque exportamos el 70% de la producci\u00f3n\u201d y \u201ccada mercado se recupera en distintos momentos\u201d. Alrededor de cien marcas espa\u00f1olas montaron sus stands en todos los pabellones de la feria.<\/p>\n<p><a href=\"http:\/\/cueroamerica.info\/wpnews\/wp-content\/uploads\/2022\/09\/043-29.jpg\"><img loading=\"lazy\" decoding=\"async\" class=\"alignleft wp-image-20419\" src=\"http:\/\/cueroamerica.info\/wpnews\/wp-content\/uploads\/2022\/09\/043-29-300x200.jpg\" alt=\"\" width=\"245\" height=\"163\" srcset=\"http:\/\/cueroamerica.info\/wpnews\/wp-content\/uploads\/2022\/09\/043-29-300x200.jpg 300w, http:\/\/cueroamerica.info\/wpnews\/wp-content\/uploads\/2022\/09\/043-29-1024x683.jpg 1024w, http:\/\/cueroamerica.info\/wpnews\/wp-content\/uploads\/2022\/09\/043-29-768x513.jpg 768w, http:\/\/cueroamerica.info\/wpnews\/wp-content\/uploads\/2022\/09\/043-29.jpg 1500w\" sizes=\"auto, (max-width: 245px) 100vw, 245px\" \/><\/a>Portugal, que junto con Italia y Espa\u00f1a dominan el mercado de calzado de lujo, tambi\u00e9n tuvo una fuerte participaci\u00f3n en la feria con m\u00e1s de 50 marcas y presencia institucional. El primer d\u00eda del evento, Antonio Costa Silva, ministro de econom\u00eda del pa\u00eds, declar\u00f3 que \u201ctenemos una gran agenda de ventas al exterior\u201d y se\u00f1al\u00f3 que la industria del calzado portuguesa \u201cse reinvent\u00f3 con el dise\u00f1o y la tecnolog\u00eda\u201d.<\/p>\n<p>La exposici\u00f3n cont\u00f3 con gran cantidad de eventos y conferencias sobre tendencias e innovaciones. En el cronograma de actividades hubo, entre otras, charlas sobre el futuro del sector, mesas redondas donde se analizaba la moda, desfiles y la entrega de premios del Proyecto Remix.<\/p>\n<p><a href=\"http:\/\/cueroamerica.info\/wpnews\/wp-content\/uploads\/2022\/09\/023-48-.jpg\"><img loading=\"lazy\" decoding=\"async\" class=\" wp-image-20417 alignright\" src=\"http:\/\/cueroamerica.info\/wpnews\/wp-content\/uploads\/2022\/09\/023-48--300x200.jpg\" alt=\"\" width=\"245\" height=\"163\" srcset=\"http:\/\/cueroamerica.info\/wpnews\/wp-content\/uploads\/2022\/09\/023-48--300x200.jpg 300w, http:\/\/cueroamerica.info\/wpnews\/wp-content\/uploads\/2022\/09\/023-48--1024x683.jpg 1024w, http:\/\/cueroamerica.info\/wpnews\/wp-content\/uploads\/2022\/09\/023-48--768x513.jpg 768w, http:\/\/cueroamerica.info\/wpnews\/wp-content\/uploads\/2022\/09\/023-48-.jpg 1500w\" sizes=\"auto, (max-width: 245px) 100vw, 245px\" \/><\/a>Un espacio que atrajo la atenci\u00f3n de los visitantes fue \u201cEmerging Design\u201d donde 18 dise\u00f1adores de calzado exhibieron sus creaciones generadas a partir de un concepto. En est\u00e1 quinta edici\u00f3n, cada modelo expresaba una idea que quer\u00eda transmitir el dise\u00f1ador. Sergio Silva creador de la marca Ehonte, present\u00f3 una impresionante colecci\u00f3n de zapatos negros con bases que simulaban puentes o cintas transportadoras. Silva explic\u00f3 que se inspir\u00f3 \u201cen formas arquitect\u00f3nicas y abstractas y en temas pol\u00edticos y sociales\u201d. Ante la pregunta de por qu\u00e9 toda la colecci\u00f3n es en color negro, el dise\u00f1ador se\u00f1al\u00f3 que \u201cen vez de hacer un modelo en diez colores, hago diez modelos en un solo color\u201d.<\/p>\n<p>En el \u00faltimo d\u00eda del evento se sumaron a la oferta ferial las exposiciones Lineapelle, el sal\u00f3n de cuero y componentes para calzado y Simac-Tanning Tech, la exposici\u00f3n de maquinaria.<\/p>\n<p>La pr\u00f3xima edici\u00f3n de Micam se realizar\u00e1 del 19 al 21 de febrero de 2023 en Mil\u00e1n.<br \/>\n&#8212;&#8212;&#8212;&#8212;&#8212;&#8212;&#8212;&#8212;-<br \/>\nCueroAm\u00e9rica<\/p>\n<p>&#8212;&#8212;&#8212;&#8212;&#8212;&#8212;&#8212;&#8212;&#8212;&#8212;&#8212;&#8212;&#8212;&#8212;&#8212;&#8211;<br \/>\nPara comunicarse con CueroAm\u00e9rica: <span style=\"color: #3366ff;\"><a style=\"color: #3366ff;\" href=\"mailto:contacto@cueroamerica.com\">contacto@cueroamerica.com<\/a><\/span><\/p>\n<table>\n<tbody>\n<tr>\n<td width=\"300\">\n<div align=\"center\"><a href=\"https:\/\/www.smitzoon.com\/en\/\" target=\"_blank\" rel=\"noopener\"><img loading=\"lazy\" decoding=\"async\" src=\"\/img\/publicidad\/21-06__smitzoon.gif\" alt=\"\" width=\"300\" height=\"200\" border=\"0\" \/><\/a><\/div>\n<\/td>\n<td width=\"171\">\n<div align=\"center\"><a href=\"https:\/\/exporivaschuh.it\/en\" target=\"_blank\" rel=\"noopener\"><img loading=\"lazy\" decoding=\"async\" src=\"\/img\/publicidad\/2022\/ers-300x200_98ed.jpg\" alt=\"\" width=\"300\" height=\"200\" \/><\/a><\/div>\n<\/td>\n<\/tr>\n<\/tbody>\n<\/table>\n","protected":false},"excerpt":{"rendered":"<p>En un clima de optimismo y absoluta normalidad post pandemia, se llev\u00f3 a cabo la feria m\u00e1s importante para la industria del calzado internacional. El evento tuvo lugar en el Predio Fiera Milano entre el 18 y el 20 de septiembre y convoc\u00f3 a m\u00e1s de 35.000 compradores. Esta nueva edici\u00f3n de Micam tuvo un [&hellip;]<\/p>\n","protected":false},"author":4,"featured_media":0,"comment_status":"closed","ping_status":"closed","sticky":false,"template":"","format":"standard","meta":{"footnotes":""},"categories":[66],"tags":[],"class_list":["post-20431","post","type-post","status-publish","format-standard","hentry","category-ferias-realizadas","count-0","even alt","author-","last"],"_links":{"self":[{"href":"http:\/\/cueroamerica.info\/wpnews\/wp-json\/wp\/v2\/posts\/20431","targetHints":{"allow":["GET"]}}],"collection":[{"href":"http:\/\/cueroamerica.info\/wpnews\/wp-json\/wp\/v2\/posts"}],"about":[{"href":"http:\/\/cueroamerica.info\/wpnews\/wp-json\/wp\/v2\/types\/post"}],"author":[{"embeddable":true,"href":"http:\/\/cueroamerica.info\/wpnews\/wp-json\/wp\/v2\/users\/4"}],"replies":[{"embeddable":true,"href":"http:\/\/cueroamerica.info\/wpnews\/wp-json\/wp\/v2\/comments?post=20431"}],"version-history":[{"count":4,"href":"http:\/\/cueroamerica.info\/wpnews\/wp-json\/wp\/v2\/posts\/20431\/revisions"}],"predecessor-version":[{"id":20477,"href":"http:\/\/cueroamerica.info\/wpnews\/wp-json\/wp\/v2\/posts\/20431\/revisions\/20477"}],"wp:attachment":[{"href":"http:\/\/cueroamerica.info\/wpnews\/wp-json\/wp\/v2\/media?parent=20431"}],"wp:term":[{"taxonomy":"category","embeddable":true,"href":"http:\/\/cueroamerica.info\/wpnews\/wp-json\/wp\/v2\/categories?post=20431"},{"taxonomy":"post_tag","embeddable":true,"href":"http:\/\/cueroamerica.info\/wpnews\/wp-json\/wp\/v2\/tags?post=20431"}],"curies":[{"name":"wp","href":"https:\/\/api.w.org\/{rel}","templated":true}]}}