{"id":20448,"date":"2022-09-27T15:08:09","date_gmt":"2022-09-27T15:08:09","guid":{"rendered":"http:\/\/cueroamerica.info\/wpnews\/?p=20448"},"modified":"2022-09-27T15:08:09","modified_gmt":"2022-09-27T15:08:09","slug":"la-apertura-finalmente-llego-y-lineapelle-desbordo-de-gente-novedades-y-buenos-negocios","status":"publish","type":"post","link":"http:\/\/cueroamerica.info\/wpnews\/2022\/09\/la-apertura-finalmente-llego-y-lineapelle-desbordo-de-gente-novedades-y-buenos-negocios\/","title":{"rendered":"La apertura finalmente lleg\u00f3 y Lineapelle desbord\u00f3 de gente, novedades y buenos negocios"},"content":{"rendered":"<p><a href=\"http:\/\/cueroamerica.info\/wpnews\/wp-content\/uploads\/2022\/09\/Lineapelle-.jpg\"><img loading=\"lazy\" decoding=\"async\" class=\" wp-image-20445 alignright\" src=\"http:\/\/cueroamerica.info\/wpnews\/wp-content\/uploads\/2022\/09\/Lineapelle--300x200.jpg\" alt=\"\" width=\"243\" height=\"162\" srcset=\"http:\/\/cueroamerica.info\/wpnews\/wp-content\/uploads\/2022\/09\/Lineapelle--300x200.jpg 300w, http:\/\/cueroamerica.info\/wpnews\/wp-content\/uploads\/2022\/09\/Lineapelle--768x513.jpg 768w, http:\/\/cueroamerica.info\/wpnews\/wp-content\/uploads\/2022\/09\/Lineapelle-.jpg 973w\" sizes=\"auto, (max-width: 243px) 100vw, 243px\" \/><\/a>La \u00faltima edici\u00f3n de la tradicional feria de componentes de calzado celebr\u00f3 su edici\u00f3n N\u00ba 100 con un 32% m\u00e1s de visitantes que en febrero de este a\u00f1o. La participaci\u00f3n de compradores extranjeros creci\u00f3 un 73% comparado con la edici\u00f3n anterior y los 1.134 exhibidores tuvieron la oportunidad de mostrar su oferta a clientes de 109 pa\u00edses.<\/p>\n<p>Entre las naciones que m\u00e1s visitantes aportaron figuran Estados Unidos, India, M\u00e9xico, Turqu\u00eda adem\u00e1s de las europeas Francia, Inglaterra, Portugal y Espa\u00f1a. Un dato estad\u00edstico que muestra la renovaci\u00f3n en la industria fue el descenso en la edad promedio de los visitantes.<\/p>\n<p><a href=\"http:\/\/cueroamerica.info\/wpnews\/wp-content\/uploads\/2022\/09\/Lineapelle-2022-.jpg\"><img loading=\"lazy\" decoding=\"async\" class=\"alignleft wp-image-20446\" src=\"http:\/\/cueroamerica.info\/wpnews\/wp-content\/uploads\/2022\/09\/Lineapelle-2022--300x230.jpg\" alt=\"\" width=\"233\" height=\"179\" srcset=\"http:\/\/cueroamerica.info\/wpnews\/wp-content\/uploads\/2022\/09\/Lineapelle-2022--300x230.jpg 300w, http:\/\/cueroamerica.info\/wpnews\/wp-content\/uploads\/2022\/09\/Lineapelle-2022-.jpg 722w\" sizes=\"auto, (max-width: 233px) 100vw, 233px\" \/><\/a>En los stands y zonas de coworking se viv\u00eda un relajado clima de negocios producto de las ya abandonadas restricciones impuestas por la pandemia. Adem\u00e1s de la enorme oferta de cueros, componentes y accesorios que hubo en la feria, se dictaron una serie de conferencias sobre moda y tendencias que brindaron informaci\u00f3n muy apreciada por los fabricantes de calzado.<\/p>\n<p>Fulvia Bacchi, CEO de Lineapelle, no ocult\u00f3 su alegr\u00eda por los resultados de la exposici\u00f3n. \u201cFue una hermosa feria con pabellones llenos de visitantes desde el primer minuto que llegaron de todas partes del mundo y expositores que quedaron satisfechos con su participaci\u00f3n en Lineapelle\u201d se\u00f1al\u00f3 la ejecutiva.<\/p>\n<p><a href=\"http:\/\/cueroamerica.info\/wpnews\/wp-content\/uploads\/2022\/09\/45-lineapelle-milano-cuoio-conciatori_1-.jpg\"><img loading=\"lazy\" decoding=\"async\" class=\" wp-image-20444 alignright\" src=\"http:\/\/cueroamerica.info\/wpnews\/wp-content\/uploads\/2022\/09\/45-lineapelle-milano-cuoio-conciatori_1--300x200.jpg\" alt=\"\" width=\"245\" height=\"163\" srcset=\"http:\/\/cueroamerica.info\/wpnews\/wp-content\/uploads\/2022\/09\/45-lineapelle-milano-cuoio-conciatori_1--300x200.jpg 300w, http:\/\/cueroamerica.info\/wpnews\/wp-content\/uploads\/2022\/09\/45-lineapelle-milano-cuoio-conciatori_1--768x511.jpg 768w, http:\/\/cueroamerica.info\/wpnews\/wp-content\/uploads\/2022\/09\/45-lineapelle-milano-cuoio-conciatori_1-.jpg 900w\" sizes=\"auto, (max-width: 245px) 100vw, 245px\" \/><\/a>La exposici\u00f3n se llev\u00f3 a cabo en un contexto internacional que genera ciertas preocupaciones en la cadena de suministro. En referencia a esta coyuntura, Gianni Russo, presidente de la feria, se\u00f1al\u00f3 que el resultado de Lineapelle fue \u201ctranquilizador\u201d porque mostr\u00f3 \u201cla gran vitalidad de todo el sector que marc\u00f3 un nuevo comienzo\u201d en un momento en que \u201cla situaci\u00f3n econ\u00f3mica en la que nos encontramos genera enormes preocupaciones empezando por los aumentos exponenciales en el costo de la energ\u00eda que est\u00e1n fuera del control de los operadores\u201d.<\/p>\n<p><a href=\"http:\/\/cueroamerica.info\/wpnews\/wp-content\/uploads\/2022\/09\/Lineapelle-2022-_3-.jpg\"><img loading=\"lazy\" decoding=\"async\" class=\"alignleft wp-image-20447\" src=\"http:\/\/cueroamerica.info\/wpnews\/wp-content\/uploads\/2022\/09\/Lineapelle-2022-_3--300x169.jpg\" alt=\"\" width=\"243\" height=\"137\" srcset=\"http:\/\/cueroamerica.info\/wpnews\/wp-content\/uploads\/2022\/09\/Lineapelle-2022-_3--300x169.jpg 300w, http:\/\/cueroamerica.info\/wpnews\/wp-content\/uploads\/2022\/09\/Lineapelle-2022-_3--768x432.jpg 768w, http:\/\/cueroamerica.info\/wpnews\/wp-content\/uploads\/2022\/09\/Lineapelle-2022-_3-.jpg 965w\" sizes=\"auto, (max-width: 243px) 100vw, 243px\" \/><\/a>Esta edici\u00f3n de Lineapelle cont\u00f3 con varios proyectos que captaron la atenci\u00f3n de los visitantes. En el \u00c1rea de tendencias mostraron las posibilidades de la interacci\u00f3n digital a trav\u00e9s de los usos del metaverso. La exposici\u00f3n \u201cThe Beauty of the Italian Tanning Industry\u201d creada por UNIC debut\u00f3 en la feria llevando las novedades sobre sustentabilidad que la industria curtidora italiana tiene para mostrar. Mipel Lab, el centro de terciarizaci\u00f3n tuvo su tercera edici\u00f3n en la que 13 compa\u00f1\u00edas pudieron intercambiar experiencias y promover nuevas iniciativas para desarrollar alianzas productivas.<\/p>\n<p>El primer d\u00eda de la exposici\u00f3n coincidi\u00f3 con el inicio de Simac-Tanning Tech, el sal\u00f3n de maquinaria y la \u00faltima jornada de Micam, el reconocido sal\u00f3n internacional del calzado. Esta sinergia dio a los visitantes la posibilidad de conocer las novedades de toda la cadena en un solo predio.<br \/>\n&#8212;&#8212;&#8212;&#8212;&#8212;&#8212;&#8212;&#8212;&#8211;<br \/>\nCueroAm\u00e9rica<\/p>\n<p>&#8212;&#8212;&#8212;&#8212;&#8212;&#8212;&#8212;&#8212;&#8212;&#8212;&#8212;&#8212;&#8212;&#8212;&#8212;&#8211;<br \/>\nPara comunicarse con CueroAm\u00e9rica: <span style=\"color: #3366ff;\"><a style=\"color: #3366ff;\" href=\"mailto:contacto@cueroamerica.com\">contacto@cueroamerica.com<\/a><\/span><\/p>\n<table>\n<tbody>\n<tr>\n<td width=\"300\">\n<div align=\"center\"><a href=\"https:\/\/www.aplf.com\/aplf-asean-special-edition\/\" target=\"_blank\" rel=\"noopener\"><img loading=\"lazy\" decoding=\"async\" src=\"\/img\/publicidad\/2022\/APLF22_ASEAN_banner_300x200px.png\" width=\"300\" height=\"200\" \/><\/a><\/div>\n<\/td>\n<td width=\"171\">\n<div align=\"center\"><a href=\"https:\/\/www.efica.org.ar\/acreditacion-comerciantes-efica\/\" target=\"_blank\" rel=\"noopener\"><img loading=\"lazy\" decoding=\"async\" src=\"\/img\/publicidad\/2022\/efica_dic2022_300X200.jpg\" alt=\"\" width=\"300\" height=\"182\" \/><\/a><\/div>\n<\/td>\n<\/tr>\n<\/tbody>\n<\/table>\n","protected":false},"excerpt":{"rendered":"<p>La \u00faltima edici\u00f3n de la tradicional feria de componentes de calzado celebr\u00f3 su edici\u00f3n N\u00ba 100 con un 32% m\u00e1s de visitantes que en febrero de este a\u00f1o. La participaci\u00f3n de compradores extranjeros creci\u00f3 un 73% comparado con la edici\u00f3n anterior y los 1.134 exhibidores tuvieron la oportunidad de mostrar su oferta a clientes de [&hellip;]<\/p>\n","protected":false},"author":4,"featured_media":0,"comment_status":"closed","ping_status":"closed","sticky":false,"template":"","format":"standard","meta":{"footnotes":""},"categories":[66],"tags":[],"class_list":["post-20448","post","type-post","status-publish","format-standard","hentry","category-ferias-realizadas","count-0","even alt","author-","last"],"_links":{"self":[{"href":"http:\/\/cueroamerica.info\/wpnews\/wp-json\/wp\/v2\/posts\/20448","targetHints":{"allow":["GET"]}}],"collection":[{"href":"http:\/\/cueroamerica.info\/wpnews\/wp-json\/wp\/v2\/posts"}],"about":[{"href":"http:\/\/cueroamerica.info\/wpnews\/wp-json\/wp\/v2\/types\/post"}],"author":[{"embeddable":true,"href":"http:\/\/cueroamerica.info\/wpnews\/wp-json\/wp\/v2\/users\/4"}],"replies":[{"embeddable":true,"href":"http:\/\/cueroamerica.info\/wpnews\/wp-json\/wp\/v2\/comments?post=20448"}],"version-history":[{"count":2,"href":"http:\/\/cueroamerica.info\/wpnews\/wp-json\/wp\/v2\/posts\/20448\/revisions"}],"predecessor-version":[{"id":20453,"href":"http:\/\/cueroamerica.info\/wpnews\/wp-json\/wp\/v2\/posts\/20448\/revisions\/20453"}],"wp:attachment":[{"href":"http:\/\/cueroamerica.info\/wpnews\/wp-json\/wp\/v2\/media?parent=20448"}],"wp:term":[{"taxonomy":"category","embeddable":true,"href":"http:\/\/cueroamerica.info\/wpnews\/wp-json\/wp\/v2\/categories?post=20448"},{"taxonomy":"post_tag","embeddable":true,"href":"http:\/\/cueroamerica.info\/wpnews\/wp-json\/wp\/v2\/tags?post=20448"}],"curies":[{"name":"wp","href":"https:\/\/api.w.org\/{rel}","templated":true}]}}