{"id":20461,"date":"2022-09-29T12:54:09","date_gmt":"2022-09-29T12:54:09","guid":{"rendered":"http:\/\/cueroamerica.info\/wpnews\/?p=20461"},"modified":"2022-09-29T12:54:09","modified_gmt":"2022-09-29T12:54:09","slug":"la-ue-sigue-diciendo-que-el-cuero-esta-involucrado-en-el-problema-de-la-deforestacion","status":"publish","type":"post","link":"http:\/\/cueroamerica.info\/wpnews\/2022\/09\/la-ue-sigue-diciendo-que-el-cuero-esta-involucrado-en-el-problema-de-la-deforestacion\/","title":{"rendered":"La UE sigue diciendo que el cuero est\u00e1 involucrado en el problema de la deforestaci\u00f3n"},"content":{"rendered":"<div id=\"attachment_20459\" style=\"width: 255px\" class=\"wp-caption alignleft\"><a href=\"http:\/\/cueroamerica.info\/wpnews\/wp-content\/uploads\/2022\/09\/Incendio-en-El-Cerrado-Brasil.-_2-.jpg\"><img loading=\"lazy\" decoding=\"async\" aria-describedby=\"caption-attachment-20459\" class=\" wp-image-20459\" src=\"http:\/\/cueroamerica.info\/wpnews\/wp-content\/uploads\/2022\/09\/Incendio-en-El-Cerrado-Brasil.-_2--300x201.jpg\" alt=\"\" width=\"245\" height=\"164\" srcset=\"http:\/\/cueroamerica.info\/wpnews\/wp-content\/uploads\/2022\/09\/Incendio-en-El-Cerrado-Brasil.-_2--300x201.jpg 300w, http:\/\/cueroamerica.info\/wpnews\/wp-content\/uploads\/2022\/09\/Incendio-en-El-Cerrado-Brasil.-_2-.jpg 640w\" sizes=\"auto, (max-width: 245px) 100vw, 245px\" \/><\/a><p id=\"caption-attachment-20459\" class=\"wp-caption-text\">Incendio en El Cerrado, Brasil.<\/p><\/div>\n<p>La deforestaci\u00f3n del planeta es un problema candente y el Parlamento Europeo vot\u00f3 y decidi\u00f3 cu\u00e1les son los sectores que tienen un pasivo en esta cuesti\u00f3n ambiental. En la m\u00e1s reciente votaci\u00f3n \u2013a mediados de septiembre- los eurodiputados votaron por escasa mayor\u00eda que se debe incluir a la industria del cuero entre las industrias involucradas en esta cuesti\u00f3n.<\/p>\n<p>Esta situaci\u00f3n claramente errada e injusta gener\u00f3 una fuerte respuesta de COTANCE, la entidad que representa a los curtidores europeos. Seg\u00fan esta federaci\u00f3n empresaria, muchos miembros del Parlamento Europeo que votaron en contra de una exenci\u00f3n para el cuero lo hicieron como resultado de caer en la trampa de una campa\u00f1a de \u2018lobbying\u2019 bien dise\u00f1ada por parte de organizaciones \u201cactivistas radicales\u201d. Denuncian que \u00e9stas difundieron mentiras y desinformaci\u00f3n, apuntando espec\u00edficamente al cuero.<\/p>\n<p><a href=\"http:\/\/cueroamerica.info\/wpnews\/wp-content\/uploads\/2022\/09\/Deforestacion-_-3a.jpg\"><img loading=\"lazy\" decoding=\"async\" class=\"wp-image-20460 alignright\" src=\"http:\/\/cueroamerica.info\/wpnews\/wp-content\/uploads\/2022\/09\/Deforestacion-_-3a-300x169.jpg\" alt=\"\" width=\"245\" height=\"138\" srcset=\"http:\/\/cueroamerica.info\/wpnews\/wp-content\/uploads\/2022\/09\/Deforestacion-_-3a-300x169.jpg 300w, http:\/\/cueroamerica.info\/wpnews\/wp-content\/uploads\/2022\/09\/Deforestacion-_-3a-1024x576.jpg 1024w, http:\/\/cueroamerica.info\/wpnews\/wp-content\/uploads\/2022\/09\/Deforestacion-_-3a-768x432.jpg 768w, http:\/\/cueroamerica.info\/wpnews\/wp-content\/uploads\/2022\/09\/Deforestacion-_-3a.jpg 1366w\" sizes=\"auto, (max-width: 245px) 100vw, 245px\" \/><\/a>COTANCE reaccion\u00f3 con decepci\u00f3n ante el resultado de la votaci\u00f3n, aunque ha se\u00f1alado que a\u00fan podr\u00edan surgir cambios en las propuestas de las conversaciones a puerta cerrada entre el Parlamento Europeo, la Comisi\u00f3n y el Consejo de la UE para finalizar la legislaci\u00f3n.<\/p>\n<p>Estas conversaciones tendr\u00e1n lugar antes de fines de este a\u00f1o y COTANCE dijo que todav\u00eda espera que una de las instituciones europeas defendiera el cuero.<\/p>\n<p>Como se ha dicho reiteradamente, el cuero es el resultado de la transformaci\u00f3n de un residuo que genera la producci\u00f3n de carne para consumo humano. Est\u00e1 absolutamente demostrado que la demanda de cuero no impulsa la producci\u00f3n ni el sacrificio de ganado y, por lo tanto, el cuero no puede considerarse como un factor de deforestaci\u00f3n. Por el contrario, la industria del curtido es una historia de \u00e9xito en reciclaje y pionera en la econom\u00eda circular.<\/p>\n<p><a href=\"http:\/\/cueroamerica.info\/wpnews\/wp-content\/uploads\/2022\/09\/boi-gordo-divulgacao-.jpg\"><img loading=\"lazy\" decoding=\"async\" class=\"alignleft wp-image-20458\" src=\"http:\/\/cueroamerica.info\/wpnews\/wp-content\/uploads\/2022\/09\/boi-gordo-divulgacao--300x168.jpg\" alt=\"\" width=\"243\" height=\"136\" srcset=\"http:\/\/cueroamerica.info\/wpnews\/wp-content\/uploads\/2022\/09\/boi-gordo-divulgacao--300x168.jpg 300w, http:\/\/cueroamerica.info\/wpnews\/wp-content\/uploads\/2022\/09\/boi-gordo-divulgacao--768x429.jpg 768w, http:\/\/cueroamerica.info\/wpnews\/wp-content\/uploads\/2022\/09\/boi-gordo-divulgacao-.jpg 805w\" sizes=\"auto, (max-width: 243px) 100vw, 243px\" \/><\/a>Seg\u00fan los curtidores europeos, con esta actitud de desconocimiento de la realidad, la UE simplemente est\u00e1 fortaleciendo a la industria de otras regiones y la adici\u00f3n de valor en terceros pa\u00edses y empujando a la industria de la Europa a trasladarse al extranjero.<\/p>\n<p>COTANCE apunta que las consecuencias de esta legislaci\u00f3n afectar\u00e1n a\u00fan m\u00e1s el mercado abierto de materias primas de cuero, que ya est\u00e1 muy distorsionado por las restricciones a la exportaci\u00f3n implementadas en aproximadamente el 60% de la disponibilidad global.<\/p>\n<p>\u201cEs probable que el efecto sobre los precios de las materias primas y el cuero sea devastador, pero la Comisi\u00f3n Europea nunca evalu\u00f3 el impacto de esto, como se debe estudiar antes de cualquier legislaci\u00f3n.<\/p>\n<p>Los requisitos de diligencia debida que deber\u00e1n implementar los operadores europeos de la industria del cuero constituyen un desaf\u00edo para las pymes del sector y ponen en riesgo hasta 450.000 puestos de trabajo en la cadena de valor europea del cuero.<br \/>\n&#8212;&#8212;&#8212;&#8212;&#8212;&#8212;&#8212;&#8212;&#8212;&#8212;&#8212;&#8212;&#8212;&#8212;&#8212;&#8212;&#8212;&#8212;&#8212;&#8212;&#8211;<br \/>\nLeather Insiderts \/ Cotance \/ CueroAm\u00e9rica<\/p>\n<p>&#8212;&#8212;&#8212;&#8212;&#8212;&#8212;&#8212;&#8212;&#8212;&#8212;&#8212;&#8212;&#8212;&#8212;&#8212;&#8211;<br \/>\nPara comunicarse con CueroAm\u00e9rica: <span style=\"color: #3366ff;\"><a style=\"color: #3366ff;\" href=\"mailto:contacto@cueroamerica.com\">contacto@cueroamerica.com<\/a><\/span><\/p>\n<table>\n<tbody>\n<tr>\n<td width=\"300\">\n<div align=\"center\"><a href=\"http:\/\/bit.ly\/2pK7Osm\" target=\"_blank\" rel=\"noopener\"><img loading=\"lazy\" decoding=\"async\" src=\"\/img\/publicidad\/aviso-units2020.gif\" alt=\"\" width=\"300\" height=\"201\" border=\"0\" \/><\/a><\/div>\n<\/td>\n<td width=\"171\">\n<div align=\"center\"><a href=\"https:\/\/quimser.com\/eco-curtido-2\/?lang=es\" target=\"_blank\" rel=\"noopener\"><img loading=\"lazy\" decoding=\"async\" src=\"\/img\/publicidad\/2021\/quimser-esp--300x200.png\" alt=\"\" width=\"300\" height=\"200\" \/><\/a><\/div>\n<\/td>\n<\/tr>\n<\/tbody>\n<\/table>\n","protected":false},"excerpt":{"rendered":"<p>La deforestaci\u00f3n del planeta es un problema candente y el Parlamento Europeo vot\u00f3 y decidi\u00f3 cu\u00e1les son los sectores que tienen un pasivo en esta cuesti\u00f3n ambiental. En la m\u00e1s reciente votaci\u00f3n \u2013a mediados de septiembre- los eurodiputados votaron por escasa mayor\u00eda que se debe incluir a la industria del cuero entre las industrias involucradas [&hellip;]<\/p>\n","protected":false},"author":4,"featured_media":0,"comment_status":"closed","ping_status":"closed","sticky":false,"template":"","format":"standard","meta":{"footnotes":""},"categories":[59,63],"tags":[],"class_list":["post-20461","post","type-post","status-publish","format-standard","hentry","category-medio-ambiente","category-noticias-de-europa","count-0","even alt","author-","last"],"_links":{"self":[{"href":"http:\/\/cueroamerica.info\/wpnews\/wp-json\/wp\/v2\/posts\/20461","targetHints":{"allow":["GET"]}}],"collection":[{"href":"http:\/\/cueroamerica.info\/wpnews\/wp-json\/wp\/v2\/posts"}],"about":[{"href":"http:\/\/cueroamerica.info\/wpnews\/wp-json\/wp\/v2\/types\/post"}],"author":[{"embeddable":true,"href":"http:\/\/cueroamerica.info\/wpnews\/wp-json\/wp\/v2\/users\/4"}],"replies":[{"embeddable":true,"href":"http:\/\/cueroamerica.info\/wpnews\/wp-json\/wp\/v2\/comments?post=20461"}],"version-history":[{"count":1,"href":"http:\/\/cueroamerica.info\/wpnews\/wp-json\/wp\/v2\/posts\/20461\/revisions"}],"predecessor-version":[{"id":20462,"href":"http:\/\/cueroamerica.info\/wpnews\/wp-json\/wp\/v2\/posts\/20461\/revisions\/20462"}],"wp:attachment":[{"href":"http:\/\/cueroamerica.info\/wpnews\/wp-json\/wp\/v2\/media?parent=20461"}],"wp:term":[{"taxonomy":"category","embeddable":true,"href":"http:\/\/cueroamerica.info\/wpnews\/wp-json\/wp\/v2\/categories?post=20461"},{"taxonomy":"post_tag","embeddable":true,"href":"http:\/\/cueroamerica.info\/wpnews\/wp-json\/wp\/v2\/tags?post=20461"}],"curies":[{"name":"wp","href":"https:\/\/api.w.org\/{rel}","templated":true}]}}