{"id":20467,"date":"2022-09-29T13:25:49","date_gmt":"2022-09-29T13:25:49","guid":{"rendered":"http:\/\/cueroamerica.info\/wpnews\/?p=20467"},"modified":"2022-09-29T13:25:49","modified_gmt":"2022-09-29T13:25:49","slug":"simac-tanning-tech-mostro-las-novedades-en-tecnologia-y-tuvo-enorme-convocatoria","status":"publish","type":"post","link":"http:\/\/cueroamerica.info\/wpnews\/2022\/09\/simac-tanning-tech-mostro-las-novedades-en-tecnologia-y-tuvo-enorme-convocatoria\/","title":{"rendered":"Simac Tanning Tech mostr\u00f3 las novedades en tecnolog\u00eda y tuvo enorme convocatoria"},"content":{"rendered":"<p>La importante feria de maquinaria y tecnolog\u00eda para el sector cuero y calzado recibi\u00f3 un 57% m\u00e1s de visitantes que en su edici\u00f3n anterior. El evento se desarroll\u00f3 en el predio Fiera Milano entre el 21 y 23 de septiembre y convoc\u00f3 a m\u00e1s de 4.000 compradores de varias partes del mundo.<\/p>\n<table>\n<tbody>\n<tr>\n<td><a href=\"http:\/\/cueroamerica.info\/wpnews\/wp-content\/uploads\/2022\/09\/SIMAC-.jpg\"><img loading=\"lazy\" decoding=\"async\" class=\" wp-image-20465 aligncenter\" src=\"http:\/\/cueroamerica.info\/wpnews\/wp-content\/uploads\/2022\/09\/SIMAC--300x188.jpg\" alt=\"\" width=\"268\" height=\"168\" srcset=\"http:\/\/cueroamerica.info\/wpnews\/wp-content\/uploads\/2022\/09\/SIMAC--300x188.jpg 300w, http:\/\/cueroamerica.info\/wpnews\/wp-content\/uploads\/2022\/09\/SIMAC--1024x640.jpg 1024w, http:\/\/cueroamerica.info\/wpnews\/wp-content\/uploads\/2022\/09\/SIMAC--768x480.jpg 768w, http:\/\/cueroamerica.info\/wpnews\/wp-content\/uploads\/2022\/09\/SIMAC-.jpg 1040w\" sizes=\"auto, (max-width: 268px) 100vw, 268px\" \/><\/a><\/td>\n<td><a href=\"http:\/\/cueroamerica.info\/wpnews\/wp-content\/uploads\/2022\/09\/IMG_9662-1.jpg\"><img loading=\"lazy\" decoding=\"async\" class=\" wp-image-20464 aligncenter\" src=\"http:\/\/cueroamerica.info\/wpnews\/wp-content\/uploads\/2022\/09\/IMG_9662-1-300x225.jpg\" alt=\"\" width=\"224\" height=\"168\" srcset=\"http:\/\/cueroamerica.info\/wpnews\/wp-content\/uploads\/2022\/09\/IMG_9662-1-300x225.jpg 300w, http:\/\/cueroamerica.info\/wpnews\/wp-content\/uploads\/2022\/09\/IMG_9662-1-768x576.jpg 768w, http:\/\/cueroamerica.info\/wpnews\/wp-content\/uploads\/2022\/09\/IMG_9662-1.jpg 980w\" sizes=\"auto, (max-width: 224px) 100vw, 224px\" \/><\/a><\/td>\n<\/tr>\n<\/tbody>\n<\/table>\n<p>En la exposici\u00f3n, que cubri\u00f3 una superficie de 13.000 m2, se exhibieron las \u00faltimas soluciones tecnol\u00f3gicas para la industria en un ambiente propicio para la concreci\u00f3n de negocios. Compradores de Turqu\u00eda, Francia, Alemania, Portugal, Brasil, M\u00e9xico, Espa\u00f1a e India entre otras naciones colmaron los stands de la feria que confirm\u00f3, una vez m\u00e1s, que lidera el ranking de importancia en este tipo de eventos.<\/p>\n<p>Adem\u00e1s del impresionante despliegue de maquinaria que pod\u00eda verse en la exposici\u00f3n, Simac Tanning Tech ofreci\u00f3 un espacio de networking con el objetivo de vincular a los miembros de la industria y generar un engagement posterior al evento. Dentro del ciclo Assomac Talks se ofrecieron dos conferencias sobre el desaf\u00edo de las cadenas de suministro frente a la sostenibilidad y los nuevos m\u00e9todos de prueba de CTC.<\/p>\n<table>\n<tbody>\n<tr>\n<td><a href=\"http:\/\/cueroamerica.info\/wpnews\/wp-content\/uploads\/2022\/09\/SIMAC-.jpg\"><img loading=\"lazy\" decoding=\"async\" class=\" wp-image-20465 aligncenter\" src=\"http:\/\/cueroamerica.info\/wpnews\/wp-content\/uploads\/2022\/09\/SIMAC--300x188.jpg\" alt=\"\" width=\"267\" height=\"167\" srcset=\"http:\/\/cueroamerica.info\/wpnews\/wp-content\/uploads\/2022\/09\/SIMAC--300x188.jpg 300w, http:\/\/cueroamerica.info\/wpnews\/wp-content\/uploads\/2022\/09\/SIMAC--1024x640.jpg 1024w, http:\/\/cueroamerica.info\/wpnews\/wp-content\/uploads\/2022\/09\/SIMAC--768x480.jpg 768w, http:\/\/cueroamerica.info\/wpnews\/wp-content\/uploads\/2022\/09\/SIMAC-.jpg 1040w\" sizes=\"auto, (max-width: 267px) 100vw, 267px\" \/><\/a><\/td>\n<td><a href=\"http:\/\/cueroamerica.info\/wpnews\/wp-content\/uploads\/2022\/09\/7-.jpg\"><img loading=\"lazy\" decoding=\"async\" class=\" wp-image-20463 aligncenter\" src=\"http:\/\/cueroamerica.info\/wpnews\/wp-content\/uploads\/2022\/09\/7--300x200.jpg\" alt=\"\" width=\"249\" height=\"166\" srcset=\"http:\/\/cueroamerica.info\/wpnews\/wp-content\/uploads\/2022\/09\/7--300x200.jpg 300w, http:\/\/cueroamerica.info\/wpnews\/wp-content\/uploads\/2022\/09\/7--1024x683.jpg 1024w, http:\/\/cueroamerica.info\/wpnews\/wp-content\/uploads\/2022\/09\/7--768x512.jpg 768w, http:\/\/cueroamerica.info\/wpnews\/wp-content\/uploads\/2022\/09\/7--1536x1024.jpg 1536w, http:\/\/cueroamerica.info\/wpnews\/wp-content\/uploads\/2022\/09\/7-.jpg 1920w\" sizes=\"auto, (max-width: 249px) 100vw, 249px\" \/><\/a><\/td>\n<\/tr>\n<\/tbody>\n<\/table>\n<p>La tercera semana de septiembre trajo d\u00edas intensos en Mil\u00e1n porque la feria de maquinarias coincidi\u00f3 con las ediciones de Micam y Lineapelle. Estos reconocidos eventos convocaron gran cantidad de visitantes y generaron una sinergia que benefici\u00f3 tanto a las exposiciones que vieron aumentar el n\u00famero de visitas, como a los compradores que pod\u00edan conocer las \u00faltimas innovaciones en toda la cadena de suministro en un solo predio.<br \/>\n&#8212;&#8212;&#8212;&#8212;&#8212;&#8212;&#8212;&#8212;&#8212;&#8212;&#8212;&#8212;&#8212;-<br \/>\nASSOMAC \/ CueroAm\u00e9rica<\/p>\n<p>&#8212;&#8212;&#8212;&#8212;&#8212;&#8212;&#8212;&#8212;&#8212;&#8212;&#8212;&#8212;&#8212;&#8212;&#8212;&#8211;<br \/>\nPara comunicarse con CueroAm\u00e9rica: <span style=\"color: #3366ff;\"><a style=\"color: #3366ff;\" href=\"mailto:contacto@cueroamerica.com\">contacto@cueroamerica.com<\/a><\/span><\/p>\n<table>\n<tbody>\n<tr>\n<td width=\"300\">\n<div align=\"center\"><a href=\"https:\/\/www.aplf.com\/aplf-asean-special-edition\/\" target=\"_blank\" rel=\"noopener\"><img loading=\"lazy\" decoding=\"async\" src=\"\/img\/publicidad\/2022\/APLF22_ASEAN_banner_300x200px.png\" width=\"300\" height=\"200\" \/><\/a><\/div>\n<\/td>\n<td width=\"171\">\n<div align=\"center\"><a href=\"https:\/\/www.smitzoon.com\/en\/\" target=\"_blank\" rel=\"noopener\"><img loading=\"lazy\" decoding=\"async\" src=\"\/img\/publicidad\/21-06__smitzoon.gif\" alt=\"\" width=\"300\" height=\"200\" border=\"0\" \/><\/a><\/div>\n<\/td>\n<\/tr>\n<\/tbody>\n<\/table>\n","protected":false},"excerpt":{"rendered":"<p>La importante feria de maquinaria y tecnolog\u00eda para el sector cuero y calzado recibi\u00f3 un 57% m\u00e1s de visitantes que en su edici\u00f3n anterior. El evento se desarroll\u00f3 en el predio Fiera Milano entre el 21 y 23 de septiembre y convoc\u00f3 a m\u00e1s de 4.000 compradores de varias partes del mundo. En la exposici\u00f3n, [&hellip;]<\/p>\n","protected":false},"author":4,"featured_media":0,"comment_status":"closed","ping_status":"closed","sticky":false,"template":"","format":"standard","meta":{"footnotes":""},"categories":[66],"tags":[],"class_list":["post-20467","post","type-post","status-publish","format-standard","hentry","category-ferias-realizadas","count-0","even alt","author-","last"],"_links":{"self":[{"href":"http:\/\/cueroamerica.info\/wpnews\/wp-json\/wp\/v2\/posts\/20467","targetHints":{"allow":["GET"]}}],"collection":[{"href":"http:\/\/cueroamerica.info\/wpnews\/wp-json\/wp\/v2\/posts"}],"about":[{"href":"http:\/\/cueroamerica.info\/wpnews\/wp-json\/wp\/v2\/types\/post"}],"author":[{"embeddable":true,"href":"http:\/\/cueroamerica.info\/wpnews\/wp-json\/wp\/v2\/users\/4"}],"replies":[{"embeddable":true,"href":"http:\/\/cueroamerica.info\/wpnews\/wp-json\/wp\/v2\/comments?post=20467"}],"version-history":[{"count":6,"href":"http:\/\/cueroamerica.info\/wpnews\/wp-json\/wp\/v2\/posts\/20467\/revisions"}],"predecessor-version":[{"id":20473,"href":"http:\/\/cueroamerica.info\/wpnews\/wp-json\/wp\/v2\/posts\/20467\/revisions\/20473"}],"wp:attachment":[{"href":"http:\/\/cueroamerica.info\/wpnews\/wp-json\/wp\/v2\/media?parent=20467"}],"wp:term":[{"taxonomy":"category","embeddable":true,"href":"http:\/\/cueroamerica.info\/wpnews\/wp-json\/wp\/v2\/categories?post=20467"},{"taxonomy":"post_tag","embeddable":true,"href":"http:\/\/cueroamerica.info\/wpnews\/wp-json\/wp\/v2\/tags?post=20467"}],"curies":[{"name":"wp","href":"https:\/\/api.w.org\/{rel}","templated":true}]}}