{"id":20577,"date":"2022-10-18T13:37:39","date_gmt":"2022-10-18T13:37:39","guid":{"rendered":"http:\/\/cueroamerica.info\/wpnews\/?p=20577"},"modified":"2022-10-18T13:37:39","modified_gmt":"2022-10-18T13:37:39","slug":"expo-riva-schuh-gardabags-ya-confirmo-cuando-se-llevaran-a-cabo-sus-dos-ediciones-2023","status":"publish","type":"post","link":"http:\/\/cueroamerica.info\/wpnews\/2022\/10\/expo-riva-schuh-gardabags-ya-confirmo-cuando-se-llevaran-a-cabo-sus-dos-ediciones-2023\/","title":{"rendered":"Expo Riva Schuh &#038; Gardabags ya confirm\u00f3 cu\u00e1ndo se llevar\u00e1n a cabo sus dos ediciones 2023"},"content":{"rendered":"<p><a href=\"http:\/\/cueroamerica.info\/wpnews\/wp-content\/uploads\/2022\/10\/2-.jpg\"><img loading=\"lazy\" decoding=\"async\" class=\"alignleft wp-image-20558\" src=\"http:\/\/cueroamerica.info\/wpnews\/wp-content\/uploads\/2022\/10\/2--300x200.jpg\" alt=\"\" width=\"245\" height=\"163\" srcset=\"http:\/\/cueroamerica.info\/wpnews\/wp-content\/uploads\/2022\/10\/2--300x200.jpg 300w, http:\/\/cueroamerica.info\/wpnews\/wp-content\/uploads\/2022\/10\/2--1024x683.jpg 1024w, http:\/\/cueroamerica.info\/wpnews\/wp-content\/uploads\/2022\/10\/2--768x512.jpg 768w, http:\/\/cueroamerica.info\/wpnews\/wp-content\/uploads\/2022\/10\/2-.jpg 1200w\" sizes=\"auto, (max-width: 245px) 100vw, 245px\" \/><\/a>La feria internacional de calzado y la de accesorios de cuero confirmaron que sus pr\u00f3ximas ediciones se realizar\u00e1n del 14 al 17 de enero de 2023 y del 17 al 20 de junio de 2023 en Riva del Garda, Italia. La organizaci\u00f3n ya cerr\u00f3 acuerdos con delegaciones de Asia, Europa y Am\u00e9rica.<\/p>\n<p>Luego del \u00e9xito de su \u00faltima convocatoria que atrajo a visitantes de m\u00e1s de cien pa\u00edses y expositores de 41 naciones, las ferias Expo Riva Schuh &amp; Gardabags ya confirmaron el cronograma para el pr\u00f3ximo a\u00f1o. Las ediciones 98\u00b0 y 99\u00b0de ambas exposiciones comenzar\u00e1n el 17 de enero y 20 de junio respectivamente. La cita para conocer las novedades de las temporadas de oto\u00f1o-invierno 2023\/24 y primavera-verano 2024, ser\u00e1, como ya es habitual, en Riva del Garda, Italia.<\/p>\n<p><a href=\"http:\/\/cueroamerica.info\/wpnews\/wp-content\/uploads\/2022\/10\/ExpoRivaSchuh_Jan2022_23a.jpg\"><img loading=\"lazy\" decoding=\"async\" class=\" wp-image-20567 alignright\" src=\"http:\/\/cueroamerica.info\/wpnews\/wp-content\/uploads\/2022\/10\/ExpoRivaSchuh_Jan2022_23a-300x200.jpg\" alt=\"\" width=\"245\" height=\"163\" srcset=\"http:\/\/cueroamerica.info\/wpnews\/wp-content\/uploads\/2022\/10\/ExpoRivaSchuh_Jan2022_23a-300x200.jpg 300w, http:\/\/cueroamerica.info\/wpnews\/wp-content\/uploads\/2022\/10\/ExpoRivaSchuh_Jan2022_23a-1024x684.jpg 1024w, http:\/\/cueroamerica.info\/wpnews\/wp-content\/uploads\/2022\/10\/ExpoRivaSchuh_Jan2022_23a-768x513.jpg 768w, http:\/\/cueroamerica.info\/wpnews\/wp-content\/uploads\/2022\/10\/ExpoRivaSchuh_Jan2022_23a.jpg 1400w\" sizes=\"auto, (max-width: 245px) 100vw, 245px\" \/><\/a>Seg\u00fan acuerdos que la organizaci\u00f3n llev\u00f3 a cabo con varias delegaciones, los eventos contar\u00e1n con la presencia de compradores del Sudeste Asi\u00e1tico, India, Singapur, Indonesia y Malasia adem\u00e1s de visitantes de Estados Unidos, Canad\u00e1 y Am\u00e9rica Latina. Para la ocasi\u00f3n ya se han planificado una serie de iniciativas.<\/p>\n<p>En el \u201cHybrid Service\u201d participar\u00e1n varias empresas de China y otros pa\u00edses que a\u00fan tienen los viajes restringidos por la pandemia. El Innovation Village Retail le dar\u00e1 visibilidad a las start-ups emergentes y en el sector \u201cSustainability\u201d se mostrar\u00e1 el trabajo de las empresas que invierten en pro de la sustentabilidad y la \u00e9tica.<\/p>\n<p><a href=\"http:\/\/cueroamerica.info\/wpnews\/wp-content\/uploads\/2022\/10\/Expo-Riva-Schuh-Gardabags-Riva-del-Garda1.jpg\"><img loading=\"lazy\" decoding=\"async\" class=\"alignleft wp-image-20568\" src=\"http:\/\/cueroamerica.info\/wpnews\/wp-content\/uploads\/2022\/10\/Expo-Riva-Schuh-Gardabags-Riva-del-Garda1-300x161.jpg\" alt=\"\" width=\"229\" height=\"123\" srcset=\"http:\/\/cueroamerica.info\/wpnews\/wp-content\/uploads\/2022\/10\/Expo-Riva-Schuh-Gardabags-Riva-del-Garda1-300x161.jpg 300w, http:\/\/cueroamerica.info\/wpnews\/wp-content\/uploads\/2022\/10\/Expo-Riva-Schuh-Gardabags-Riva-del-Garda1.jpg 700w\" sizes=\"auto, (max-width: 229px) 100vw, 229px\" \/><\/a>En los distintos salones que habr\u00e1 durante los cuatro d\u00edas de actividad se expondr\u00e1n calzado de volumen y marcas de valor; creaciones \u201cmade in Italy\u201d, abastecimiento internacional con expositores de China, India, Am\u00e9rica del Sur y Turqu\u00eda como principales oferentes y colecciones elegantes de ocio y deportivas junto a productos para el hogar y el p\u00fablico infantil.<\/p>\n<p>Alessandra Albarelli, gerente de Riva del Garda Fierecongressi afirm\u00f3 que \u201cla nuestra ya no es \u201csolo\u201d una feria comercial, sino una red virtuosa de profesionales experimentados capaces de interpretar, anticipar y gestionar los cambios que se est\u00e1n produciendo actualmente\u201d. La directiva agreg\u00f3 que \u201cla industria de los accesorios est\u00e1 buscando nuevas fuentes de aprovisionamiento y socios con capacidades de producci\u00f3n que puedan cumplir con diversos requisitos en t\u00e9rminos de cantidad, precio y estilo\u201d.<\/p>\n<p><a href=\"http:\/\/cueroamerica.info\/wpnews\/wp-content\/uploads\/2022\/10\/ExpoRivaSchuh_Jan2022_19a.jpg\"><img loading=\"lazy\" decoding=\"async\" class=\" wp-image-20565 alignright\" src=\"http:\/\/cueroamerica.info\/wpnews\/wp-content\/uploads\/2022\/10\/ExpoRivaSchuh_Jan2022_19a-300x200.jpg\" alt=\"\" width=\"218\" height=\"145\" srcset=\"http:\/\/cueroamerica.info\/wpnews\/wp-content\/uploads\/2022\/10\/ExpoRivaSchuh_Jan2022_19a-300x200.jpg 300w, http:\/\/cueroamerica.info\/wpnews\/wp-content\/uploads\/2022\/10\/ExpoRivaSchuh_Jan2022_19a-1024x683.jpg 1024w, http:\/\/cueroamerica.info\/wpnews\/wp-content\/uploads\/2022\/10\/ExpoRivaSchuh_Jan2022_19a-768x512.jpg 768w, http:\/\/cueroamerica.info\/wpnews\/wp-content\/uploads\/2022\/10\/ExpoRivaSchuh_Jan2022_19a.jpg 1400w\" sizes=\"auto, (max-width: 218px) 100vw, 218px\" \/><\/a>La organizaci\u00f3n apuesta fuertemente a aumentar la oferta internacional habitual en sus exposiciones. Para ello, contin\u00faan enfocados en los mercados extranjeros y promueven la participaci\u00f3n de marcas, contratistas y compradores de todos los continentes.<br \/>\n&#8212;&#8212;&#8212;&#8212;&#8212;&#8212;&#8212;&#8212;&#8212;&#8212;&#8212;&#8212;&#8212;&#8212;&#8212;<br \/>\nPinker Moda \/ CueroAm\u00e9rica<\/p>\n<p>&#8212;&#8212;&#8212;&#8212;&#8212;&#8212;&#8212;&#8212;&#8212;&#8212;&#8212;&#8212;&#8212;&#8212;&#8212;&#8211;<br \/>\nPara comunicarse con CueroAm\u00e9rica: <span style=\"color: #3366ff;\"><a style=\"color: #3366ff;\" href=\"mailto:contacto@cueroamerica.com\">contacto@cueroamerica.com<\/a><\/span><\/p>\n<table>\n<tbody>\n<tr>\n<td width=\"300\">\n<div align=\"center\"><a href=\"https:\/\/exporivaschuh.it\/en\" target=\"_blank\" rel=\"noopener\"><img loading=\"lazy\" decoding=\"async\" src=\"\/img\/publicidad\/2022\/ers-300x200_98ed.jpg\" alt=\"\" width=\"300\" height=\"200\" \/><\/a><\/div>\n<\/td>\n<td width=\"171\">\n<div align=\"center\"><a href=\"https:\/\/epson.com.ar\/Para-el-trabajo\/Impresoras\/Gran-Formato\/Impresora-Epson-SureColor-F10070\/p\/C11CF84202\" target=\"_blank\" rel=\"noopener\"><img loading=\"lazy\" decoding=\"async\" src=\"http:\/\/comunidadtextil.com\/publicidad\/epson\/2021\/21-11-banner-F10070H-300x200.jpg\" alt=\"\" width=\"300\" height=\"200\" border=\"0\" \/><\/a><\/div>\n<\/td>\n<\/tr>\n<\/tbody>\n<\/table>\n","protected":false},"excerpt":{"rendered":"<p>La feria internacional de calzado y la de accesorios de cuero confirmaron que sus pr\u00f3ximas ediciones se realizar\u00e1n del 14 al 17 de enero de 2023 y del 17 al 20 de junio de 2023 en Riva del Garda, Italia. La organizaci\u00f3n ya cerr\u00f3 acuerdos con delegaciones de Asia, Europa y Am\u00e9rica. Luego del \u00e9xito [&hellip;]<\/p>\n","protected":false},"author":4,"featured_media":0,"comment_status":"closed","ping_status":"closed","sticky":false,"template":"","format":"standard","meta":{"footnotes":""},"categories":[65],"tags":[],"class_list":["post-20577","post","type-post","status-publish","format-standard","hentry","category-ferias-proximas","count-0","even alt","author-","last"],"_links":{"self":[{"href":"http:\/\/cueroamerica.info\/wpnews\/wp-json\/wp\/v2\/posts\/20577","targetHints":{"allow":["GET"]}}],"collection":[{"href":"http:\/\/cueroamerica.info\/wpnews\/wp-json\/wp\/v2\/posts"}],"about":[{"href":"http:\/\/cueroamerica.info\/wpnews\/wp-json\/wp\/v2\/types\/post"}],"author":[{"embeddable":true,"href":"http:\/\/cueroamerica.info\/wpnews\/wp-json\/wp\/v2\/users\/4"}],"replies":[{"embeddable":true,"href":"http:\/\/cueroamerica.info\/wpnews\/wp-json\/wp\/v2\/comments?post=20577"}],"version-history":[{"count":4,"href":"http:\/\/cueroamerica.info\/wpnews\/wp-json\/wp\/v2\/posts\/20577\/revisions"}],"predecessor-version":[{"id":20581,"href":"http:\/\/cueroamerica.info\/wpnews\/wp-json\/wp\/v2\/posts\/20577\/revisions\/20581"}],"wp:attachment":[{"href":"http:\/\/cueroamerica.info\/wpnews\/wp-json\/wp\/v2\/media?parent=20577"}],"wp:term":[{"taxonomy":"category","embeddable":true,"href":"http:\/\/cueroamerica.info\/wpnews\/wp-json\/wp\/v2\/categories?post=20577"},{"taxonomy":"post_tag","embeddable":true,"href":"http:\/\/cueroamerica.info\/wpnews\/wp-json\/wp\/v2\/tags?post=20577"}],"curies":[{"name":"wp","href":"https:\/\/api.w.org\/{rel}","templated":true}]}}