{"id":20592,"date":"2022-10-18T14:27:15","date_gmt":"2022-10-18T14:27:15","guid":{"rendered":"http:\/\/cueroamerica.info\/wpnews\/?p=20592"},"modified":"2022-10-18T14:27:15","modified_gmt":"2022-10-18T14:27:15","slug":"a-pesar-de-la-fuerte-crisis-futurmoda-movilizo-al-sector-industrial-del-calzado-espanol","status":"publish","type":"post","link":"http:\/\/cueroamerica.info\/wpnews\/2022\/10\/a-pesar-de-la-fuerte-crisis-futurmoda-movilizo-al-sector-industrial-del-calzado-espanol\/","title":{"rendered":"A pesar de la fuerte crisis, Futurmoda moviliz\u00f3 al sector industrial del calzado espa\u00f1ol"},"content":{"rendered":"<p><a href=\"http:\/\/cueroamerica.info\/wpnews\/wp-content\/uploads\/2022\/10\/FUTURMODA-8-.jpg\"><img loading=\"lazy\" decoding=\"async\" class=\"alignleft wp-image-20550 \" src=\"http:\/\/cueroamerica.info\/wpnews\/wp-content\/uploads\/2022\/10\/FUTURMODA-8--e1666103087882-300x164.jpg\" alt=\"\" width=\"243\" height=\"133\" srcset=\"http:\/\/cueroamerica.info\/wpnews\/wp-content\/uploads\/2022\/10\/FUTURMODA-8--e1666103087882-300x164.jpg 300w, http:\/\/cueroamerica.info\/wpnews\/wp-content\/uploads\/2022\/10\/FUTURMODA-8--e1666103087882-1024x558.jpg 1024w, http:\/\/cueroamerica.info\/wpnews\/wp-content\/uploads\/2022\/10\/FUTURMODA-8--e1666103087882-768x419.jpg 768w, http:\/\/cueroamerica.info\/wpnews\/wp-content\/uploads\/2022\/10\/FUTURMODA-8--e1666103087882-1536x837.jpg 1536w, http:\/\/cueroamerica.info\/wpnews\/wp-content\/uploads\/2022\/10\/FUTURMODA-8--e1666103087882.jpg 1600w\" sizes=\"auto, (max-width: 243px) 100vw, 243px\" \/><\/a>Los d\u00edas 5 y 6 de octubre se realiz\u00f3 Futurmoda, la feria espa\u00f1ola de materias primas y componentes para calzado y marroquiner\u00eda. Al cierre, sus organizadores informaron que en ambas jornadas se registr\u00f3 un gran movimiento de visitantes y, seg\u00fan los expositores, en los stands trabaj\u00f3 a pleno en todo momento.<\/p>\n<p>La feria, que es organizada por la Asociaci\u00f3n Espa\u00f1ola de Componentes (AEC) revel\u00f3 que tanto los expositores como los visitantes de Futurmoda manifestaron su satisfacci\u00f3n con los resultados. Confirmaron que se superaron sus expectativas, aunque \u00e9stas eran muy prudentes teniendo en cuenta la coyuntura internacional y los problemas generados por los aumentos en costos de la energ\u00eda y la inflaci\u00f3n.<\/p>\n<div id=\"attachment_20549\" style=\"width: 251px\" class=\"wp-caption alignright\"><a href=\"http:\/\/cueroamerica.info\/wpnews\/wp-content\/uploads\/2022\/10\/Alvaro-Sanchez-director-ejecutivo-y-Manuel-Roman-Presidente-de-AEC..jpg\"><img loading=\"lazy\" decoding=\"async\" aria-describedby=\"caption-attachment-20549\" class=\" wp-image-20549\" src=\"http:\/\/cueroamerica.info\/wpnews\/wp-content\/uploads\/2022\/10\/Alvaro-Sanchez-director-ejecutivo-y-Manuel-Roman-Presidente-de-AEC.-300x197.jpg\" alt=\"\" width=\"241\" height=\"158\" srcset=\"http:\/\/cueroamerica.info\/wpnews\/wp-content\/uploads\/2022\/10\/Alvaro-Sanchez-director-ejecutivo-y-Manuel-Roman-Presidente-de-AEC.-300x197.jpg 300w, http:\/\/cueroamerica.info\/wpnews\/wp-content\/uploads\/2022\/10\/Alvaro-Sanchez-director-ejecutivo-y-Manuel-Roman-Presidente-de-AEC.-1024x673.jpg 1024w, http:\/\/cueroamerica.info\/wpnews\/wp-content\/uploads\/2022\/10\/Alvaro-Sanchez-director-ejecutivo-y-Manuel-Roman-Presidente-de-AEC.-768x505.jpg 768w, http:\/\/cueroamerica.info\/wpnews\/wp-content\/uploads\/2022\/10\/Alvaro-Sanchez-director-ejecutivo-y-Manuel-Roman-Presidente-de-AEC..jpg 1200w\" sizes=\"auto, (max-width: 241px) 100vw, 241px\" \/><\/a><p id=\"caption-attachment-20549\" class=\"wp-caption-text\">Alvaro S\u00e1nchez, director ejecutivo y Manuel Rom\u00e1n, Presidente de AEC.<\/p><\/div>\n<p>El presidente de Futurmoda, Jos\u00e9 Antonio Ibarra, coment\u00f3 que el balance es \u201cfrancamente positivo\u201d, que el sal\u00f3n ha reunido a mucha gente y a representantes de empresas locales y extranjeros. Ibarra asegur\u00f3 que los expositores, tanto de pieles, como prefabricados y de cualquier otro producto, concluyeron la feria satisfechos por los resultados. \u201cHan tenido much\u00edsimas visitas de sus clientes habituales, pero adem\u00e1s de visitantes nuevos que se interesan por descubrir las nuevas tendencias para poder crear sus colecciones\u201d, inform\u00f3 el directivo.<\/p>\n<p>En relaci\u00f3n a los problemas de falta de mano de obra calificada en el sector, Ibarra opina que \u201ces fundamental que haya un entendimiento entre gobierno, industria de componentes y de calzado para seguir creando empleo, seguir manteniendo el prestigio de la marca Made in Spain\u201d.<\/p>\n<p><a href=\"http:\/\/cueroamerica.info\/wpnews\/wp-content\/uploads\/2022\/10\/FUTURMODA-6-.jpg\"><img loading=\"lazy\" decoding=\"async\" class=\"alignleft wp-image-20551\" src=\"http:\/\/cueroamerica.info\/wpnews\/wp-content\/uploads\/2022\/10\/FUTURMODA-6--300x200.jpg\" alt=\"\" width=\"243\" height=\"162\" srcset=\"http:\/\/cueroamerica.info\/wpnews\/wp-content\/uploads\/2022\/10\/FUTURMODA-6--300x200.jpg 300w, http:\/\/cueroamerica.info\/wpnews\/wp-content\/uploads\/2022\/10\/FUTURMODA-6--1024x684.jpg 1024w, http:\/\/cueroamerica.info\/wpnews\/wp-content\/uploads\/2022\/10\/FUTURMODA-6--768x513.jpg 768w, http:\/\/cueroamerica.info\/wpnews\/wp-content\/uploads\/2022\/10\/FUTURMODA-6--1536x1025.jpg 1536w, http:\/\/cueroamerica.info\/wpnews\/wp-content\/uploads\/2022\/10\/FUTURMODA-6-.jpg 1600w\" sizes=\"auto, (max-width: 243px) 100vw, 243px\" \/><\/a>En esta edici\u00f3n de Futurmoda se ha puesto de manifiesto la importancia de la sostenibilidad en el sector. En este sentido Ibarra afirma que el sector apuesta por lo sostenible a pesar de tener un mayor costo. Asimismo apunta que la industria espa\u00f1ola esta \u201cmanteniendo la l\u00ednea de calzado de calidad medio-alta\u201d.<\/p>\n<p>En esta edici\u00f3n la atenci\u00f3n en Futurmoda estuvo puesta en gran medida hacia todo lo relacionado con el medio ambiente, lo ecol\u00f3gico y la econom\u00eda circular ha centrado. As\u00ed, por ejemplo, el espacio Green Planet fue uno de los espacios de la feria con m\u00e1s afluencia, tanto de visitantes como de los mismos expositores. Este espacio se ha convertido en un lugar emblem\u00e1tico dentro de Futurmoda, en el que m\u00e1s de un centenar de empresas mostraron las apuestas por la sostenibilidad, el respeto al medio ambiente y la econom\u00eda circular.<br \/>\n&#8212;&#8212;&#8212;&#8212;&#8212;&#8212;&#8212;&#8212;&#8212;&#8212;&#8212;&#8212;&#8212;&#8212;&#8211;<br \/>\nPinkerModa \/ CueroAm\u00e9rica<br \/>\n&#8212;&#8212;&#8212;&#8212;&#8212;&#8212;&#8212;&#8212;&#8212;&#8212;&#8212;&#8212;&#8212;&#8212;&#8212;&#8211;<br \/>\nPara comunicarse con CueroAm\u00e9rica: <span style=\"color: #3366ff;\"><a style=\"color: #3366ff;\" href=\"mailto:contacto@cueroamerica.com\">contacto@cueroamerica.com<\/a><\/span><\/p>\n<table>\n<tbody>\n<tr>\n<td width=\"300\">\n<div align=\"center\"><a href=\"https:\/\/exporivaschuh.it\/en\" target=\"_blank\" rel=\"noopener\"><img loading=\"lazy\" decoding=\"async\" src=\"\/img\/publicidad\/2022\/ers-300x200_98ed.jpg\" alt=\"\" width=\"300\" height=\"200\" \/><\/a><\/div>\n<\/td>\n<td width=\"171\">\n<div align=\"center\"><a href=\"https:\/\/www.aplf.com\/aplf-dubai-2023\/\" target=\"_blank\" rel=\"noopener\"><img loading=\"lazy\" decoding=\"async\" src=\"\/img\/publicidad\/2022\/Materials+2023_banner_300x200px.png\" alt=\"\" width=\"300\" height=\"200\" \/><\/a><\/div>\n<\/td>\n<\/tr>\n<\/tbody>\n<\/table>\n","protected":false},"excerpt":{"rendered":"<p>Los d\u00edas 5 y 6 de octubre se realiz\u00f3 Futurmoda, la feria espa\u00f1ola de materias primas y componentes para calzado y marroquiner\u00eda. Al cierre, sus organizadores informaron que en ambas jornadas se registr\u00f3 un gran movimiento de visitantes y, seg\u00fan los expositores, en los stands trabaj\u00f3 a pleno en todo momento. La feria, que es [&hellip;]<\/p>\n","protected":false},"author":4,"featured_media":0,"comment_status":"closed","ping_status":"closed","sticky":false,"template":"","format":"standard","meta":{"footnotes":""},"categories":[66],"tags":[],"class_list":["post-20592","post","type-post","status-publish","format-standard","hentry","category-ferias-realizadas","count-0","even alt","author-","last"],"_links":{"self":[{"href":"http:\/\/cueroamerica.info\/wpnews\/wp-json\/wp\/v2\/posts\/20592","targetHints":{"allow":["GET"]}}],"collection":[{"href":"http:\/\/cueroamerica.info\/wpnews\/wp-json\/wp\/v2\/posts"}],"about":[{"href":"http:\/\/cueroamerica.info\/wpnews\/wp-json\/wp\/v2\/types\/post"}],"author":[{"embeddable":true,"href":"http:\/\/cueroamerica.info\/wpnews\/wp-json\/wp\/v2\/users\/4"}],"replies":[{"embeddable":true,"href":"http:\/\/cueroamerica.info\/wpnews\/wp-json\/wp\/v2\/comments?post=20592"}],"version-history":[{"count":1,"href":"http:\/\/cueroamerica.info\/wpnews\/wp-json\/wp\/v2\/posts\/20592\/revisions"}],"predecessor-version":[{"id":20593,"href":"http:\/\/cueroamerica.info\/wpnews\/wp-json\/wp\/v2\/posts\/20592\/revisions\/20593"}],"wp:attachment":[{"href":"http:\/\/cueroamerica.info\/wpnews\/wp-json\/wp\/v2\/media?parent=20592"}],"wp:term":[{"taxonomy":"category","embeddable":true,"href":"http:\/\/cueroamerica.info\/wpnews\/wp-json\/wp\/v2\/categories?post=20592"},{"taxonomy":"post_tag","embeddable":true,"href":"http:\/\/cueroamerica.info\/wpnews\/wp-json\/wp\/v2\/tags?post=20592"}],"curies":[{"name":"wp","href":"https:\/\/api.w.org\/{rel}","templated":true}]}}